{"id":12173,"date":"2024-12-19T20:48:06","date_gmt":"2024-12-19T20:48:06","guid":{"rendered":"https:\/\/www.radiolimari.cl\/?p=12173"},"modified":"2024-12-19T20:48:07","modified_gmt":"2024-12-19T20:48:07","slug":"en-ovalle-autoridades-de-gobierno-realizaron-el-lanzamiento-de-la-campana-de-prevencion-de-incendios","status":"publish","type":"post","link":"https:\/\/www.radiolimari.cl\/?p=12173","title":{"rendered":"En Ovalle, autoridades de Gobierno realizaron el lanzamiento de la campa\u00f1a de prevenci\u00f3n  de incendios."},"content":{"rendered":"\n<figure class=\"wp-block-image size-large\"><a href=\"https:\/\/www.radiolimari.cl\/wp-content\/uploads\/2024\/12\/IMG-20241219-WA0005.jpg\"><img fetchpriority=\"high\" decoding=\"async\" width=\"1024\" height=\"683\" src=\"https:\/\/www.radiolimari.cl\/wp-content\/uploads\/2024\/12\/IMG-20241219-WA0005-1024x683.jpg\" alt=\"\" class=\"wp-image-12174\" srcset=\"https:\/\/www.radiolimari.cl\/wp-content\/uploads\/2024\/12\/IMG-20241219-WA0005-1024x683.jpg 1024w, https:\/\/www.radiolimari.cl\/wp-content\/uploads\/2024\/12\/IMG-20241219-WA0005-300x200.jpg 300w, https:\/\/www.radiolimari.cl\/wp-content\/uploads\/2024\/12\/IMG-20241219-WA0005-768x512.jpg 768w, https:\/\/www.radiolimari.cl\/wp-content\/uploads\/2024\/12\/IMG-20241219-WA0005-1536x1024.jpg 1536w, https:\/\/www.radiolimari.cl\/wp-content\/uploads\/2024\/12\/IMG-20241219-WA0005.jpg 1599w\" sizes=\"(max-width: 1024px) 100vw, 1024px\" \/><\/a><\/figure>\n\n\n\n<p>Aumenta n\u00famero de brigadistas para combatir incendios forestales en la Regi\u00f3n de Coquimbo. <\/p>\n\n\n\n<p>Las autoridades insistieron en la prevenci\u00f3n y a la denuncia, a trav\u00e9s del fono *4242 para evitar tragedias como las ocurridas en otras regiones del pa\u00eds.<\/p>\n\n\n\n<p>De acuerdo a la Direcci\u00f3n Meteorol\u00f3gica de Chile, varias regiones, entre ellas la Regi\u00f3n de Coquimbo, experimentar\u00e1n altas temperaturas. Condiciones para que se susciten los incendios forestales y por ello es que el Gobierno ha intensificado el llamado a la ciudadan\u00eda a prevenir, ya que m\u00e1s del 99% de los incendios son generados por causa humana.<\/p>\n\n\n\n<p>Desde la comuna de Ovalle, autoridades de Gobierno realizaron el lanzamiento de la campa\u00f1a de prevenci\u00f3n de incendios, haciendo hincapi\u00e9 en la inversi\u00f3n hist\u00f3rica que ha hecho el Gobierno del Presidente Gabriel Boric en t\u00e9rminos de recursos para contar con capacidades de reacci\u00f3n ante estas emergencias.<\/p>\n\n\n\n<p>Al respecto, la Subsecretaria de Servicios Sociales, Francisca Gallegos, indic\u00f3 que \u201cesto se traduce en m\u00e1s de 156 mil millones de pesos para desplegar a lo largo de todo el territorio nacional, cerca de 3 mil brigadistas, m\u00e1s de 300 brigadas, 77 aeronaves y tambi\u00e9n la reposici\u00f3n de un avi\u00f3n que se siniestr\u00f3 el a\u00f1o pasado, con una capacidad de m\u00e1s de 3 mil litros de agua. Estamos desplegados actualmente en todas las regiones del territorio nacional para poder informar sobre el lanzamiento del plan preventivo de incendios forestales pero necesitamos el compromiso ciudadano tambi\u00e9n para prevenir estos incendios forestales que muchas veces tenemos que lamentar\u201d.<\/p>\n\n\n\n<p>A nivel regional, al 16 de diciembre se han registrado 27 incendios con una afectaci\u00f3n de 287,3 hect\u00e1reas. Para esta temporada, se dispuso de 8 brigadas de combate, 4 camiones aljibe, 1 aeronave dispuesto en el aer\u00f3dromo El Tuqu\u00ed, Ovalle, logrando alcanzar un aproximado de 102 brigadistas, que sumado a la dotaci\u00f3n permanente de CONAF, totalizan aproximadamente 121 personas dedicadas al combate y prevenci\u00f3n de incendios forestales en la regi\u00f3n. Gracias a la contrataci\u00f3n de servicios de helic\u00f3pteros para CONAF, se ha podido reducir casi en un 90% la superficie quemada, y tambi\u00e9n para actuar con rapidez ante la ocurrencia de estos eventos.<\/p>\n\n\n\n<p>El Delegado Presidencial Regional, Galo Luna Penna, sostuvo que \u201cnosotros queremos hacer y reforzar el llamado a la prevenci\u00f3n, el 99,7% de los incendios forestales tiene un origen, una causa humana por descuido o por intencionalidad y para nosotros es fundamental que la comunidad tome conciencia y tambi\u00e9n de los da\u00f1os que esto puede provocar y algo muy importante que hoy d\u00eda este tipo de situaciones, como provocar un incendio forestal es un delito que tiene penas efectivas, penas de c\u00e1rcel\u201d.<\/p>\n\n\n\n<p>El Gobierno y el Ministerio de Agricultura, tienen una acci\u00f3n coordinada en t\u00e9rminos de establecer, en los momentos de mayor peligrosidad, que es la combinaci\u00f3n entre viento, temperatura y humedad, alertas especiales para ejecutar acciones de mitigaci\u00f3n y combate de las llamas.<\/p>\n\n\n\n<p>En este sentido, el Director Regional de la Corporaci\u00f3n Nacional Forestal CONAF, Ricardo Guti\u00e9rrez, explic\u00f3 que \u201cen la regi\u00f3n, la comuna con mayor cantidad de incendios, es Ovalle. Respecto de las superficies, las mayores son afectadas en la Provincia del Choapa. Justamente, como tenemos todo el catastro de la mayor concurrencia de incendios, es que la base de brigada y el helic\u00f3ptero est\u00e1n ubicados ac\u00e1 en el aer\u00f3dromo de Tuqu\u00ed (\u2026) El da\u00f1o que puede hacer un incendio est\u00e1 relacionado directamente con el tiempo de ataque. Mientras m\u00e1s r\u00e1pido nosotros tengamos la informaci\u00f3n y la ubicaci\u00f3n del incendio, seguramente menos va a ser el da\u00f1o que este cause\u201d.<\/p>\n\n\n\n<p>Seg\u00fan el catastro de CONAF, fueron 81 los incendios forestales que se registraron en toda la regi\u00f3n durante la \u00faltima temporada, 32 en la Provincia de Elqui, 16 en Choapa y 33 en Limar\u00ed, siendo Ovalle la comuna con m\u00e1s siniestros. Al respecto, el alcalde de Ovalle, H\u00e9ctor Vega se\u00f1al\u00f3 que \u201ceste fue un a\u00f1o lluvioso para Ovalle y hubo muchos pastizales que hoy en d\u00eda se transforman en material combustible. Entonces, el trabajo que est\u00e1n haciendo en torno a la prevenci\u00f3n, de no botar cigarrillos, no botar vidrios en las calles, yo creo que es clave. Es en la prevenci\u00f3n es donde tenemos que trabajar\u201d.<\/p>\n\n\n\n<p>BOT\u00d3N ROJO<\/p>\n\n\n\n<p>Cabe destacar que en este periodo, de mayor riesgo de incendios forestales, se contar\u00e1 nuevamente con el Bot\u00f3n Rojo de CONAF, un sistema predictivo de alerta para enfrentar estos siniestros y que actualmente est\u00e1 activo desde la regi\u00f3n de Coquimbo hasta La Araucan\u00eda. Este sistema tecnol\u00f3gico es de vital importancia, ya que permite adelantarse a estos catastr\u00f3ficos escenarios y pone en alerta a las instituciones.<\/p>\n\n\n\n<p>Sobre la importancia de este sistema, \u00c1ngelo Hern\u00e1ndez, Director Regional SENAPRED sostuvo que \u201ceste bot\u00f3n rojo es una alerta sobre todo si hay condiciones de viento de alta intensidad, altas temperaturas y muy baja humedad, que son las condiciones propicias para que se desarrolle este tipo de eventos. Por lo cual, este bot\u00f3n rojo est\u00e1 presente y se va a extender hasta este domingo. Es importante que la comunidad tenga conocimiento de esto para que incremente las medidas preventivas para evitar cualquier foco de incendio, no solo el forestal\u201d.<\/p>\n\n\n\n<p>Finalmente, Humberto Silva, Punto Focal Regional de Bomberos de Chile insisti\u00f3 en la prevenci\u00f3n para evitar tragedias. \u201cEn esta regi\u00f3n yo dir\u00eda que el 100% de los incendios forestales son de origen antr\u00f3pico. Hay una serie de factores que pueden ocasionar un incendio forestal, pero m\u00e1s que una botella, m\u00e1s que una colilla de cigarrillo que aduce claramente a la irresponsabilidad humana, nosotros apuntamos a la prevenci\u00f3n y a la conciencia de lo que es tener una regi\u00f3n en condici\u00f3n de sequ\u00eda\u201d.<\/p>\n","protected":false},"excerpt":{"rendered":"<p>Aumenta n\u00famero de brigadistas para combatir incendios forestales en la Regi\u00f3n de Coquimbo. Las autoridades insistieron en la prevenci\u00f3n y a la denuncia, a trav\u00e9s del fono *4242 para evitar tragedias como las ocurridas en otras regiones del pa\u00eds. De acuerdo a la Direcci\u00f3n Meteorol\u00f3gica de Chile, varias regiones, entre ellas la Regi\u00f3n de Coquimbo, &#8230;<\/p>\n","protected":false},"author":2,"featured_media":12174,"comment_status":"open","ping_status":"open","sticky":false,"template":"","format":"standard","meta":{"footnotes":""},"categories":[5],"tags":[],"class_list":["post-12173","post","type-post","status-publish","format-standard","has-post-thumbnail","hentry","category-actualidad-limarina"],"_links":{"self":[{"href":"https:\/\/www.radiolimari.cl\/index.php?rest_route=\/wp\/v2\/posts\/12173","targetHints":{"allow":["GET"]}}],"collection":[{"href":"https:\/\/www.radiolimari.cl\/index.php?rest_route=\/wp\/v2\/posts"}],"about":[{"href":"https:\/\/www.radiolimari.cl\/index.php?rest_route=\/wp\/v2\/types\/post"}],"author":[{"embeddable":true,"href":"https:\/\/www.radiolimari.cl\/index.php?rest_route=\/wp\/v2\/users\/2"}],"replies":[{"embeddable":true,"href":"https:\/\/www.radiolimari.cl\/index.php?rest_route=%2Fwp%2Fv2%2Fcomments&post=12173"}],"version-history":[{"count":1,"href":"https:\/\/www.radiolimari.cl\/index.php?rest_route=\/wp\/v2\/posts\/12173\/revisions"}],"predecessor-version":[{"id":12175,"href":"https:\/\/www.radiolimari.cl\/index.php?rest_route=\/wp\/v2\/posts\/12173\/revisions\/12175"}],"wp:featuredmedia":[{"embeddable":true,"href":"https:\/\/www.radiolimari.cl\/index.php?rest_route=\/wp\/v2\/media\/12174"}],"wp:attachment":[{"href":"https:\/\/www.radiolimari.cl\/index.php?rest_route=%2Fwp%2Fv2%2Fmedia&parent=12173"}],"wp:term":[{"taxonomy":"category","embeddable":true,"href":"https:\/\/www.radiolimari.cl\/index.php?rest_route=%2Fwp%2Fv2%2Fcategories&post=12173"},{"taxonomy":"post_tag","embeddable":true,"href":"https:\/\/www.radiolimari.cl\/index.php?rest_route=%2Fwp%2Fv2%2Ftags&post=12173"}],"curies":[{"name":"wp","href":"https:\/\/api.w.org\/{rel}","templated":true}]}}