{"id":12170,"date":"2024-12-16T21:26:33","date_gmt":"2024-12-16T21:26:33","guid":{"rendered":"https:\/\/www.radiolimari.cl\/?p=12170"},"modified":"2024-12-16T21:26:34","modified_gmt":"2024-12-16T21:26:34","slug":"la-comunidad-del-limari-mantiene-gran-expectativa-por-postulacion-de-deportes-ovalle-a-tercera-b","status":"publish","type":"post","link":"https:\/\/www.radiolimari.cl\/?p=12170","title":{"rendered":"La comunidad del Limari mantiene Gran expectativa por postulaci\u00f3n de Deportes Ovalle a Tercera B."},"content":{"rendered":"\n<figure class=\"wp-block-gallery has-nested-images columns-default is-cropped wp-block-gallery-1 is-layout-flex wp-block-gallery-is-layout-flex\">\n<figure class=\"wp-block-image size-large\"><a href=\"https:\/\/www.radiolimari.cl\/wp-content\/uploads\/2024\/12\/FB_IMG_1734384137881.jpg\"><img fetchpriority=\"high\" decoding=\"async\" width=\"819\" height=\"1024\" data-id=\"12171\" src=\"https:\/\/www.radiolimari.cl\/wp-content\/uploads\/2024\/12\/FB_IMG_1734384137881-819x1024.jpg\" alt=\"\" class=\"wp-image-12171\" srcset=\"https:\/\/www.radiolimari.cl\/wp-content\/uploads\/2024\/12\/FB_IMG_1734384137881-819x1024.jpg 819w, https:\/\/www.radiolimari.cl\/wp-content\/uploads\/2024\/12\/FB_IMG_1734384137881-240x300.jpg 240w, https:\/\/www.radiolimari.cl\/wp-content\/uploads\/2024\/12\/FB_IMG_1734384137881-768x960.jpg 768w, https:\/\/www.radiolimari.cl\/wp-content\/uploads\/2024\/12\/FB_IMG_1734384137881.jpg 1080w\" sizes=\"(max-width: 819px) 100vw, 819px\" \/><\/a><\/figure>\n<\/figure>\n\n\n\n<p><strong>La \u00faltima vez que \u201clos Verdes del Limar\u00ed\u201d participaron oficialmente de una competencia fue por el campeonato de Segunda Divisi\u00f3n en 2016, cuando fueron desafiliados por la ANFP. La dirigencia del hist\u00f3rico club ovallino espera atenta la decisi\u00f3n que podr\u00eda poner fin a ocho a\u00f1os de larga inactividad.<\/strong><\/p>\n\n\n\n<p>El 04 de junio de 2016 fue la \u00faltima vez que Club Deportes Ovalle disput\u00f3 un campeonato oficial. Ese d\u00eda cay\u00f3 3-1 como visitante frente a Lota Schwager por el torneo de Segunda Divisi\u00f3n. Pese a terminar el campeonato en la median\u00eda de la tabla de posiciones, los incumplimientos en el pago de cotizaciones al plantel por parte de la antigua dirigencia condenaron al CDO a ser expulsados del f\u00fatbol profesional por la ANFP.<\/p>\n\n\n\n<p>Ocho a\u00f1os m\u00e1s tarde, \u201cLos Verdes del Limar\u00ed\u201d aguardan expectantes por el anhelado retorno a la&nbsp;actividad, tras realizar en Santiago la postulaci\u00f3n a la Tercera B del f\u00fatbol chileno. Un grupo de dirigentes e hinchas lleg\u00f3 hasta la sede de ANFA para presentar los documentos respectivos, dentro de los que se incluye un vale vista de 3 millones correspondiente a la cuota de incorporaci\u00f3n y una boleta de garant\u00eda de $6.750.000.<\/p>\n\n\n\n<p>\u201cCumplimos con los requisitos y, tras un gran esfuerzo de dirigentes, hinchas y socios, hemos reunido el dinero solicitado para postular. Existe una gran expectativa de la comunidad ovallina por este posible y esperado regreso al f\u00fatbol. Ovalle ha sido hist\u00f3ricamente una tierra f\u00e9rtil de grandes deportistas y tiene un nombre en la historia del f\u00fatbol nacional, por lo que ser\u00eda una gran noticia dejar atr\u00e1s casi una d\u00e9cada de inactividad y retornar a la competencia\u201d, explic\u00f3 Luis Carlos Contreras, miembro del directorio del CDO.<\/p>\n\n\n\n<p>Durante los pr\u00f3ximos d\u00edas el directorio de la Asociaci\u00f3n Nacional de F\u00fatbol Amateur (ANFA) deber\u00eda comunicar si Deportes Ovalle ser\u00e1 parte del torneo de Tercera B durante 2025, mientras la dirigencia ovallina trabaja silenciosamente en un proyecto deportivo ante un posible regreso a la actividad.<\/p>\n\n\n\n<p>\u201cEstamos ilusionados y mesurados al mismo tiempo. Somos muchos ovallinos los que estamos tirando de este carro, trabajando fuerte y reencantando a los hinchas. Hemos podido ir congregando a socios, empresarios, instituciones y autoridades en torno a un proyecto serio y transparente. So\u00f1amos con volver a jugar en el Estadio Diaguita con nuestra gente, y esperamos tener ese regalo para esta navidad\u201d, a\u00f1adi\u00f3 el dirigente.&nbsp;<\/p>\n","protected":false},"excerpt":{"rendered":"<p>La \u00faltima vez que \u201clos Verdes del Limar\u00ed\u201d participaron oficialmente de una competencia fue por el campeonato de Segunda Divisi\u00f3n en 2016, cuando fueron desafiliados por la ANFP. La dirigencia del hist\u00f3rico club ovallino espera atenta la decisi\u00f3n que podr\u00eda poner fin a ocho a\u00f1os de larga inactividad. El 04 de junio de 2016 fue &#8230;<\/p>\n","protected":false},"author":2,"featured_media":12171,"comment_status":"open","ping_status":"open","sticky":false,"template":"","format":"standard","meta":{"footnotes":""},"categories":[3],"tags":[],"class_list":["post-12170","post","type-post","status-publish","format-standard","has-post-thumbnail","hentry","category-actualidad"],"_links":{"self":[{"href":"https:\/\/www.radiolimari.cl\/index.php?rest_route=\/wp\/v2\/posts\/12170","targetHints":{"allow":["GET"]}}],"collection":[{"href":"https:\/\/www.radiolimari.cl\/index.php?rest_route=\/wp\/v2\/posts"}],"about":[{"href":"https:\/\/www.radiolimari.cl\/index.php?rest_route=\/wp\/v2\/types\/post"}],"author":[{"embeddable":true,"href":"https:\/\/www.radiolimari.cl\/index.php?rest_route=\/wp\/v2\/users\/2"}],"replies":[{"embeddable":true,"href":"https:\/\/www.radiolimari.cl\/index.php?rest_route=%2Fwp%2Fv2%2Fcomments&post=12170"}],"version-history":[{"count":1,"href":"https:\/\/www.radiolimari.cl\/index.php?rest_route=\/wp\/v2\/posts\/12170\/revisions"}],"predecessor-version":[{"id":12172,"href":"https:\/\/www.radiolimari.cl\/index.php?rest_route=\/wp\/v2\/posts\/12170\/revisions\/12172"}],"wp:featuredmedia":[{"embeddable":true,"href":"https:\/\/www.radiolimari.cl\/index.php?rest_route=\/wp\/v2\/media\/12171"}],"wp:attachment":[{"href":"https:\/\/www.radiolimari.cl\/index.php?rest_route=%2Fwp%2Fv2%2Fmedia&parent=12170"}],"wp:term":[{"taxonomy":"category","embeddable":true,"href":"https:\/\/www.radiolimari.cl\/index.php?rest_route=%2Fwp%2Fv2%2Fcategories&post=12170"},{"taxonomy":"post_tag","embeddable":true,"href":"https:\/\/www.radiolimari.cl\/index.php?rest_route=%2Fwp%2Fv2%2Ftags&post=12170"}],"curies":[{"name":"wp","href":"https:\/\/api.w.org\/{rel}","templated":true}]}}