{"id":12166,"date":"2024-12-16T17:27:16","date_gmt":"2024-12-16T17:27:16","guid":{"rendered":"https:\/\/www.radiolimari.cl\/?p=12166"},"modified":"2024-12-16T17:27:18","modified_gmt":"2024-12-16T17:27:18","slug":"en-ovalle-lanzan-plan-de-navidad-segura","status":"publish","type":"post","link":"https:\/\/www.radiolimari.cl\/?p=12166","title":{"rendered":"En Ovalle lanzan Plan de Navidad Segura"},"content":{"rendered":"\n<figure class=\"wp-block-gallery has-nested-images columns-default is-cropped wp-block-gallery-1 is-layout-flex wp-block-gallery-is-layout-flex\">\n<figure class=\"wp-block-image size-large\"><a href=\"https:\/\/www.radiolimari.cl\/wp-content\/uploads\/2024\/12\/NAVIDAD-SEGURA-3.jpeg\"><img fetchpriority=\"high\" decoding=\"async\" width=\"1024\" height=\"768\" data-id=\"12167\" src=\"https:\/\/www.radiolimari.cl\/wp-content\/uploads\/2024\/12\/NAVIDAD-SEGURA-3-1024x768.jpeg\" alt=\"\" class=\"wp-image-12167\" srcset=\"https:\/\/www.radiolimari.cl\/wp-content\/uploads\/2024\/12\/NAVIDAD-SEGURA-3-1024x768.jpeg 1024w, https:\/\/www.radiolimari.cl\/wp-content\/uploads\/2024\/12\/NAVIDAD-SEGURA-3-300x225.jpeg 300w, https:\/\/www.radiolimari.cl\/wp-content\/uploads\/2024\/12\/NAVIDAD-SEGURA-3-768x576.jpeg 768w, https:\/\/www.radiolimari.cl\/wp-content\/uploads\/2024\/12\/NAVIDAD-SEGURA-3-1536x1152.jpeg 1536w, https:\/\/www.radiolimari.cl\/wp-content\/uploads\/2024\/12\/NAVIDAD-SEGURA-3.jpeg 1600w\" sizes=\"(max-width: 1024px) 100vw, 1024px\" \/><\/a><\/figure>\n<\/figure>\n\n\n\n<p><strong><em>Servicio de reforzamiento se extender\u00e1 hasta fin de a\u00f1o<\/em><\/strong><\/p>\n\n\n\n<p>El delegado presidencial de Limar\u00ed, Eduardo Alcaya Cort\u00e9s, junto al alcalde de Ovalle, H\u00e9ctor Vega Campusano y Carabineros&nbsp; dieron inicio al Plan Navidad Segura, que consiste en un reforzamiento de labores preventivas y de fiscalizaci\u00f3n por parte carabineros y equipos municipales de seguridad, en sectores comerciales de gran concurrencia de p\u00fablico.<\/p>\n\n\n\n<p>La idea de este trabajo reforzado es entregar mayor tranquilidad a la ciudadan\u00eda en esta fecha de gran movimiento en el comercio, a trav\u00e9s de una respuesta m\u00e1s r\u00e1pida ante alg\u00fan delito, fiscalizando el comercio informal y constantes patrullajes preventivos de personal policial y de seguridad municipal.<\/p>\n\n\n\n<p>\u201cQueremos hacer un llamado a la ciudadan\u00eda. Queremos que sepan que cuentan con toda la disposici\u00f3n y el trabajo de nuestras autoridades policiales y de seguridad para estas fiestas. Pero tambi\u00e9n, requerimos de la colaboraci\u00f3n de todas y todos a trav\u00e9s de realizar denuncias cuando sean v\u00edctimas o testigos de un delito, con el autocuidado y prefiriendo el comercio formal y establecido. La seguridad la construimos entre todos\u201d, se\u00f1al\u00f3 el Delegado Presidencial Provincial de Limar\u00ed, Eduardo Alcayaga Cort\u00e9s.<\/p>\n\n\n\n<p>Dentro de las gestiones anunciadas en este plan se incluye la labor de carabineros que dispondr\u00e1 de un contingente extra en las calles en un periodo que se extiende hasta el 31 de diciembre del presente a\u00f1o.<\/p>\n\n\n\n<p>El alcalde de Ovalle, H\u00e9ctor Vega Campusano, se\u00f1al\u00f3 al respecto que \u00abhoy lanzamos el plan Navidad Segura, una iniciativa que refuerza los&nbsp; dispositivos de Carabineros y Seguridad Ciudadana en el centro y otros sectores estrat\u00e9gicos de Ovalle. Este despliegue busca proteger a nuestra comunidad en una \u00e9poca donde la actividad comercial aumenta significativamente, pero tambi\u00e9n el riesgo de delitos como robos en la v\u00eda p\u00fablica\u00bb.<\/p>\n\n\n\n<p>En cuanto al comercio ambulante, el jefe comunal agrega que \u00abasumimos el desaf\u00edo de buscar soluciones definitivas. Queremos conformar una mesa de trabajo el pr\u00f3ximo a\u00f1o para abordar esta problem\u00e1tica que lleva a\u00f1os afectando a nuestra comuna. Los comerciantes con permisos seguir\u00e1n operando, pero evaluaremos c\u00f3mo formalizar y reubicar a quienes ejercen esta actividad por necesidad, brind\u00e1ndoles alternativas dignas\u00bb.<\/p>\n\n\n\n<p>Por parte de Carabineros, Osvaldo Gonz\u00e1lez Subprefecto de los Servicios de Carabineros de la prefectura Limar\u00ed, indic\u00f3 que \u201cCarabineros se encuentra desplegado con todo su contingente en las calles especialmente del centro de la ciudad en distintas laboras preventivas. Tambi\u00e9n esta acci\u00f3n busca reducir el comercio informal y todos los delitos que conlleva. Este servicio especialmente reforzado lo llevamos adelante con el apoyo de las autoridades y tambi\u00e9n del municipio\u201d.<strong><\/strong><\/p>\n","protected":false},"excerpt":{"rendered":"<p>Servicio de reforzamiento se extender\u00e1 hasta fin de a\u00f1o El delegado presidencial de Limar\u00ed, Eduardo Alcaya Cort\u00e9s, junto al alcalde de Ovalle, H\u00e9ctor Vega Campusano y Carabineros&nbsp; dieron inicio al Plan Navidad Segura, que consiste en un reforzamiento de labores preventivas y de fiscalizaci\u00f3n por parte carabineros y equipos municipales de seguridad, en sectores comerciales &#8230;<\/p>\n","protected":false},"author":2,"featured_media":12167,"comment_status":"open","ping_status":"open","sticky":false,"template":"","format":"standard","meta":{"footnotes":""},"categories":[5],"tags":[],"class_list":["post-12166","post","type-post","status-publish","format-standard","has-post-thumbnail","hentry","category-actualidad-limarina"],"_links":{"self":[{"href":"https:\/\/www.radiolimari.cl\/index.php?rest_route=\/wp\/v2\/posts\/12166","targetHints":{"allow":["GET"]}}],"collection":[{"href":"https:\/\/www.radiolimari.cl\/index.php?rest_route=\/wp\/v2\/posts"}],"about":[{"href":"https:\/\/www.radiolimari.cl\/index.php?rest_route=\/wp\/v2\/types\/post"}],"author":[{"embeddable":true,"href":"https:\/\/www.radiolimari.cl\/index.php?rest_route=\/wp\/v2\/users\/2"}],"replies":[{"embeddable":true,"href":"https:\/\/www.radiolimari.cl\/index.php?rest_route=%2Fwp%2Fv2%2Fcomments&post=12166"}],"version-history":[{"count":1,"href":"https:\/\/www.radiolimari.cl\/index.php?rest_route=\/wp\/v2\/posts\/12166\/revisions"}],"predecessor-version":[{"id":12168,"href":"https:\/\/www.radiolimari.cl\/index.php?rest_route=\/wp\/v2\/posts\/12166\/revisions\/12168"}],"wp:featuredmedia":[{"embeddable":true,"href":"https:\/\/www.radiolimari.cl\/index.php?rest_route=\/wp\/v2\/media\/12167"}],"wp:attachment":[{"href":"https:\/\/www.radiolimari.cl\/index.php?rest_route=%2Fwp%2Fv2%2Fmedia&parent=12166"}],"wp:term":[{"taxonomy":"category","embeddable":true,"href":"https:\/\/www.radiolimari.cl\/index.php?rest_route=%2Fwp%2Fv2%2Fcategories&post=12166"},{"taxonomy":"post_tag","embeddable":true,"href":"https:\/\/www.radiolimari.cl\/index.php?rest_route=%2Fwp%2Fv2%2Ftags&post=12166"}],"curies":[{"name":"wp","href":"https:\/\/api.w.org\/{rel}","templated":true}]}}