{"id":12161,"date":"2024-12-16T14:34:46","date_gmt":"2024-12-16T14:34:46","guid":{"rendered":"https:\/\/www.radiolimari.cl\/?p=12161"},"modified":"2024-12-16T14:34:46","modified_gmt":"2024-12-16T14:34:46","slug":"galeria-homero-martinez-salas-abre-su-convocatoria-para-el-2025","status":"publish","type":"post","link":"https:\/\/www.radiolimari.cl\/?p=12161","title":{"rendered":"GALERIA HOMERO MARTINEZ SALAS ABRE SU CONVOCATORIA PARA EL 2025"},"content":{"rendered":"\n<figure class=\"wp-block-gallery has-nested-images columns-default is-cropped wp-block-gallery-1 is-layout-flex wp-block-gallery-is-layout-flex\">\n<figure class=\"wp-block-image size-large\"><a href=\"https:\/\/www.radiolimari.cl\/wp-content\/uploads\/2024\/12\/GALERIA-HYMS-2025-UNITARIO-1-scaled.jpg\"><img fetchpriority=\"high\" decoding=\"async\" width=\"819\" height=\"1024\" data-id=\"12162\" src=\"https:\/\/www.radiolimari.cl\/wp-content\/uploads\/2024\/12\/GALERIA-HYMS-2025-UNITARIO-1-819x1024.jpg\" alt=\"\" class=\"wp-image-12162\" srcset=\"https:\/\/www.radiolimari.cl\/wp-content\/uploads\/2024\/12\/GALERIA-HYMS-2025-UNITARIO-1-819x1024.jpg 819w, https:\/\/www.radiolimari.cl\/wp-content\/uploads\/2024\/12\/GALERIA-HYMS-2025-UNITARIO-1-240x300.jpg 240w, https:\/\/www.radiolimari.cl\/wp-content\/uploads\/2024\/12\/GALERIA-HYMS-2025-UNITARIO-1-768x960.jpg 768w, https:\/\/www.radiolimari.cl\/wp-content\/uploads\/2024\/12\/GALERIA-HYMS-2025-UNITARIO-1-1229x1536.jpg 1229w, https:\/\/www.radiolimari.cl\/wp-content\/uploads\/2024\/12\/GALERIA-HYMS-2025-UNITARIO-1-1638x2048.jpg 1638w, https:\/\/www.radiolimari.cl\/wp-content\/uploads\/2024\/12\/GALERIA-HYMS-2025-UNITARIO-1-scaled.jpg 2048w\" sizes=\"(max-width: 819px) 100vw, 819px\" \/><\/a><\/figure>\n<\/figure>\n\n\n\n<p><\/p>\n\n\n\n<p>Como ya es costumbre, los primeros jueves de cada mes se da inicio a una nueva exposici\u00f3n en la galer\u00eda Homero Mart\u00ednez Salas, espacio en la ciudad de Ovalle dedicado a la exposici\u00f3n, apoyo, difusi\u00f3n y promoci\u00f3n de las artes visuales contempor\u00e1neas.<\/p>\n\n\n\n<p>Al cierre de este 2024, la Corporaci\u00f3n Cultural Municipal de Ovalle apertura su convocatoria para la galer\u00eda HMS 2025, donde se seleccionar\u00e1n 12 propuestas expositivas con un m\u00ednimo de 1 obra local, tanto individuales como colectivos, que formar\u00e1n parte del ciclo de exposiciones de enero a diciembre de 2025.<br>Para poder participar de esta convocatoria, los artistas deben enviar sus proyectos al correo nhermosilla@ccmo.cl, con el asunto: \u201cPostulaci\u00f3n Convocatoria Galer\u00eda HMS 2025\u201d.<br>GALER\u00cdA HOMERO MART\u00cdNEZ SALAS<br>La Galer\u00eda Homero Mart\u00ednez Salas abre sus puertas en el a\u00f1o 2008, proyect\u00e1ndose como un espacio para la exhibici\u00f3n y promoci\u00f3n de las artes visuales en la ciudad de Ovalle. A d\u00eda de hoy se perfila como uno de los lugares m\u00e1s importantes para el encuentro del quehacer art\u00edstico y cultural de la regi\u00f3n de Coquimbo, realiz\u00e1ndose de manera mensual muestras individuales y colectivas tanto de artistas locales como nacionales, pertenecientes a la escena de las artes visuales.<br>En este 2024, de las 12 exposiciones que se inauguraron en la galer\u00eda HMS a lo largo del a\u00f1o, 7 de ellas fueron creadas por artistas locales, lo que marca un hito importante para la CCMO y la difusi\u00f3n de las artes visuales creadas por autores limarinos.<br>\u201cNos quedan pocos d\u00edas para que puedan ser parte del proceso curatorial 2025 de la galer\u00eda HMS, una galer\u00eda con m\u00e1s de 15 a\u00f1os de funcionamiento ininterrumpido, que se ha convertido en un espacio para artistas emergentes como tambi\u00e9n para diversos artistas de trayectoria, en donde ponemos el enfoque en poder generar un espacio para la promoci\u00f3n de los diversos artistas de todo el pa\u00eds\u201d, se\u00f1al\u00f3 el director ejecutivo de la Corporaci\u00f3n Cultural Municipal de Ovalle, Ifman Huerta Saavedra, con respecto a la apertura de la convocatoria 2025.<br>C\u00d3MO PARTICIPAR DE LA CONVOCATORIA<br>Para el a\u00f1o 2025 se buscar\u00e1n propuestas sobre identidades territoriales, tensiones y transformaciones sociopol\u00edticas, fragmentos de la memoria, vanguardias y nuevas corrientes art\u00edsticas. Adem\u00e1s, los artistas deben incluir la siguiente informaci\u00f3n en la ficha de postulaci\u00f3n enviada al correo nhermosilla@ccmo.cl:<\/p>\n\n\n\n<ol class=\"wp-block-list\">\n<li>T\u00edtulo de la exposici\u00f3n: Indique el nombre de la exposici\u00f3n que postula.<\/li>\n\n\n\n<li>Biograf\u00eda del (de los) artista(s): Trayectoria, intereses, obras, proyectos, material en l\u00ednea de trabajos anteriores.<\/li>\n\n\n\n<li>Para poder participar de esta convocatoria, los artistas deben enviar sus proyectos al correo nhermosilla@ccmo.cl, con el asunto: \u201cPostulaci\u00f3n Convocatoria Galer\u00eda HMS 2025\u201d. Presentaci\u00f3n del proyecto: Descripci\u00f3n, preguntas claves, problem\u00e1ticas, visi\u00f3n art\u00edstica, referentes y\/o im\u00e1genes que ilustren el estado actual del proceso, proyecci\u00f3n del proyecto a mediano plazo.<\/li>\n\n\n\n<li>\u00bfPor qu\u00e9 Galer\u00eda HMS?: Cu\u00e9ntanos por qu\u00e9 te interesa venir a la ciudad de Ovalle y en particular a nuestra Galer\u00eda Homero Mart\u00ednez Salas.<\/li>\n\n\n\n<li>Financiamiento o apoyos: Menciona fuentes de financiamiento del proyecto y otras instituciones que lo apoyen, en el caso de que as\u00ed lo fuera.<\/li>\n\n\n\n<li>Datos de contacto: Nombre completo, direcci\u00f3n, RUT, correo electr\u00f3nico y tel\u00e9fono.<\/li>\n\n\n\n<li>Registro visual: Debe hacer env\u00edo de al menos 5 im\u00e1genes de la obra en alta resoluci\u00f3n (deben ser enviadas individualmente, no en el PDF).<br>Para m\u00e1s informaci\u00f3n visita la p\u00e1gina web de cultura.muniovalle.cl y chequea el apartado de Convocatoria HMS 2025, donde podr\u00e1n ver las bases, requisitos y dem\u00e1s informaci\u00f3n necesaria.<\/li>\n<\/ol>\n","protected":false},"excerpt":{"rendered":"<p>Como ya es costumbre, los primeros jueves de cada mes se da inicio a una nueva exposici\u00f3n en la galer\u00eda Homero Mart\u00ednez Salas, espacio en la ciudad de Ovalle dedicado a la exposici\u00f3n, apoyo, difusi\u00f3n y promoci\u00f3n de las artes visuales contempor\u00e1neas. Al cierre de este 2024, la Corporaci\u00f3n Cultural Municipal de Ovalle apertura su &#8230;<\/p>\n","protected":false},"author":2,"featured_media":12162,"comment_status":"open","ping_status":"open","sticky":false,"template":"","format":"standard","meta":{"footnotes":""},"categories":[5],"tags":[],"class_list":["post-12161","post","type-post","status-publish","format-standard","has-post-thumbnail","hentry","category-actualidad-limarina"],"_links":{"self":[{"href":"https:\/\/www.radiolimari.cl\/index.php?rest_route=\/wp\/v2\/posts\/12161","targetHints":{"allow":["GET"]}}],"collection":[{"href":"https:\/\/www.radiolimari.cl\/index.php?rest_route=\/wp\/v2\/posts"}],"about":[{"href":"https:\/\/www.radiolimari.cl\/index.php?rest_route=\/wp\/v2\/types\/post"}],"author":[{"embeddable":true,"href":"https:\/\/www.radiolimari.cl\/index.php?rest_route=\/wp\/v2\/users\/2"}],"replies":[{"embeddable":true,"href":"https:\/\/www.radiolimari.cl\/index.php?rest_route=%2Fwp%2Fv2%2Fcomments&post=12161"}],"version-history":[{"count":1,"href":"https:\/\/www.radiolimari.cl\/index.php?rest_route=\/wp\/v2\/posts\/12161\/revisions"}],"predecessor-version":[{"id":12163,"href":"https:\/\/www.radiolimari.cl\/index.php?rest_route=\/wp\/v2\/posts\/12161\/revisions\/12163"}],"wp:featuredmedia":[{"embeddable":true,"href":"https:\/\/www.radiolimari.cl\/index.php?rest_route=\/wp\/v2\/media\/12162"}],"wp:attachment":[{"href":"https:\/\/www.radiolimari.cl\/index.php?rest_route=%2Fwp%2Fv2%2Fmedia&parent=12161"}],"wp:term":[{"taxonomy":"category","embeddable":true,"href":"https:\/\/www.radiolimari.cl\/index.php?rest_route=%2Fwp%2Fv2%2Fcategories&post=12161"},{"taxonomy":"post_tag","embeddable":true,"href":"https:\/\/www.radiolimari.cl\/index.php?rest_route=%2Fwp%2Fv2%2Ftags&post=12161"}],"curies":[{"name":"wp","href":"https:\/\/api.w.org\/{rel}","templated":true}]}}