{"id":12155,"date":"2024-12-13T21:00:21","date_gmt":"2024-12-13T21:00:21","guid":{"rendered":"https:\/\/www.radiolimari.cl\/?p=12155"},"modified":"2024-12-13T21:00:21","modified_gmt":"2024-12-13T21:00:21","slug":"adultos-mayores-destacan-en-el-concurso-gastronomico-masterchef-senior-con-recetas-saludables","status":"publish","type":"post","link":"https:\/\/www.radiolimari.cl\/?p=12155","title":{"rendered":"Adultos mayores destacan en el concurso gastron\u00f3mico \u00abMasterchef Senior\u00bb con recetas saludables."},"content":{"rendered":"\n<figure class=\"wp-block-gallery has-nested-images columns-default is-cropped wp-block-gallery-1 is-layout-flex wp-block-gallery-is-layout-flex\">\n<figure class=\"wp-block-image size-large\"><a href=\"https:\/\/www.radiolimari.cl\/wp-content\/uploads\/2024\/12\/IMG_5035-scaled.jpg\"><img fetchpriority=\"high\" decoding=\"async\" width=\"1024\" height=\"683\" data-id=\"12156\" src=\"https:\/\/www.radiolimari.cl\/wp-content\/uploads\/2024\/12\/IMG_5035-1024x683.jpg\" alt=\"\" class=\"wp-image-12156\" srcset=\"https:\/\/www.radiolimari.cl\/wp-content\/uploads\/2024\/12\/IMG_5035-1024x683.jpg 1024w, https:\/\/www.radiolimari.cl\/wp-content\/uploads\/2024\/12\/IMG_5035-300x200.jpg 300w, https:\/\/www.radiolimari.cl\/wp-content\/uploads\/2024\/12\/IMG_5035-768x512.jpg 768w, https:\/\/www.radiolimari.cl\/wp-content\/uploads\/2024\/12\/IMG_5035-1536x1024.jpg 1536w, https:\/\/www.radiolimari.cl\/wp-content\/uploads\/2024\/12\/IMG_5035-2048x1365.jpg 2048w\" sizes=\"(max-width: 1024px) 100vw, 1024px\" \/><\/a><\/figure>\n<\/figure>\n\n\n\n<p><strong><em>La tem\u00e1tica de este a\u00f1o fue la preparaci\u00f3n de snacks navide\u00f1os saludables, y cont\u00f3 con la participaci\u00f3n de tres agrupaciones de adultos mayores<\/em><\/strong><\/p>\n\n\n\n<p>La sede social de San Juli\u00e1n se llen\u00f3 de creatividad y sabores saludables durante la tercera edici\u00f3n del concurso \u201cMasterchef Senior\u201d, organizado por el CECOSF Colonia de Limar\u00ed. La tem\u00e1tica de este a\u00f1o fue la preparaci\u00f3n de snacks navide\u00f1os saludables, y cont\u00f3 con la participaci\u00f3n de tres agrupaciones de adultos mayores:&nbsp;<strong>Las Brujitas de San Juli\u00e1n<\/strong>,&nbsp;<strong>Canitas al Aire de Limar\u00ed<\/strong>, y el&nbsp;<strong>Club de Adulto Mayor Amor y Paz del Villorrio de Talhu\u00e9n<\/strong>.<\/p>\n\n\n\n<p>Los equipos presentaron sus creaciones ante un jurado compuesto por expertos en gastronom\u00eda y representantes locales, quienes evaluaron los platillos seg\u00fan criterios de presentaci\u00f3n, degustaci\u00f3n y originalidad.<\/p>\n\n\n\n<p>El primer lugar fue para&nbsp;<strong>Canitas al Aire<\/strong>, con barritas energ\u00e9ticas de frutos secos y galletas de garbanzo. El segundo lugar lo obtuvo el&nbsp;<strong>Club Amor y Paz<\/strong>&nbsp;con una tarta de avena y zanahoria, mientras que el tercer puesto fue para&nbsp;<strong>Las Brujitas de San Juli\u00e1n<\/strong>, que prepararon un tronco navide\u00f1o proteico.<\/p>\n\n\n\n<p>Mat\u00edas Campos Pozo, gestor comunitario del CECOSF, destac\u00f3 que&nbsp;\u00abEste es el tercer a\u00f1o consecutivo de este concurso, y en esta oportunidad la tem\u00e1tica fue Snack Navide\u00f1o Saludable. Las agrupaciones de clubes de adultos mayores bajo nuestra jurisdicci\u00f3n participaron activamente, preparando platos saludables, en l\u00ednea con el objetivo del programa Cardiovascular, que promueve una alimentaci\u00f3n y estilo de vida m\u00e1s saludable\u00bb.<\/p>\n\n\n\n<p>Blanca Ram\u00edrez, presidenta de Las Brujitas, subray\u00f3 la importancia de estas actividades, ya que promueven alternativas saludables.&nbsp;\u201cBuscar alternativas de comida m\u00e1s sana, utilizando m\u00e1s verduras, frutas, que tengan prote\u00edna y tambi\u00e9n hacer como las frutas o las verduras del campo\u201d.<\/p>\n\n\n\n<p>El evento fue un espacio para celebrar la creatividad culinaria y el compromiso con h\u00e1bitos m\u00e1s saludables, al mismo tiempo que se reforzaron los lazos de comunidad y participaci\u00f3n.<\/p>\n","protected":false},"excerpt":{"rendered":"<p>La tem\u00e1tica de este a\u00f1o fue la preparaci\u00f3n de snacks navide\u00f1os saludables, y cont\u00f3 con la participaci\u00f3n de tres agrupaciones de adultos mayores La sede social de San Juli\u00e1n se llen\u00f3 de creatividad y sabores saludables durante la tercera edici\u00f3n del concurso \u201cMasterchef Senior\u201d, organizado por el CECOSF Colonia de Limar\u00ed. La tem\u00e1tica de este &#8230;<\/p>\n","protected":false},"author":2,"featured_media":12156,"comment_status":"open","ping_status":"open","sticky":false,"template":"","format":"standard","meta":{"footnotes":""},"categories":[5],"tags":[],"class_list":["post-12155","post","type-post","status-publish","format-standard","has-post-thumbnail","hentry","category-actualidad-limarina"],"_links":{"self":[{"href":"https:\/\/www.radiolimari.cl\/index.php?rest_route=\/wp\/v2\/posts\/12155","targetHints":{"allow":["GET"]}}],"collection":[{"href":"https:\/\/www.radiolimari.cl\/index.php?rest_route=\/wp\/v2\/posts"}],"about":[{"href":"https:\/\/www.radiolimari.cl\/index.php?rest_route=\/wp\/v2\/types\/post"}],"author":[{"embeddable":true,"href":"https:\/\/www.radiolimari.cl\/index.php?rest_route=\/wp\/v2\/users\/2"}],"replies":[{"embeddable":true,"href":"https:\/\/www.radiolimari.cl\/index.php?rest_route=%2Fwp%2Fv2%2Fcomments&post=12155"}],"version-history":[{"count":1,"href":"https:\/\/www.radiolimari.cl\/index.php?rest_route=\/wp\/v2\/posts\/12155\/revisions"}],"predecessor-version":[{"id":12157,"href":"https:\/\/www.radiolimari.cl\/index.php?rest_route=\/wp\/v2\/posts\/12155\/revisions\/12157"}],"wp:featuredmedia":[{"embeddable":true,"href":"https:\/\/www.radiolimari.cl\/index.php?rest_route=\/wp\/v2\/media\/12156"}],"wp:attachment":[{"href":"https:\/\/www.radiolimari.cl\/index.php?rest_route=%2Fwp%2Fv2%2Fmedia&parent=12155"}],"wp:term":[{"taxonomy":"category","embeddable":true,"href":"https:\/\/www.radiolimari.cl\/index.php?rest_route=%2Fwp%2Fv2%2Fcategories&post=12155"},{"taxonomy":"post_tag","embeddable":true,"href":"https:\/\/www.radiolimari.cl\/index.php?rest_route=%2Fwp%2Fv2%2Ftags&post=12155"}],"curies":[{"name":"wp","href":"https:\/\/api.w.org\/{rel}","templated":true}]}}