{"id":12119,"date":"2024-12-03T22:19:36","date_gmt":"2024-12-03T22:19:36","guid":{"rendered":"https:\/\/www.radiolimari.cl\/?p=12119"},"modified":"2024-12-03T22:19:37","modified_gmt":"2024-12-03T22:19:37","slug":"clinica-movil-de-la-serena-brinda-servicio-gratuito-en-la-avenida-del-mar","status":"publish","type":"post","link":"https:\/\/www.radiolimari.cl\/?p=12119","title":{"rendered":"Cl\u00ednica M\u00f3vil de La Serena brinda servicio gratuito en la Avenida del Mar."},"content":{"rendered":"\n<figure class=\"wp-block-gallery has-nested-images columns-default is-cropped wp-block-gallery-1 is-layout-flex wp-block-gallery-is-layout-flex\">\n<figure class=\"wp-block-image size-large\"><a href=\"https:\/\/www.radiolimari.cl\/wp-content\/uploads\/2024\/12\/IMG_1637.jpg\"><img fetchpriority=\"high\" decoding=\"async\" width=\"1024\" height=\"683\" data-id=\"12120\" src=\"https:\/\/www.radiolimari.cl\/wp-content\/uploads\/2024\/12\/IMG_1637-1024x683.jpg\" alt=\"\" class=\"wp-image-12120\" srcset=\"https:\/\/www.radiolimari.cl\/wp-content\/uploads\/2024\/12\/IMG_1637-1024x683.jpg 1024w, https:\/\/www.radiolimari.cl\/wp-content\/uploads\/2024\/12\/IMG_1637-300x200.jpg 300w, https:\/\/www.radiolimari.cl\/wp-content\/uploads\/2024\/12\/IMG_1637-768x512.jpg 768w, https:\/\/www.radiolimari.cl\/wp-content\/uploads\/2024\/12\/IMG_1637-1536x1024.jpg 1536w, https:\/\/www.radiolimari.cl\/wp-content\/uploads\/2024\/12\/IMG_1637.jpg 1920w\" sizes=\"(max-width: 1024px) 100vw, 1024px\" \/><\/a><\/figure>\n<\/figure>\n\n\n\n<p><strong>Durante todo el mes de diciembre, el dispositivo m\u00f3vil de la Corporaci\u00f3n Municipal Gabriel Gonz\u00e1lez Videla continuar\u00e1 con su importante labor preventiva.<\/strong><\/p>\n\n\n\n<p>En una nueva ubicaci\u00f3n y durante todo el mes de diciembre, de lunes a viernes, excepto festivos, funcionar\u00e1 la Cl\u00ednica M\u00f3vil de la Corporaci\u00f3n Municipal Gabriel Gonz\u00e1lez Videla.<\/p>\n\n\n\n<p>Vacunaci\u00f3n contra la influenza y COVID, adem\u00e1s de Papanicolaou, se estar\u00e1n realizando, de manera gratuita y en horario de 09:30 a 14:30 horas, en la Avenida del Mar, a un costado de la Delegaci\u00f3n Municipal.<\/p>\n\n\n\n<p>La enfermera Andrea Luengo explic\u00f3 que, respecto al PAP, este se lo podr\u00e1n realizar mujeres de entre 25 y 64 a\u00f1os, inscritas en FONASA o PRAIS, mientras que la vacunaci\u00f3n Covid est\u00e1 dirigida a p\u00fablico objetivo de la campa\u00f1a del MINSAL.<\/p>\n\n\n\n<p>En tanto, la inoculaci\u00f3n para prevenir la Influenza se encuentra abierta a p\u00fablico general.<\/p>\n\n\n\n<p>Desde la Corporaci\u00f3n Municipal y su Departamento de Salud reiteraron la invitaci\u00f3n a la comunidad a aprovechar esta nueva instancia, destinada a prevenir enfermedades y cuidar la salud.<\/p>\n","protected":false},"excerpt":{"rendered":"<p>Durante todo el mes de diciembre, el dispositivo m\u00f3vil de la Corporaci\u00f3n Municipal Gabriel Gonz\u00e1lez Videla continuar\u00e1 con su importante labor preventiva. En una nueva ubicaci\u00f3n y durante todo el mes de diciembre, de lunes a viernes, excepto festivos, funcionar\u00e1 la Cl\u00ednica M\u00f3vil de la Corporaci\u00f3n Municipal Gabriel Gonz\u00e1lez Videla. Vacunaci\u00f3n contra la influenza y &#8230;<\/p>\n","protected":false},"author":2,"featured_media":12120,"comment_status":"open","ping_status":"open","sticky":false,"template":"","format":"standard","meta":{"footnotes":""},"categories":[3],"tags":[],"class_list":["post-12119","post","type-post","status-publish","format-standard","has-post-thumbnail","hentry","category-actualidad"],"_links":{"self":[{"href":"https:\/\/www.radiolimari.cl\/index.php?rest_route=\/wp\/v2\/posts\/12119","targetHints":{"allow":["GET"]}}],"collection":[{"href":"https:\/\/www.radiolimari.cl\/index.php?rest_route=\/wp\/v2\/posts"}],"about":[{"href":"https:\/\/www.radiolimari.cl\/index.php?rest_route=\/wp\/v2\/types\/post"}],"author":[{"embeddable":true,"href":"https:\/\/www.radiolimari.cl\/index.php?rest_route=\/wp\/v2\/users\/2"}],"replies":[{"embeddable":true,"href":"https:\/\/www.radiolimari.cl\/index.php?rest_route=%2Fwp%2Fv2%2Fcomments&post=12119"}],"version-history":[{"count":1,"href":"https:\/\/www.radiolimari.cl\/index.php?rest_route=\/wp\/v2\/posts\/12119\/revisions"}],"predecessor-version":[{"id":12121,"href":"https:\/\/www.radiolimari.cl\/index.php?rest_route=\/wp\/v2\/posts\/12119\/revisions\/12121"}],"wp:featuredmedia":[{"embeddable":true,"href":"https:\/\/www.radiolimari.cl\/index.php?rest_route=\/wp\/v2\/media\/12120"}],"wp:attachment":[{"href":"https:\/\/www.radiolimari.cl\/index.php?rest_route=%2Fwp%2Fv2%2Fmedia&parent=12119"}],"wp:term":[{"taxonomy":"category","embeddable":true,"href":"https:\/\/www.radiolimari.cl\/index.php?rest_route=%2Fwp%2Fv2%2Fcategories&post=12119"},{"taxonomy":"post_tag","embeddable":true,"href":"https:\/\/www.radiolimari.cl\/index.php?rest_route=%2Fwp%2Fv2%2Ftags&post=12119"}],"curies":[{"name":"wp","href":"https:\/\/api.w.org\/{rel}","templated":true}]}}