{"id":12107,"date":"2024-11-29T15:28:04","date_gmt":"2024-11-29T15:28:04","guid":{"rendered":"https:\/\/www.radiolimari.cl\/?p=12107"},"modified":"2024-11-29T15:28:04","modified_gmt":"2024-11-29T15:28:04","slug":"paulina-mora-vocera-regional-de-coquimbo-el-presupuesto-2025-protege-los-derechos-y-consolida-los-avances-que-hemos-impulsado-como-gobierno","status":"publish","type":"post","link":"https:\/\/www.radiolimari.cl\/?p=12107","title":{"rendered":"Paulina Mora, Vocera Regional de Coquimbo: \u201cEl Presupuesto 2025 protege los derechos y consolida los avances que hemos impulsado como Gobierno\u201d"},"content":{"rendered":"\n<figure class=\"wp-block-gallery has-nested-images columns-default is-cropped wp-block-gallery-1 is-layout-flex wp-block-gallery-is-layout-flex\">\n<figure class=\"wp-block-image size-large\"><a href=\"https:\/\/www.radiolimari.cl\/wp-content\/uploads\/2024\/11\/IMG-20241129-WA0006.jpg\"><img fetchpriority=\"high\" decoding=\"async\" width=\"1024\" height=\"768\" data-id=\"12108\" src=\"https:\/\/www.radiolimari.cl\/wp-content\/uploads\/2024\/11\/IMG-20241129-WA0006-1024x768.jpg\" alt=\"\" class=\"wp-image-12108\" srcset=\"https:\/\/www.radiolimari.cl\/wp-content\/uploads\/2024\/11\/IMG-20241129-WA0006-1024x768.jpg 1024w, https:\/\/www.radiolimari.cl\/wp-content\/uploads\/2024\/11\/IMG-20241129-WA0006-300x225.jpg 300w, https:\/\/www.radiolimari.cl\/wp-content\/uploads\/2024\/11\/IMG-20241129-WA0006-768x576.jpg 768w, https:\/\/www.radiolimari.cl\/wp-content\/uploads\/2024\/11\/IMG-20241129-WA0006.jpg 1280w\" sizes=\"(max-width: 1024px) 100vw, 1024px\" \/><\/a><\/figure>\n<\/figure>\n\n\n\n<p><strong><em>La autoridad precis\u00f3 que la iniciativa permitir\u00e1 que el pa\u00eds siga avanzando en justicia, en que Chile sea m\u00e1s inclusivo y con mejor calidad de vida para las personas<\/em><\/strong><\/p>\n\n\n\n<p>En cadena nacional, el Presidente Gabriel Boric present\u00f3 el Presupuesto 2025, un proyecto que ya est\u00e1 aprobado y despachado por el Congreso, y que tiene como ejes \u00ablas tres seguridades\u00bb, dijo el mandatario: la Seguridad p\u00fablica, la Seguridad econ\u00f3mica y la Seguridad social.<\/p>\n\n\n\n<p>Al respecto, la Seremi de Gobierno, Paulina Mora, destac\u00f3 el di\u00e1logo y la b\u00fasqueda de puntos en com\u00fan que, pese a las diferencias, permitieron al Ejecutivo una exitosa tramitaci\u00f3n de este presupuesto en el Congreso. Asegur\u00f3 que, desde el gobierno, se sumaron recomendaciones &nbsp;y nuevos compromisos para ir construyendo pol\u00edticas p\u00fablicas m\u00e1s fuertes y que puedan llegar a todos y todas.<\/p>\n\n\n\n<p><strong>\u00abQueremos ser enf\u00e1ticos en esto: el Presupuesto 2025 est\u00e1 hecho para cumplir con las urgencias de todas las familias de Chile. Queremos que ustedes est\u00e9n tranquilos, porque con el acuerdo alcanzado en el Congreso, las prioridades ciudadanas ser\u00e1n bien atendidas. En espec\u00edfico abordaremos de manera importarte la seguridad, la vivienda, la salud y a la educaci\u00f3n. Con esto podemos decir que Chile avanza con m\u00e1s calidad de vida para todos y todas y, en especial, en nuestra Regi\u00f3n de Coquimbo, donde ya estamos viendo avances relevantes como el Plan de Emergencia Habitacional\u00bb, resalt\u00f3 la Vocera Regional, Paulina Mora.<\/strong><\/p>\n\n\n\n<p>La autoridad agreg\u00f3 que este presupuesto consolida las prioridades que los territorios le han expresado al Gobierno y que prioriza una gesti\u00f3n responsable y eficiente de los recursos del Estado. Entre los 3 ejes anunciados por el mandatario est\u00e1 la seguridad p\u00fablica, as\u00ed en esta materia se buscar\u00e1 prevenir el delito, avanzar en la recuperaci\u00f3n de espacios p\u00fablicos, fortalecer las polic\u00edas con m\u00e1s personal y recursos, proteger nuestras fronteras, combatir el crimen organizado y el narcotr\u00e1fico, y reforzar el sistema penitenciario.<\/p>\n\n\n\n<p>Al respecto, la Seremi de Gobierno indic\u00f3 que <strong>\u00abEl Presupuesto 2025 va a disponer de m\u00e1s de 111.000 millones a nivel nacional para ejecutar dos planes que han tenido buenos resultados, como el Plan Nacional Contra el Crimen Organizado y el Plan Calles Sin Violencia, iniciativas que estamos desarrollando con \u00e9xito en la Regi\u00f3n de Coquimbo y que nos ha permitido recuperar espacios p\u00fablicos para las familias, dar mayor seguridad a las personas y, en especial, hacer un combate efectivo del narcocultivo que se ha generado en nuestra zona\u00bb, explic\u00f3 la autoridad.<\/strong><\/p>\n\n\n\n<p>En materia de seguridad econ\u00f3mica, el erario nacional contempla reforzar las acciones para crecer a un mayor ritmo, con mayor dinamismo y con m\u00e1s energ\u00eda. Por esto, se invertir\u00e1n m\u00e1s de 3,8 billones de pesos para financiar obras p\u00fablicas; tambi\u00e9n con la entrada en r\u00e9gimen del Royalty Minero el pr\u00f3ximo a\u00f1o va a aumentar en un 137% de recursos frescos a los municipios y en un 140% de recursos m\u00e1s a los Gobiernos Regionales. Adem\u00e1s, se seguir\u00e1 trabajando en dar celeridad al proceso de tramitaci\u00f3n de permisos para la inversi\u00f3n privada disminuyendo los tiempos de tramitaci\u00f3n.<\/p>\n\n\n\n<p>En este sentido, la Vocera Regional, Paulina Mora precis\u00f3 que se han dado hitos importantes para la zona.<strong> \u201cEstamos avanzando en tramitar en l\u00ednea los permisos de edificaci\u00f3n de obras y de autorizaciones sanitarias para locales de comida para hacerlos m\u00e1s r\u00e1pido y eficiente, y redujimos de casi seis meses a s\u00f3lo 10 d\u00edas la obtenci\u00f3n de permisos que requieren los peque\u00f1os mineros para poder explotar sus faenas. Todos estos puntos dan un impulso clave a las vocaciones productivas de nuestra Regi\u00f3n de Coquimbo, como lo es turismo y gastronom\u00eda, la miner\u00eda y la construcci\u00f3n\u201d, precis\u00f3.<\/strong><\/p>\n\n\n\n<p>En materia de seguridad social, la autoridad de Coquimbo indic\u00f3 que desde el Ejecutivo se ha buscado &nbsp;construir una vida m\u00e1s digna para cada familia, por lo que, entre otras temas el foco estar\u00e1 puesto en acelerar el acceso a la salud, asegurar que la casa propia sea un sue\u00f1o posible, garantizar que ni\u00f1as, ni\u00f1os y adolescentes reciban una educaci\u00f3n de calidad, pagar la deuda hist\u00f3rica a los docentes y resolver de forma definitiva la situaci\u00f3n que aqueja a miles de pensionados del pa\u00eds.<\/p>\n\n\n\n<p><strong>\u201cInsistiremos en seguir en el camino que hemos trazado para contar una Reforma de Pensiones, que nos permita dar dignidad a nuestros mayores, para lo cual hemos resguardado recursos importantes dentro de este Presupuesto 2025, pensando en que es posible llegar a un acuerdo y dar una soluci\u00f3n concreta a esta compleja realidad que d\u00eda a d\u00eda sufren miles de personas\u201d, precis\u00f3 la Vocera Mora.<\/strong><\/p>\n\n\n\n<p>Para finalizar, la autoridad de Gobierno indic\u00f3 que <strong>\u201cla aprobaci\u00f3n de este presupuesto es un paso fundamental hacia un pa\u00eds donde las necesidades de las familias est\u00e9n al centro de la pol\u00edtica p\u00fablica. Como regi\u00f3n, estamos comprometidos a trabajar con unidad para materializar estos avances\u201d, sentenci\u00f3.<\/strong><\/p>\n","protected":false},"excerpt":{"rendered":"<p>La autoridad precis\u00f3 que la iniciativa permitir\u00e1 que el pa\u00eds siga avanzando en justicia, en que Chile sea m\u00e1s inclusivo y con mejor calidad de vida para las personas En cadena nacional, el Presidente Gabriel Boric present\u00f3 el Presupuesto 2025, un proyecto que ya est\u00e1 aprobado y despachado por el Congreso, y que tiene como &#8230;<\/p>\n","protected":false},"author":2,"featured_media":12108,"comment_status":"open","ping_status":"open","sticky":false,"template":"","format":"standard","meta":{"footnotes":""},"categories":[3],"tags":[],"class_list":["post-12107","post","type-post","status-publish","format-standard","has-post-thumbnail","hentry","category-actualidad"],"_links":{"self":[{"href":"https:\/\/www.radiolimari.cl\/index.php?rest_route=\/wp\/v2\/posts\/12107","targetHints":{"allow":["GET"]}}],"collection":[{"href":"https:\/\/www.radiolimari.cl\/index.php?rest_route=\/wp\/v2\/posts"}],"about":[{"href":"https:\/\/www.radiolimari.cl\/index.php?rest_route=\/wp\/v2\/types\/post"}],"author":[{"embeddable":true,"href":"https:\/\/www.radiolimari.cl\/index.php?rest_route=\/wp\/v2\/users\/2"}],"replies":[{"embeddable":true,"href":"https:\/\/www.radiolimari.cl\/index.php?rest_route=%2Fwp%2Fv2%2Fcomments&post=12107"}],"version-history":[{"count":1,"href":"https:\/\/www.radiolimari.cl\/index.php?rest_route=\/wp\/v2\/posts\/12107\/revisions"}],"predecessor-version":[{"id":12109,"href":"https:\/\/www.radiolimari.cl\/index.php?rest_route=\/wp\/v2\/posts\/12107\/revisions\/12109"}],"wp:featuredmedia":[{"embeddable":true,"href":"https:\/\/www.radiolimari.cl\/index.php?rest_route=\/wp\/v2\/media\/12108"}],"wp:attachment":[{"href":"https:\/\/www.radiolimari.cl\/index.php?rest_route=%2Fwp%2Fv2%2Fmedia&parent=12107"}],"wp:term":[{"taxonomy":"category","embeddable":true,"href":"https:\/\/www.radiolimari.cl\/index.php?rest_route=%2Fwp%2Fv2%2Fcategories&post=12107"},{"taxonomy":"post_tag","embeddable":true,"href":"https:\/\/www.radiolimari.cl\/index.php?rest_route=%2Fwp%2Fv2%2Ftags&post=12107"}],"curies":[{"name":"wp","href":"https:\/\/api.w.org\/{rel}","templated":true}]}}