{"id":12104,"date":"2024-11-28T14:48:38","date_gmt":"2024-11-28T14:48:38","guid":{"rendered":"https:\/\/www.radiolimari.cl\/?p=12104"},"modified":"2024-11-28T14:48:38","modified_gmt":"2024-11-28T14:48:38","slug":"columna-de-opinion-como-queremos-avanzar","status":"publish","type":"post","link":"https:\/\/www.radiolimari.cl\/?p=12104","title":{"rendered":"Columna de Opini\u00f3n: \u00bfC\u00f3mo queremos avanzar?."},"content":{"rendered":"\n<figure class=\"wp-block-gallery has-nested-images columns-default is-cropped wp-block-gallery-1 is-layout-flex wp-block-gallery-is-layout-flex\">\n<figure class=\"wp-block-image size-large\"><a href=\"https:\/\/www.radiolimari.cl\/wp-content\/uploads\/2024\/11\/IMG-20241128-WA0002.jpg\"><img fetchpriority=\"high\" decoding=\"async\" width=\"1024\" height=\"576\" data-id=\"12105\" src=\"https:\/\/www.radiolimari.cl\/wp-content\/uploads\/2024\/11\/IMG-20241128-WA0002-1024x576.jpg\" alt=\"\" class=\"wp-image-12105\" srcset=\"https:\/\/www.radiolimari.cl\/wp-content\/uploads\/2024\/11\/IMG-20241128-WA0002-1024x576.jpg 1024w, https:\/\/www.radiolimari.cl\/wp-content\/uploads\/2024\/11\/IMG-20241128-WA0002-300x169.jpg 300w, https:\/\/www.radiolimari.cl\/wp-content\/uploads\/2024\/11\/IMG-20241128-WA0002-768x432.jpg 768w, https:\/\/www.radiolimari.cl\/wp-content\/uploads\/2024\/11\/IMG-20241128-WA0002-1536x864.jpg 1536w, https:\/\/www.radiolimari.cl\/wp-content\/uploads\/2024\/11\/IMG-20241128-WA0002.jpg 1600w\" sizes=\"(max-width: 1024px) 100vw, 1024px\" \/><\/a><\/figure>\n<\/figure>\n\n\n\n<p>Cuando hablamos de un proyecto de gobierno progresista, hablamos de una visi\u00f3n que pone en el centro a las personas, sus derechos y su bienestar. Es un modelo de gobernanza que busca resolver las desigualdades estructurales, fomentar la inclusi\u00f3n social y construir un futuro sostenible a trav\u00e9s de la redistribuci\u00f3n de la riqueza, avanzar en materia de derechos sociales y la participaci\u00f3n ciudadana como base de la democracia.<\/p>\n\n\n\n<p>En el \u00e1mbito econ\u00f3mico, los proyectos conservadores suelen priorizar el mercado y las libertades econ\u00f3micas por sobre lo colectivo. Un proyecto progresista entiende que el Estado tiene un rol fundamental en la redistribuci\u00f3n de los recursos. Esto significa pol\u00edticas tributarias m\u00e1s justas, donde quienes m\u00e1s tienen aporten m\u00e1s, permitiendo financiar educaci\u00f3n, salud y vivienda dignas para todos. Por eso, las pol\u00edticas implementadas como ejecutivo, como el Plan de Emergencia Habitacional, tiene como pilar fundamental, el reconocimiento de que la casa propia no es un sue\u00f1o, sino un derecho.<\/p>\n\n\n\n<p>En la Regi\u00f3n de Coquimbo, seg\u00fan cifras del mes de noviembre, se han construido y\/o entregado m\u00e1s de 8.200 soluciones habitacionales para la regi\u00f3n, lo que significa el cumplimiento del 66% de la meta regional.<\/p>\n\n\n\n<p>Por el contrario, quienes abogan por un Estado m\u00ednimo, consideran que lo p\u00fablico s\u00f3lo debe involucrarse subsidiariamente, es decir, cuando el privado no puede o no quiere intervenir, esto implica necesariamente que en aquellas zonas no rentables econ\u00f3micamente&nbsp; para las empresas, existan carencias de las cuestiones m\u00e1s esenciales para la vida humana, como el acceso a servicios b\u00e1sicos.<\/p>\n\n\n\n<p>Como Gobierno progresista creemos en la necesidad de hacernos cargo de las cuestiones esenciales de la vida humana, por eso hemos implementado pol\u00edticas p\u00fablicas como el Copago Cero en salud, Chile Cuida y tantas m\u00e1s, no solo para promover el fortalecimiento de las instituciones p\u00fablicas, sino que reconociendo los cuidados y la salud, como parte fundamental de las garant\u00edas que debe brindar un Estado comprometido con una sociedad m\u00e1s inclusiva.<\/p>\n\n\n\n<p>Es por esto que hemos impulsado una pol\u00edtica p\u00fablica con perspectiva de g\u00e9nero, donde se ha reconocido el rol de cuidado que mayoritariamente ejercen las mujeres, entregando en la regi\u00f3n m\u00e1s de 8 mil credenciales que dan cuenta de su labor, tambi\u00e9n incorporamos el pago de un beneficio para quienes cuidan a personas con discapacidad y creamos 3 centros comunitarios en Monte Patria, Illapel y,uno por construir, en la Parte Alta de Coquimbo, recintos que buscan ser un espacio seguro, de esparcimiento y bienestar para quienes ejercen el trabajo de cuidar.<\/p>\n\n\n\n<p>Seguimos trabajando en saldar deudas hist\u00f3ricas que tenemos con las mujeres, como el pago efectivo de pensiones de alimentos. Gracias a esta iniciativa hoy el Estado es quien debe perseguir al deudor y en m\u00e1s de un a\u00f1o, desde su implementaci\u00f3n, se ha logrado el pago de $588 mil millones para apoyar el desarrollo y mantenci\u00f3n de ni\u00f1as, ni\u00f1os y adolescentes a nivel nacional y hoy, en nuestra Regi\u00f3n de Coquimbo esto ha significado que m\u00e1s de 5800 deudores, cerca de un 45% del total de los inscritos en el registro nacional de deudores, ya se est\u00e1n poniendo al d\u00eda con sus obligaciones.<\/p>\n\n\n\n<p>Optar por un gobierno progresista es elegir un camino hacia un pa\u00eds m\u00e1s igualitario, inclusivo y sostenible. Es entender que el progreso no se mide solo en cifras econ\u00f3micas, sino en el bienestar de las personas, la justicia social y el cuidado del planeta. La historia ha demostrado que avanzar juntos siempre ser\u00e1 mejor que caminar divididos \u00bfQu\u00e9 tipo de futuro queremos construir?, la respuesta est\u00e1 en nuestras manos.<\/p>\n\n\n\n<p><strong>Paulina Mora Lara, Seremi de Gobierno de la Regi\u00f3n de Coquimbo<\/strong><\/p>\n","protected":false},"excerpt":{"rendered":"<p>Cuando hablamos de un proyecto de gobierno progresista, hablamos de una visi\u00f3n que pone en el centro a las personas, sus derechos y su bienestar. Es un modelo de gobernanza que busca resolver las desigualdades estructurales, fomentar la inclusi\u00f3n social y construir un futuro sostenible a trav\u00e9s de la redistribuci\u00f3n de la riqueza, avanzar en &#8230;<\/p>\n","protected":false},"author":2,"featured_media":12105,"comment_status":"open","ping_status":"open","sticky":false,"template":"","format":"standard","meta":{"footnotes":""},"categories":[3],"tags":[],"class_list":["post-12104","post","type-post","status-publish","format-standard","has-post-thumbnail","hentry","category-actualidad"],"_links":{"self":[{"href":"https:\/\/www.radiolimari.cl\/index.php?rest_route=\/wp\/v2\/posts\/12104","targetHints":{"allow":["GET"]}}],"collection":[{"href":"https:\/\/www.radiolimari.cl\/index.php?rest_route=\/wp\/v2\/posts"}],"about":[{"href":"https:\/\/www.radiolimari.cl\/index.php?rest_route=\/wp\/v2\/types\/post"}],"author":[{"embeddable":true,"href":"https:\/\/www.radiolimari.cl\/index.php?rest_route=\/wp\/v2\/users\/2"}],"replies":[{"embeddable":true,"href":"https:\/\/www.radiolimari.cl\/index.php?rest_route=%2Fwp%2Fv2%2Fcomments&post=12104"}],"version-history":[{"count":1,"href":"https:\/\/www.radiolimari.cl\/index.php?rest_route=\/wp\/v2\/posts\/12104\/revisions"}],"predecessor-version":[{"id":12106,"href":"https:\/\/www.radiolimari.cl\/index.php?rest_route=\/wp\/v2\/posts\/12104\/revisions\/12106"}],"wp:featuredmedia":[{"embeddable":true,"href":"https:\/\/www.radiolimari.cl\/index.php?rest_route=\/wp\/v2\/media\/12105"}],"wp:attachment":[{"href":"https:\/\/www.radiolimari.cl\/index.php?rest_route=%2Fwp%2Fv2%2Fmedia&parent=12104"}],"wp:term":[{"taxonomy":"category","embeddable":true,"href":"https:\/\/www.radiolimari.cl\/index.php?rest_route=%2Fwp%2Fv2%2Fcategories&post=12104"},{"taxonomy":"post_tag","embeddable":true,"href":"https:\/\/www.radiolimari.cl\/index.php?rest_route=%2Fwp%2Fv2%2Ftags&post=12104"}],"curies":[{"name":"wp","href":"https:\/\/api.w.org\/{rel}","templated":true}]}}