{"id":11982,"date":"2024-11-11T22:03:07","date_gmt":"2024-11-11T22:03:07","guid":{"rendered":"https:\/\/www.radiolimari.cl\/?p=11982"},"modified":"2024-11-11T22:03:18","modified_gmt":"2024-11-11T22:03:18","slug":"ochenta-y-nueve-mil-familias-de-la-region-de-coquimbo-postularon-al-segundo-llamado-del-subsidio-electrico","status":"publish","type":"post","link":"https:\/\/www.radiolimari.cl\/?p=11982","title":{"rendered":"Ochenta y nueve mil familias de la Regi\u00f3n de Coquimbo postularon al segundo llamado del subsidio el\u00e9ctrico."},"content":{"rendered":"\n<figure class=\"wp-block-image size-large\"><a href=\"https:\/\/www.radiolimari.cl\/wp-content\/uploads\/2024\/11\/IMG_4374-scaled.jpg\"><img fetchpriority=\"high\" decoding=\"async\" width=\"1024\" height=\"646\" src=\"https:\/\/www.radiolimari.cl\/wp-content\/uploads\/2024\/11\/IMG_4374-1024x646.jpg\" alt=\"\" class=\"wp-image-11983\" srcset=\"https:\/\/www.radiolimari.cl\/wp-content\/uploads\/2024\/11\/IMG_4374-1024x646.jpg 1024w, https:\/\/www.radiolimari.cl\/wp-content\/uploads\/2024\/11\/IMG_4374-300x189.jpg 300w, https:\/\/www.radiolimari.cl\/wp-content\/uploads\/2024\/11\/IMG_4374-768x484.jpg 768w, https:\/\/www.radiolimari.cl\/wp-content\/uploads\/2024\/11\/IMG_4374-1536x968.jpg 1536w, https:\/\/www.radiolimari.cl\/wp-content\/uploads\/2024\/11\/IMG_4374-2048x1291.jpg 2048w\" sizes=\"(max-width: 1024px) 100vw, 1024px\" \/><\/a><\/figure>\n\n\n\n<p><\/p>\n\n\n\n<p><strong><em>*Seremi de Energ\u00eda, Eduardo Lara, precis\u00f3 que los postulantes tendr\u00e1n un descuento en las boletas de la luz a contar de enero de 2025.<\/em><\/strong><\/p>\n\n\n\n<p><br><br>Un total de 15.840 nuevas familias de la Regi\u00f3n de Coquimbo, que se suman a las 73.326 del primer llamado, postularon a la segunda convocatoria del subsidio el\u00e9ctrico, que se reflejar\u00e1 con un descuento en las cuentas de la luz a contar de enero de 2025.<\/p>\n\n\n\n<p>A nivel nacional, con un total de 1.920.379 hogares inscritos en todo el pa\u00eds concluy\u00f3 el segundo proceso de postulaci\u00f3n, beneficio dirigido a familias que pertenecen al 40% m\u00e1s vulnerable del Registro Social de Hogares (RSH), y a hogares con personas inscritas en el registro de pacientes electrodependientes, independiente de su tramo de vulnerabilidad en el RSH.<\/p>\n\n\n\n<p>El seremi de Energ\u00eda, Eduardo Lara, subray\u00f3 que \u201cestamos muy contentos porque hicimos el esfuerzo de desplegarnos por las comunas de la Regi\u00f3n para promover la postulaci\u00f3n al subsidio el\u00e9ctrico. En la Regi\u00f3n de Coquimbo postularon 15.840 nuevas familias, que se suman a las 73.326 del primer llamado, lo que contabiliza 89.166 familias, considerando que son 217.216 los hogares que corresponden al 40 por ciento de mayor vulnerabilidad. Seguiremos realizando esfuerzos para invitarlos a postular porque para el Gobierno del Presidente Gabriel Boric es muy importante llegar con apoyo a las familias m\u00e1s vulnerables de nuestra Regi\u00f3n y aseguramos que si los postulantes cumplieron con los requisitos, todos ser\u00e1n beneficiados. Es decir, ninguna familia que postul\u00f3 quedar\u00e1 sin este aporte\u201d.<\/p>\n\n\n\n<p>El ministro de Energ\u00eda, Diego Pardow, destac\u00f3 los resultados de este proceso. \u201cContar con una n\u00f3mina de beneficiarios de cerca de 2 millones de hogares implica que estaremos llegando con este subsidio a cerca de 4,5 millones de personas. Esta es una cantidad muy importante para una pol\u00edtica social que busca entregar un alivio al bolsillo de las familias que viven en nuestro pa\u00eds\u201d.<\/p>\n\n\n\n<p><br>La n\u00f3mina de beneficiarios ser\u00e1 publicada en la segunda mitad de diciembre de 2024 y los\/as postulantes que cumplan con los requisitos recibir\u00e1n el descuento mensual correspondiente al primer semestre de 2025 en las cuentas de electricidad emitidas entre enero y junio de dicho a\u00f1o.<\/p>\n\n\n\n<p><br>El monto que recibir\u00e1n las familias beneficiadas depender\u00e1 del n\u00famero de integrantes por hogar. Los hogares con 1 integrante recibir\u00e1n en las cuentas de electricidad un descuento en torno a los $7 mil mensuales. En el caso de los hogares con 2 o 3 personas, el descuento ser\u00e1 de alrededor de $9 mil mensuales. Por \u00faltimo, los hogares con 4 o m\u00e1s integrantes recibir\u00e1n una rebaja mensual de aproximadamente $12 mil.<\/p>\n\n\n\n<p>Durante este segundo proceso de postulaci\u00f3n se realizaron una serie de actividades p\u00fablicas para difundir y acercar este beneficio a la ciudadan\u00eda. A la atenci\u00f3n presencial en las oficinas regionales del Ministerio de Energ\u00eda, la SEC y sucursales de ChileAtiende, se sum\u00f3 la participaci\u00f3n de funcionarios de estos servicios en ferias organizadas por la Divisi\u00f3n de Organizaciones Sociales (DOS) del Ministerio Secretar\u00eda General de Gobierno en parques y plazas de distintas comunas de pa\u00eds. Asimismo, las serem\u00edas organizaron actividades de postulaci\u00f3n presencial en todas las regiones.<\/p>\n","protected":false},"excerpt":{"rendered":"<p>*Seremi de Energ\u00eda, Eduardo Lara, precis\u00f3 que los postulantes tendr\u00e1n un descuento en las boletas de la luz a contar de enero de 2025. Un total de 15.840 nuevas familias de la Regi\u00f3n de Coquimbo, que se suman a las 73.326 del primer llamado, postularon a la segunda convocatoria del subsidio el\u00e9ctrico, que se reflejar\u00e1 &#8230;<\/p>\n","protected":false},"author":2,"featured_media":11983,"comment_status":"open","ping_status":"open","sticky":false,"template":"","format":"standard","meta":{"footnotes":""},"categories":[6],"tags":[],"class_list":["post-11982","post","type-post","status-publish","format-standard","has-post-thumbnail","hentry","category-regionales"],"_links":{"self":[{"href":"https:\/\/www.radiolimari.cl\/index.php?rest_route=\/wp\/v2\/posts\/11982","targetHints":{"allow":["GET"]}}],"collection":[{"href":"https:\/\/www.radiolimari.cl\/index.php?rest_route=\/wp\/v2\/posts"}],"about":[{"href":"https:\/\/www.radiolimari.cl\/index.php?rest_route=\/wp\/v2\/types\/post"}],"author":[{"embeddable":true,"href":"https:\/\/www.radiolimari.cl\/index.php?rest_route=\/wp\/v2\/users\/2"}],"replies":[{"embeddable":true,"href":"https:\/\/www.radiolimari.cl\/index.php?rest_route=%2Fwp%2Fv2%2Fcomments&post=11982"}],"version-history":[{"count":1,"href":"https:\/\/www.radiolimari.cl\/index.php?rest_route=\/wp\/v2\/posts\/11982\/revisions"}],"predecessor-version":[{"id":11984,"href":"https:\/\/www.radiolimari.cl\/index.php?rest_route=\/wp\/v2\/posts\/11982\/revisions\/11984"}],"wp:featuredmedia":[{"embeddable":true,"href":"https:\/\/www.radiolimari.cl\/index.php?rest_route=\/wp\/v2\/media\/11983"}],"wp:attachment":[{"href":"https:\/\/www.radiolimari.cl\/index.php?rest_route=%2Fwp%2Fv2%2Fmedia&parent=11982"}],"wp:term":[{"taxonomy":"category","embeddable":true,"href":"https:\/\/www.radiolimari.cl\/index.php?rest_route=%2Fwp%2Fv2%2Fcategories&post=11982"},{"taxonomy":"post_tag","embeddable":true,"href":"https:\/\/www.radiolimari.cl\/index.php?rest_route=%2Fwp%2Fv2%2Ftags&post=11982"}],"curies":[{"name":"wp","href":"https:\/\/api.w.org\/{rel}","templated":true}]}}