{"id":11970,"date":"2024-11-05T17:06:49","date_gmt":"2024-11-05T17:06:49","guid":{"rendered":"https:\/\/www.radiolimari.cl\/?p=11970"},"modified":"2024-11-05T17:06:50","modified_gmt":"2024-11-05T17:06:50","slug":"llaman-a-la-comprension-debido-a-trabajos-de-mejoramiento-de-calles-y-veredas-en-ovalle","status":"publish","type":"post","link":"https:\/\/www.radiolimari.cl\/?p=11970","title":{"rendered":"Llaman a la comprensi\u00f3n debido a trabajos de mejoramiento de calles y veredas en Ovalle"},"content":{"rendered":"\n<figure class=\"wp-block-image size-large\"><a href=\"https:\/\/www.radiolimari.cl\/wp-content\/uploads\/2024\/11\/proyecto-de-pavimentacion-3.jpg\"><img fetchpriority=\"high\" decoding=\"async\" width=\"1024\" height=\"683\" src=\"https:\/\/www.radiolimari.cl\/wp-content\/uploads\/2024\/11\/proyecto-de-pavimentacion-3-1024x683.jpg\" alt=\"\" class=\"wp-image-11971\" srcset=\"https:\/\/www.radiolimari.cl\/wp-content\/uploads\/2024\/11\/proyecto-de-pavimentacion-3-1024x683.jpg 1024w, https:\/\/www.radiolimari.cl\/wp-content\/uploads\/2024\/11\/proyecto-de-pavimentacion-3-300x200.jpg 300w, https:\/\/www.radiolimari.cl\/wp-content\/uploads\/2024\/11\/proyecto-de-pavimentacion-3-768x512.jpg 768w, https:\/\/www.radiolimari.cl\/wp-content\/uploads\/2024\/11\/proyecto-de-pavimentacion-3-1536x1024.jpg 1536w, https:\/\/www.radiolimari.cl\/wp-content\/uploads\/2024\/11\/proyecto-de-pavimentacion-3.jpg 1920w\" sizes=\"(max-width: 1024px) 100vw, 1024px\" \/><\/a><\/figure>\n\n\n\n<p><strong><em>Las labores, que se prolongar\u00e1n hasta febrero de 2025, se est\u00e1n realizando, principalmente, en la zona c\u00e9ntrica de Ovalle y ha tra\u00eddo consigo algunas complicaciones para los automovilistas locales, puesto que se han hecho cortes parciales de algunas v\u00edas. Desde el municipio indicaron que estos arreglos tienen una duraci\u00f3n de 7 d\u00edas por tramo, los cuales buscan mejorar los pavimentos y dejar atr\u00e1s las molestias causadas por los denominados \u201ceventos\u201d.<\/em><\/strong><\/p>\n\n\n\n<p>211 puntos se intervendr\u00e1n en Ovalle, gracias al proyecto \u201cConservaci\u00f3n de Pavimentos Urbanos 2023\u201d, que fue postulado por el municipio local y que recibi\u00f3 el financiamiento del Gobierno Regional (GORE), que alcanz\u00f3 los 200 millones de pesos.<\/p>\n\n\n\n<p>Las labores ejecutadas por la Constructora Urditec se han realizado, principalmente, en la zona c\u00e9ntrica de la ciudad, lo que ha tra\u00eddo algunas complicaciones, tanto para automovilistas, como peatones, debido al rompimiento de calzadas y aceras, hecho que ha obligado a la empresa responsable a hacer cortes parciales de algunas v\u00edas.<\/p>\n\n\n\n<p>Existe una preocupaci\u00f3n general de la comunidad local, debido al periodo elegido para arreglar calles y veredas, pero su ejecuci\u00f3n se da tras la reciente aprobaci\u00f3n y entrega de los recursos por parte del GORE.<\/p>\n\n\n\n<p>En este sentido, el alcalde Jonathan Acu\u00f1a Rojas afirm\u00f3 que \u201ces un proyecto que est\u00e1bamos esperando, porque traer\u00e1 consigo un gran beneficio para nuestra comunidad, puesto que va a mejorar las condiciones de infraestructura vial de la ciudad y eso sin duda, va a ser un aporte importante en la calidad de vida de los habitantes de la comuna. Es por esto, que hago un llamado a la comprensi\u00f3n, puesto que el desarrollo de los trabajos traer\u00e1 algunos problemas, pero ser\u00e1n provisorios\u201d.<\/p>\n\n\n\n<p>Las obras son supervisadas por el municipio de Ovalle, por lo que la empresa encargada entrega una planificaci\u00f3n semanal de los sectores que ser\u00e1n intervenidos considerando la exigencia de dejar una v\u00eda libre, para el tr\u00e1nsito de veh\u00edculos. Adem\u00e1s, cuenta con la autorizaci\u00f3n, por contrato, de trabajar de 8.00 de la ma\u00f1ana y hasta las 12.00 de la noche y las labores se realizan por un periodo m\u00e1ximo de 7 d\u00edas y por tramo, debido a que se hace m\u00e1s pr\u00e1ctico y expedito el retiro de escombros y se optimiza el tiempo para despejar las v\u00edas.<\/p>\n\n\n\n<p>Recordemos, que se reparar\u00e1n 138 \u201choyos\u201d en las calles David Perry, Independencia, Socos, Maestranza, Miguel Aguirre, Santiago, Carmen, Vicu\u00f1a Mackenna, Victoria, entre otros sectores, tanto de la parte baja, como alta de la capital limarina. A esto se suma, el arreglo de 73 puntos de aceras, que se encuentran en mal estado, principalmente en las calles Libertad, Tangue, Independencia, Socos, entre otros sectores, que ser\u00e1n reparadas gracias a esta iniciativa que se extender\u00e1 hasta febrero de 2025. &nbsp;<\/p>\n\n\n\n<p>En los pr\u00f3ximos d\u00edas se intervendr\u00e1 Miguel Aguirre, donde se reparar\u00e1n algunos sectores, a lo que se sumar\u00e1 toda la extensi\u00f3n de calle Arauco.<\/p>\n","protected":false},"excerpt":{"rendered":"<p>Las labores, que se prolongar\u00e1n hasta febrero de 2025, se est\u00e1n realizando, principalmente, en la zona c\u00e9ntrica de Ovalle y ha tra\u00eddo consigo algunas complicaciones para los automovilistas locales, puesto que se han hecho cortes parciales de algunas v\u00edas. Desde el municipio indicaron que estos arreglos tienen una duraci\u00f3n de 7 d\u00edas por tramo, los &#8230;<\/p>\n","protected":false},"author":2,"featured_media":11971,"comment_status":"open","ping_status":"open","sticky":false,"template":"","format":"standard","meta":{"footnotes":""},"categories":[5],"tags":[],"class_list":["post-11970","post","type-post","status-publish","format-standard","has-post-thumbnail","hentry","category-actualidad-limarina"],"_links":{"self":[{"href":"https:\/\/www.radiolimari.cl\/index.php?rest_route=\/wp\/v2\/posts\/11970","targetHints":{"allow":["GET"]}}],"collection":[{"href":"https:\/\/www.radiolimari.cl\/index.php?rest_route=\/wp\/v2\/posts"}],"about":[{"href":"https:\/\/www.radiolimari.cl\/index.php?rest_route=\/wp\/v2\/types\/post"}],"author":[{"embeddable":true,"href":"https:\/\/www.radiolimari.cl\/index.php?rest_route=\/wp\/v2\/users\/2"}],"replies":[{"embeddable":true,"href":"https:\/\/www.radiolimari.cl\/index.php?rest_route=%2Fwp%2Fv2%2Fcomments&post=11970"}],"version-history":[{"count":1,"href":"https:\/\/www.radiolimari.cl\/index.php?rest_route=\/wp\/v2\/posts\/11970\/revisions"}],"predecessor-version":[{"id":11972,"href":"https:\/\/www.radiolimari.cl\/index.php?rest_route=\/wp\/v2\/posts\/11970\/revisions\/11972"}],"wp:featuredmedia":[{"embeddable":true,"href":"https:\/\/www.radiolimari.cl\/index.php?rest_route=\/wp\/v2\/media\/11971"}],"wp:attachment":[{"href":"https:\/\/www.radiolimari.cl\/index.php?rest_route=%2Fwp%2Fv2%2Fmedia&parent=11970"}],"wp:term":[{"taxonomy":"category","embeddable":true,"href":"https:\/\/www.radiolimari.cl\/index.php?rest_route=%2Fwp%2Fv2%2Fcategories&post=11970"},{"taxonomy":"post_tag","embeddable":true,"href":"https:\/\/www.radiolimari.cl\/index.php?rest_route=%2Fwp%2Fv2%2Ftags&post=11970"}],"curies":[{"name":"wp","href":"https:\/\/api.w.org\/{rel}","templated":true}]}}