{"id":11965,"date":"2024-11-04T23:52:03","date_gmt":"2024-11-04T23:52:03","guid":{"rendered":"https:\/\/www.radiolimari.cl\/?p=11965"},"modified":"2024-11-04T23:52:04","modified_gmt":"2024-11-04T23:52:04","slug":"en-cerrillos-de-tamaya-concluira-la-gira-rural-de-la-teleton-en-ovalle","status":"publish","type":"post","link":"https:\/\/www.radiolimari.cl\/?p=11965","title":{"rendered":"En Cerrillos de Tamaya concluir\u00e1 la Gira Rural de la Telet\u00f3n en Ovalle."},"content":{"rendered":"\n<figure class=\"wp-block-image size-large\"><a href=\"https:\/\/www.radiolimari.cl\/wp-content\/uploads\/2024\/11\/Teleton-Rural-2024-2.jpg\"><img fetchpriority=\"high\" decoding=\"async\" width=\"1024\" height=\"683\" src=\"https:\/\/www.radiolimari.cl\/wp-content\/uploads\/2024\/11\/Teleton-Rural-2024-2-1024x683.jpg\" alt=\"\" class=\"wp-image-11966\" srcset=\"https:\/\/www.radiolimari.cl\/wp-content\/uploads\/2024\/11\/Teleton-Rural-2024-2-1024x683.jpg 1024w, https:\/\/www.radiolimari.cl\/wp-content\/uploads\/2024\/11\/Teleton-Rural-2024-2-300x200.jpg 300w, https:\/\/www.radiolimari.cl\/wp-content\/uploads\/2024\/11\/Teleton-Rural-2024-2-768x512.jpg 768w, https:\/\/www.radiolimari.cl\/wp-content\/uploads\/2024\/11\/Teleton-Rural-2024-2-1536x1024.jpg 1536w, https:\/\/www.radiolimari.cl\/wp-content\/uploads\/2024\/11\/Teleton-Rural-2024-2.jpg 1920w\" sizes=\"(max-width: 1024px) 100vw, 1024px\" \/><\/a><\/figure>\n\n\n\n<p><strong><em>Las jornadas, organizadas por la Direcci\u00f3n de Desarrollo Comunitario del municipio de Ovalle, recorrieron las localidades de Salala, Huallillinga, Limar\u00ed, Tabali, Villaseca, La Chimba y Sotaqui. Las actividades contin\u00faan este viernes 8 de noviembre en Cerrillos de Tamaya y el s\u00e1bado 9 en la plaza de armas de Ovalle.<\/em><\/strong><\/p>\n\n\n\n<p>Jornadas llenas de solidaridad se vivieron en la Gira Telet\u00f3n Rural, organizada por el municipio de Ovalle, a trav\u00e9s de la Direcci\u00f3n de Desarrollo Comunitario, que se realiz\u00f3 en diversos sectores de la zona rural de la comuna, donde las familias pudieron cooperar anticipadamente con este evento solidario, que este a\u00f1o se llevar\u00e1 a cabo el pr\u00f3ximo viernes 8 y s\u00e1bado 9 de noviembre en nuestro pa\u00eds.<\/p>\n\n\n\n<p>Cantantes y animadores locales estuvieron presentes en La Chimba, Huallillinga, Salala, Limar\u00ed, Tabal\u00ed, Villaseca y Sotaqui, donde tuvieron la misi\u00f3n de concientizar a las comunidades e impulsarlas a cooperar en la cuenta 24.500-03 del Banco de Chile en las pr\u00f3ximas \u201c27 horas de amor\u201d y as\u00ed garantizar el funcionamiento de los 14 centros Telet\u00f3n del pa\u00eds, que permiten la rehabilitaci\u00f3n de ni\u00f1os, ni\u00f1as y j\u00f3venes en situaci\u00f3n de discapacidad.&nbsp;<\/p>\n\n\n\n<p>El objetivo a nivel nacional es superar los 44 mil millones de pesos, que fueron recaudados el a\u00f1o 2023 y en el caso de Ovalle igualar o sobrepasar los 125 millones de pesos reunidos en la versi\u00f3n anterior, hecho que dej\u00f3 a la comuna como una de las m\u00e1s solidarias de la Regi\u00f3n de Coquimbo.<\/p>\n\n\n\n<p>El alcalde de Ovalle, Jonathan Acu\u00f1a Rojas se\u00f1al\u00f3 que la Gira Telet\u00f3n Rural \u201ces una bonita tradici\u00f3n que existe en nuestra comuna y que permite que las localidades se motiven y luego entreguen su aporte a esta cruzada solidaria. Hemos hecho recorrido muy especial junto a animadores y artistas locales, el cual concluir\u00e1 el pr\u00f3ximo s\u00e1bado en la plaza de armas de Ovalle\u00bb.&nbsp;<\/p>\n\n\n\n<p>En este sentido, Carmen Gloria Rojas, integrante del jard\u00edn infantil de Tabal\u00ed, quienes hicieron su cooperaci\u00f3n indic\u00f3 que la Telet\u00f3n \u201ces una linda obra que est\u00e1n haciendo en Ovalle, donde todos debemos sumarnos y entregar nuestro aporte para que sigan funcionando los centros Telet\u00f3n y sigan ayudando a muchos ni\u00f1os y j\u00f3venes del pa\u00eds\u201d. Asimismo, la presidenta de la junta de vecinos de Salala, Viviana Hern\u00e1ndez hizo la invitaci\u00f3n a toda la gente de la comuna de Ovalle, para que coopere con la Telet\u00f3n 2024. \u201cLa idea es que todos aportemos con un granito de arena con esta cruzada que es tan importante para todos y en especial para quienes se atienden en los centros Telet\u00f3n\u201d. En tanto, Teresa Araya, presidenta de la junta de vecinos de Huallillinga se\u00f1al\u00f3 que \u201cnosotros nos preparamos con anterioridad para cooperar y cumplir nuestra meta y siempre solicitamos ser parte de la Gira Telet\u00f3n que organiza el municipio\u201d.<\/p>\n\n\n\n<p>La pr\u00f3xima jornada solidaria se realizar\u00e1 en la localidad de Cerrillos de Tamaya, el viernes 8 de noviembre y posteriormente las \u201c27 horas de amor\u201d concluir\u00e1n con un espect\u00e1culo art\u00edstico en la plaza de armas de Ovalle.<\/p>\n","protected":false},"excerpt":{"rendered":"<p>Las jornadas, organizadas por la Direcci\u00f3n de Desarrollo Comunitario del municipio de Ovalle, recorrieron las localidades de Salala, Huallillinga, Limar\u00ed, Tabali, Villaseca, La Chimba y Sotaqui. Las actividades contin\u00faan este viernes 8 de noviembre en Cerrillos de Tamaya y el s\u00e1bado 9 en la plaza de armas de Ovalle. Jornadas llenas de solidaridad se vivieron &#8230;<\/p>\n","protected":false},"author":2,"featured_media":11966,"comment_status":"open","ping_status":"open","sticky":false,"template":"","format":"standard","meta":{"footnotes":""},"categories":[5],"tags":[],"class_list":["post-11965","post","type-post","status-publish","format-standard","has-post-thumbnail","hentry","category-actualidad-limarina"],"_links":{"self":[{"href":"https:\/\/www.radiolimari.cl\/index.php?rest_route=\/wp\/v2\/posts\/11965","targetHints":{"allow":["GET"]}}],"collection":[{"href":"https:\/\/www.radiolimari.cl\/index.php?rest_route=\/wp\/v2\/posts"}],"about":[{"href":"https:\/\/www.radiolimari.cl\/index.php?rest_route=\/wp\/v2\/types\/post"}],"author":[{"embeddable":true,"href":"https:\/\/www.radiolimari.cl\/index.php?rest_route=\/wp\/v2\/users\/2"}],"replies":[{"embeddable":true,"href":"https:\/\/www.radiolimari.cl\/index.php?rest_route=%2Fwp%2Fv2%2Fcomments&post=11965"}],"version-history":[{"count":1,"href":"https:\/\/www.radiolimari.cl\/index.php?rest_route=\/wp\/v2\/posts\/11965\/revisions"}],"predecessor-version":[{"id":11967,"href":"https:\/\/www.radiolimari.cl\/index.php?rest_route=\/wp\/v2\/posts\/11965\/revisions\/11967"}],"wp:featuredmedia":[{"embeddable":true,"href":"https:\/\/www.radiolimari.cl\/index.php?rest_route=\/wp\/v2\/media\/11966"}],"wp:attachment":[{"href":"https:\/\/www.radiolimari.cl\/index.php?rest_route=%2Fwp%2Fv2%2Fmedia&parent=11965"}],"wp:term":[{"taxonomy":"category","embeddable":true,"href":"https:\/\/www.radiolimari.cl\/index.php?rest_route=%2Fwp%2Fv2%2Fcategories&post=11965"},{"taxonomy":"post_tag","embeddable":true,"href":"https:\/\/www.radiolimari.cl\/index.php?rest_route=%2Fwp%2Fv2%2Ftags&post=11965"}],"curies":[{"name":"wp","href":"https:\/\/api.w.org\/{rel}","templated":true}]}}