{"id":11962,"date":"2024-11-04T23:44:33","date_gmt":"2024-11-04T23:44:33","guid":{"rendered":"https:\/\/www.radiolimari.cl\/?p=11962"},"modified":"2024-11-04T23:44:34","modified_gmt":"2024-11-04T23:44:34","slug":"invitan-a-130-mil-familias-de-la-region-de-coquimbo-a-postular-al-subsidio-electrico","status":"publish","type":"post","link":"https:\/\/www.radiolimari.cl\/?p=11962","title":{"rendered":"Invitan a 130 mil familias de la Regi\u00f3n de Coquimbo a postular al Subsidio El\u00e9ctrico."},"content":{"rendered":"\n<figure class=\"wp-block-image size-large\"><a href=\"https:\/\/www.radiolimari.cl\/wp-content\/uploads\/2024\/11\/f1.jpeg\"><img fetchpriority=\"high\" decoding=\"async\" width=\"1024\" height=\"701\" src=\"https:\/\/www.radiolimari.cl\/wp-content\/uploads\/2024\/11\/f1-1024x701.jpeg\" alt=\"\" class=\"wp-image-11963\" srcset=\"https:\/\/www.radiolimari.cl\/wp-content\/uploads\/2024\/11\/f1-1024x701.jpeg 1024w, https:\/\/www.radiolimari.cl\/wp-content\/uploads\/2024\/11\/f1-300x205.jpeg 300w, https:\/\/www.radiolimari.cl\/wp-content\/uploads\/2024\/11\/f1-768x526.jpeg 768w, https:\/\/www.radiolimari.cl\/wp-content\/uploads\/2024\/11\/f1.jpeg 1499w\" sizes=\"(max-width: 1024px) 100vw, 1024px\" \/><\/a><\/figure>\n\n\n\n<p><strong><em>*Las autoridades llegaron a las oficinas del IPS de la ciudad \u2013 puerto para promover este beneficio que permitir\u00e1 una rebaja en las cuentas de la luz a contar de enero de 2025.<\/em><\/strong><\/p>\n\n\n\n<p>Hasta las oficinas del IPS de Coquimbo llegaron las autoridades encabezadas por el delegado presidencial regional, Galo Luna, junto a los seremis de Energ\u00eda, de Desarrollo Social y Familia, y del Trabajo y Previsi\u00f3n Social, para aclarar las dudas y promover la postulaci\u00f3n al segundo llamado del Subsidio El\u00e9ctrico, cuyo plazo de postulaci\u00f3n vence este mi\u00e9rcoles.<\/p>\n\n\n\n<p>Al beneficio pueden optar las familias del 40 por ciento en el Registro Social de Hogares, quienes recibir\u00e1n un descuento en la cuenta de la luz a contar de enero de 2025, de acuerdo con la cantidad de integrantes de la vivienda.<\/p>\n\n\n\n<p>Ra\u00fal Toro, usuario de Chile Atiende, cont\u00f3 que \u201cfue muy bueno el beneficio y me ahorra platita para ocuparla en otras cosas porque me estaba saliendo mucho de luz. Mi madre estaba enferma y ocupaba ox\u00edgeno\u2026 Invito a que todos postulen y que vengan ac\u00e1 a Chile Atiende\u201d.<\/p>\n\n\n\n<p><br>El delegado presidencial, Galo Luna, manifest\u00f3 que \u201cestamos invitando a todas las personas de la Regi\u00f3n de Coquimbo, que cumplan con los requisitos, porque son m\u00e1s de 130 mil familias que pueden acceder a este subsidio el\u00e9ctrico, a trav\u00e9s de los canales de postulaci\u00f3n, en la p\u00e1gina web&nbsp;<a href=\"http:\/\/www.subsidioelectrico.cl\/\" target=\"_blank\" rel=\"noreferrer noopener\">www.subsidioelectrico.cl<\/a>&nbsp;o tambi\u00e9n acercarse a las oficinas del IPS que tiene una red de atenci\u00f3n a lo largo de la Regi\u00f3n de Coquimbo, con distintas sucursales en todas las comunas para que puedan acercarse y hacer el tr\u00e1mite. Lo que queremos es que este subsidio, en esta segunda etapa, pueda llegar a todas estas familias que pueden acceder a \u00e9l y que no les est\u00e1 llegando, dado que vimos que la primera experiencia fue muy exitosa\u201d.<\/p>\n\n\n\n<p>El seremi de Energ\u00eda, Eduardo Lara, subray\u00f3 que \u201cen nuestra Regi\u00f3n a\u00fan faltan que postulen 130 mil familias, por eso las estamos invitando a que postulen. El beneficio est\u00e1 dividido en tres tramos: las familias unipersonales, familias de uno o dos integrantes, o grupos de m\u00e1s de cuatro integrantes\u2026 es decir, a mayor cantidad de personas mayor es el consumo el\u00e9ctrico, porque esto viene a reducir el impacto del alza de la energ\u00eda en las familias m\u00e1s vulnerables\u201d.<\/p>\n\n\n\n<p>El seremi de Desarrollo Social y Familia, Eduardo Alcayaga, indic\u00f3 que \u201clas personas que en su hogar haya alg\u00fan paciente electrodependiente, evidentemente tiene una preferencia y tiene s\u00f3lo dos requisitos. Uno, que est\u00e9 en el Registro de Pacientes Electrodependientes y segundo, que pertenezca tambi\u00e9n y est\u00e9 en el Registro Social de Hogares. Con eso es suficiente, no tiene que tener una calificaci\u00f3n econ\u00f3mica diferente, sino solamente estar registrado. Segundo, estando en el 40% m\u00e1s vulnerable, si en el hogar hay alguna persona cuidadora registrada; una persona con discapacidad, dependencia o tambi\u00e9n si el hogar tiene a una persona adulta mayor, tienen una prioridad para poder, justamente, adjudicarse el subsidio el\u00e9ctrico\u201d.<\/p>\n\n\n\n<p>El seremi del Trabajo y Previsi\u00f3n Social, Francisco Brizuela, indic\u00f3 que \u201ctodas las oficinas de Chile Atiende estar\u00e1n recibiendo al p\u00fablico para poder contribuir o colaborar a la postulaci\u00f3n del subsidio el\u00e9ctrico en horario normal. El plazo es hasta el mi\u00e9rcoles a las 10:00 de la ma\u00f1ana. Las personas se pueden presentar con la boleta de la luz y no es necesario tener la clave \u00fanica\u201d.<\/p>\n\n\n\n<p>La postulaci\u00f3n en el sitio web&nbsp;<a href=\"http:\/\/www.subsidioelectrico.cl\/\" target=\"_blank\" rel=\"noreferrer noopener\">www.subsidioelectrico.cl<\/a>&nbsp;se extender\u00e1 hasta este mi\u00e9rcoles 6 de noviembre. Al portal se ingresa con la c\u00e9dula de identidad, la clave \u00fanica y el n\u00famero de cliente de la empresa el\u00e9ctrica. En caso de no tener la clave \u00fanica el tr\u00e1mite se puede efectuar en las oficinas del IPS (Chile Atiende) o de manera telef\u00f3nica llamando al 101.<\/p>\n","protected":false},"excerpt":{"rendered":"<p>*Las autoridades llegaron a las oficinas del IPS de la ciudad \u2013 puerto para promover este beneficio que permitir\u00e1 una rebaja en las cuentas de la luz a contar de enero de 2025. Hasta las oficinas del IPS de Coquimbo llegaron las autoridades encabezadas por el delegado presidencial regional, Galo Luna, junto a los seremis &#8230;<\/p>\n","protected":false},"author":2,"featured_media":11963,"comment_status":"open","ping_status":"open","sticky":false,"template":"","format":"standard","meta":{"footnotes":""},"categories":[3],"tags":[],"class_list":["post-11962","post","type-post","status-publish","format-standard","has-post-thumbnail","hentry","category-actualidad"],"_links":{"self":[{"href":"https:\/\/www.radiolimari.cl\/index.php?rest_route=\/wp\/v2\/posts\/11962","targetHints":{"allow":["GET"]}}],"collection":[{"href":"https:\/\/www.radiolimari.cl\/index.php?rest_route=\/wp\/v2\/posts"}],"about":[{"href":"https:\/\/www.radiolimari.cl\/index.php?rest_route=\/wp\/v2\/types\/post"}],"author":[{"embeddable":true,"href":"https:\/\/www.radiolimari.cl\/index.php?rest_route=\/wp\/v2\/users\/2"}],"replies":[{"embeddable":true,"href":"https:\/\/www.radiolimari.cl\/index.php?rest_route=%2Fwp%2Fv2%2Fcomments&post=11962"}],"version-history":[{"count":1,"href":"https:\/\/www.radiolimari.cl\/index.php?rest_route=\/wp\/v2\/posts\/11962\/revisions"}],"predecessor-version":[{"id":11964,"href":"https:\/\/www.radiolimari.cl\/index.php?rest_route=\/wp\/v2\/posts\/11962\/revisions\/11964"}],"wp:featuredmedia":[{"embeddable":true,"href":"https:\/\/www.radiolimari.cl\/index.php?rest_route=\/wp\/v2\/media\/11963"}],"wp:attachment":[{"href":"https:\/\/www.radiolimari.cl\/index.php?rest_route=%2Fwp%2Fv2%2Fmedia&parent=11962"}],"wp:term":[{"taxonomy":"category","embeddable":true,"href":"https:\/\/www.radiolimari.cl\/index.php?rest_route=%2Fwp%2Fv2%2Fcategories&post=11962"},{"taxonomy":"post_tag","embeddable":true,"href":"https:\/\/www.radiolimari.cl\/index.php?rest_route=%2Fwp%2Fv2%2Ftags&post=11962"}],"curies":[{"name":"wp","href":"https:\/\/api.w.org\/{rel}","templated":true}]}}