{"id":11959,"date":"2024-11-04T23:34:27","date_gmt":"2024-11-04T23:34:27","guid":{"rendered":"https:\/\/www.radiolimari.cl\/?p=11959"},"modified":"2024-11-04T23:34:28","modified_gmt":"2024-11-04T23:34:28","slug":"atencion-organizaciones-campesinas-ultimos-dias-para-inscribir-a-su-candidato-o-candidata-para-el-consejo-asesor-regional-car-de-indap","status":"publish","type":"post","link":"https:\/\/www.radiolimari.cl\/?p=11959","title":{"rendered":"Atenci\u00f3n organizaciones campesinas: \u00daltimos d\u00edas para inscribir a su candidato o candidata para el Consejo Asesor Regional (CAR) de INDAP."},"content":{"rendered":"\n<figure class=\"wp-block-image size-full\"><a href=\"https:\/\/www.radiolimari.cl\/wp-content\/uploads\/2024\/11\/Hasta-el-7-de-noviembre-las-organizaciones-campesinas-pueden-inscribir-un-candidato-o-candidata-para-el-CAR-de-INDAP.jpg\"><img fetchpriority=\"high\" decoding=\"async\" width=\"691\" height=\"502\" src=\"https:\/\/www.radiolimari.cl\/wp-content\/uploads\/2024\/11\/Hasta-el-7-de-noviembre-las-organizaciones-campesinas-pueden-inscribir-un-candidato-o-candidata-para-el-CAR-de-INDAP.jpg\" alt=\"\" class=\"wp-image-11960\" srcset=\"https:\/\/www.radiolimari.cl\/wp-content\/uploads\/2024\/11\/Hasta-el-7-de-noviembre-las-organizaciones-campesinas-pueden-inscribir-un-candidato-o-candidata-para-el-CAR-de-INDAP.jpg 691w, https:\/\/www.radiolimari.cl\/wp-content\/uploads\/2024\/11\/Hasta-el-7-de-noviembre-las-organizaciones-campesinas-pueden-inscribir-un-candidato-o-candidata-para-el-CAR-de-INDAP-300x218.jpg 300w\" sizes=\"(max-width: 691px) 100vw, 691px\" \/><\/a><\/figure>\n\n\n\n<p><em>Pueden realizar el tr\u00e1mite hasta el jueves 7 de noviembre del 2024, desde las 09:00 y hasta las 14:00 horas en su respectiva agencia de \u00e1rea.<\/em><\/p>\n\n\n\n<p>Participar en la toma de decisiones y otorgar ideas u opiniones que contribuyan al crecimiento del Mundo Rural es la invitaci\u00f3n que realiza el Instituto de Desarrollo Agropecuario (INDAP) a la Agricultura Familiar Campesina de la regi\u00f3n de Coquimbo.<\/p>\n\n\n\n<p>En espec\u00edfico, el servicio del agro le recuerda a sus usuarios y usuarias que tienen hasta el jueves 7 de noviembre para inscribir su candidatura al Consejo Asesor Regional (CAR) 2024-2028, instancia de participaci\u00f3n que promueve el desarrollo rural y las mejoras en las condiciones de vida de las comunidades rurales.<\/p>\n\n\n\n<p>Las organizaciones productivas y de representaci\u00f3n de peque\u00f1os productores agr\u00edcolas y campesinos, con personalidad jur\u00eddica e inscritas previamente en el Registro Regional de Organizaciones de INDAP podr\u00e1n presentar un candidato o una candidata, el cual debe ser parte de la directiva de la organizaci\u00f3n.<\/p>\n\n\n\n<p>En este sentido, el Director Regional de INDAP, V\u00edctor Illanes, hizo hincapi\u00e9 en que \u201ces de suma importancia que los habitantes del Mundo Rural se sumen a estas iniciativas, porque queremos trabajar de la mano con ellos y as\u00ed desde nuestra vereda brindar los aportes m\u00e1s eficientes ante los distintos desaf\u00edos que tiene actualmente el sector. Necesitamos de su apoyo para que juntos y juntas sigamos transformando positivamente el campo, y por eso extendemos la invitaci\u00f3n a inscribirse como candidato o candidata para nuestro CAR, lo cual podr\u00e1n hacer hasta el jueves 7 de noviembre, desde las 09:00 y hasta las 14:00 horas, en su respectiva agencia de \u00e1rea INDAP\u201d.<\/p>\n\n\n\n<p>Mediante el CAR se propicia un espacio de di\u00e1logo y colaboraci\u00f3n entre el servicio del agro y las organizaciones usuarias representativas del sector campesino. En detalle, dicho consejo es integrado por el Secretario Regional Ministerial de Agricultura, el Secretario Regional Ministerial de Desarrollo Social y Familia, y por cinco representantes de organizaciones de peque\u00f1os productores agr\u00edcolas y campesinos con personalidad jur\u00eddica.<\/p>\n\n\n\n<p>\u201cDesde nuestra cartera buscamos el crecimiento eficiente e integral de la Agricultura Familiar Campesina e Ind\u00edgena, y por eso es esencial el trabajo mancomunado entre los distintos servicios de Minagri y los habitantes del Mundo Rural. Por lo anterior, reiteramos el llamado a las organizaciones campesinas para que presenten a sus candidatos o candidatas a esta importante instancia de participaci\u00f3n, porque queremos escucharlos, nos importa conocer sus opiniones y requerimientos, ya que ha sido el compromiso que desde el d\u00eda uno estableci\u00f3 el Presidente Gabriel Boric y lo que es clave para entregar una mejor calidad de vida a los campesinos y campesinas\u201d, destac\u00f3 el Seremi de Agricultura, Christian \u00c1lvarez.<\/p>\n\n\n\n<p>Por su parte, el Seremi de Desarrollo Social y Familia, Eduardo Alcayaga, indic\u00f3 que \u201ctal como nos ha instruido el Presidente Gabriel Boric, desde nuestro ministerio trabajamos con las familias. Por eso, como integrante del CAR, es fundamental la labor junto a la Agricultura Familiar Campesina e Ind\u00edgena, definiendo lineamientos que deriven en una mejor calidad de vida para el Mundo Rural. Por ello, como Gobierno, invitamos a realizar el tr\u00e1mite de inscripci\u00f3n y as\u00ed participar de lo que ser\u00e1n las elecciones de la directiva del CAR\u201d.<\/p>\n\n\n\n<p>Ante dudas o consultas los interesados e interesadas deber\u00e1n contactarse al correo abrito@indap.cl o al tel\u00e9fono 51 267 3825.<\/p>\n\n\n\n<p><strong>LAS VOTACIONES<\/strong><\/p>\n\n\n\n<p>Cada organizaci\u00f3n que est\u00e9 inscrita en el Registro Regional de Organizaciones de INDAP tendr\u00e1 derecho a un voto, el cual debe ser emitido por su representante legal o por alg\u00fan integrante de la directiva.<\/p>\n\n\n\n<p>Se elegir\u00e1n cinco representantes, con a lo menos, un representante por provincia y resultar\u00e1n electos quienes obtengan las m\u00e1s altas mayor\u00edas relativas de su respectivo territorio.<\/p>\n\n\n\n<p>El proceso de votaciones se llevar\u00e1 a cabo desde las 09:00 y hasta las 13:00 horas en las agencias de \u00e1rea INDAP, seg\u00fan el siguiente calendario:<\/p>\n\n\n\n<ul class=\"wp-block-list\">\n<li>\u00c1rea INDAP Illapel (Independencia N\u00b0 0279, Illapel) el martes 19 de noviembre del 2024.<\/li>\n\n\n\n<li>\u00c1rea INDAP Combarbal\u00e1 (Maip\u00fa N\u00b0 96, Combarbal\u00e1) el mi\u00e9rcoles 20 de noviembre del 2024.<\/li>\n\n\n\n<li>\u00c1rea INDAP Ovalle (Miguel Aguirre Perry N\u00b0 335 Edificios P\u00fablicos 2do Piso, oficina 201, Ovalle) el mi\u00e9rcoles 20 de noviembre del 2024<\/li>\n\n\n\n<li>La Serena (Av. Juan Cisternas N\u00b0 1235, La Serena) el jueves 21 de noviembre del 2024.<\/li>\n<\/ul>\n","protected":false},"excerpt":{"rendered":"<p>Pueden realizar el tr\u00e1mite hasta el jueves 7 de noviembre del 2024, desde las 09:00 y hasta las 14:00 horas en su respectiva agencia de \u00e1rea. Participar en la toma de decisiones y otorgar ideas u opiniones que contribuyan al crecimiento del Mundo Rural es la invitaci\u00f3n que realiza el Instituto de Desarrollo Agropecuario (INDAP) &#8230;<\/p>\n","protected":false},"author":2,"featured_media":11960,"comment_status":"open","ping_status":"open","sticky":false,"template":"","format":"standard","meta":{"footnotes":""},"categories":[6],"tags":[],"class_list":["post-11959","post","type-post","status-publish","format-standard","has-post-thumbnail","hentry","category-regionales"],"_links":{"self":[{"href":"https:\/\/www.radiolimari.cl\/index.php?rest_route=\/wp\/v2\/posts\/11959","targetHints":{"allow":["GET"]}}],"collection":[{"href":"https:\/\/www.radiolimari.cl\/index.php?rest_route=\/wp\/v2\/posts"}],"about":[{"href":"https:\/\/www.radiolimari.cl\/index.php?rest_route=\/wp\/v2\/types\/post"}],"author":[{"embeddable":true,"href":"https:\/\/www.radiolimari.cl\/index.php?rest_route=\/wp\/v2\/users\/2"}],"replies":[{"embeddable":true,"href":"https:\/\/www.radiolimari.cl\/index.php?rest_route=%2Fwp%2Fv2%2Fcomments&post=11959"}],"version-history":[{"count":1,"href":"https:\/\/www.radiolimari.cl\/index.php?rest_route=\/wp\/v2\/posts\/11959\/revisions"}],"predecessor-version":[{"id":11961,"href":"https:\/\/www.radiolimari.cl\/index.php?rest_route=\/wp\/v2\/posts\/11959\/revisions\/11961"}],"wp:featuredmedia":[{"embeddable":true,"href":"https:\/\/www.radiolimari.cl\/index.php?rest_route=\/wp\/v2\/media\/11960"}],"wp:attachment":[{"href":"https:\/\/www.radiolimari.cl\/index.php?rest_route=%2Fwp%2Fv2%2Fmedia&parent=11959"}],"wp:term":[{"taxonomy":"category","embeddable":true,"href":"https:\/\/www.radiolimari.cl\/index.php?rest_route=%2Fwp%2Fv2%2Fcategories&post=11959"},{"taxonomy":"post_tag","embeddable":true,"href":"https:\/\/www.radiolimari.cl\/index.php?rest_route=%2Fwp%2Fv2%2Ftags&post=11959"}],"curies":[{"name":"wp","href":"https:\/\/api.w.org\/{rel}","templated":true}]}}