{"id":11942,"date":"2024-10-22T22:18:03","date_gmt":"2024-10-22T22:18:03","guid":{"rendered":"https:\/\/www.radiolimari.cl\/?p=11942"},"modified":"2024-10-22T22:18:04","modified_gmt":"2024-10-22T22:18:04","slug":"ovalle-contara-con-15-locales-de-votacion-para-las-elecciones-del-26-y-27-de-octubre","status":"publish","type":"post","link":"https:\/\/www.radiolimari.cl\/?p=11942","title":{"rendered":"Ovalle contar\u00e1 con 15 locales de votaci\u00f3n para las elecciones del 26 y 27 de octubre."},"content":{"rendered":"\n<figure class=\"wp-block-image size-large\"><a href=\"https:\/\/www.radiolimari.cl\/wp-content\/uploads\/2024\/10\/LOCALES-DE-VOTACION-3-scaled.jpg\"><img fetchpriority=\"high\" decoding=\"async\" width=\"1024\" height=\"576\" src=\"https:\/\/www.radiolimari.cl\/wp-content\/uploads\/2024\/10\/LOCALES-DE-VOTACION-3-1024x576.jpg\" alt=\"\" class=\"wp-image-11943\" srcset=\"https:\/\/www.radiolimari.cl\/wp-content\/uploads\/2024\/10\/LOCALES-DE-VOTACION-3-1024x576.jpg 1024w, https:\/\/www.radiolimari.cl\/wp-content\/uploads\/2024\/10\/LOCALES-DE-VOTACION-3-300x169.jpg 300w, https:\/\/www.radiolimari.cl\/wp-content\/uploads\/2024\/10\/LOCALES-DE-VOTACION-3-768x432.jpg 768w, https:\/\/www.radiolimari.cl\/wp-content\/uploads\/2024\/10\/LOCALES-DE-VOTACION-3-1536x864.jpg 1536w, https:\/\/www.radiolimari.cl\/wp-content\/uploads\/2024\/10\/LOCALES-DE-VOTACION-3-2048x1152.jpg 2048w\" sizes=\"(max-width: 1024px) 100vw, 1024px\" \/><\/a><\/figure>\n\n\n\n<p><strong><em>El municipio de Ovalle est\u00e1 a cargo de la implementaci\u00f3n de los centros de votaci\u00f3n, con la habilitaci\u00f3n de mesas, urnas y casetas, proceso que se inicia este mi\u00e9rcoles 23 de octubre, desde las 13 horas, junto con la llegada de personal militar que estar\u00e1 a cargo de la seguridad de los recintos.&nbsp;&nbsp;<\/em><\/strong><\/p>\n\n\n\n<p><a>15 locales de votaci\u00f3n tendr\u00e1 la comuna de Ovalle para el desarrollo de las elecciones de gobernadores regionales, consejeros regionales, alcaldes y concejales, que se realizar\u00e1n en nuestro pa\u00eds, el pr\u00f3ximo s\u00e1bado 26 y domingo 27 de octubre.&nbsp;<\/a><\/p>\n\n\n\n<p>El municipio de Ovalle se har\u00e1 cargo de la implementaci\u00f3n de las mesas, urnas y casetas para el buen funcionamiento de los recintos asignados como locales de votaci\u00f3n, que en su conjunto tendr\u00e1n 245 mesas, para un total de 95.605 personas habilitadas para sufragar en la comuna.&nbsp;&nbsp;<\/p>\n\n\n\n<p>Para esta jornada doble, se habilitar\u00e1n el Liceo Alejandro \u00c1lvarez Jofr\u00e9 (25 mesas, 9881 electores), el Liceo Bicentenario Polit\u00e9cnico (22 mesas, 8545 electores), el Liceo Estela \u00c1vila Molina (16 mesas, 6318 electores), la Escuela Arturo Villal\u00f3n de Cerrillos de Tamaya (13 mesas, 7153 electores), la Escuela Arturo Alessandri Palma (18 mesas, 7153 electores), el Estadio Diaguita (23 mesas, 9019 electores), el Colegio de las Artes Eliseo Videla Jorquera (19 mesas, 7375 electores), la Escuela Padre Joseph Stegmeier de Sotaqui (12 mesas, 4661 electores) y la Escuela &nbsp;Heberto Vel\u00e1squez de Huamalata (8 mesas, 3037 electores). A estos se suman, la Escuela Oscar Araya Molina (17 mesas, 6733 electores), la Escuela Antonio Tirado Lanas (14 mesas, 5476 electores), el Colegio de Administraci\u00f3n y Comercio El Ingenio (22 mesas, 8788 electores), la Escuela Bernardo O\u2019Higgins de La Chimba (13 mesas, 5150 electores), la Escuela Jos\u00e9 Tom\u00e1s Ovalle (14 mesas, 5304 electores) y la Escuela de Barraza Bajo (9 mesas, 3277 electores). &nbsp;<\/p>\n\n\n\n<p>\u201cEl ordenamiento y la disposici\u00f3n de mesas, urnas y casetas son parte de las obligaciones que tienen las municipalidades por ley ante un proceso eleccionario. En Ovalle estas labores la iniciaremos mi\u00e9rcoles 23 de octubres, desde las 13.00 horas, y se extender\u00e1 hasta el viernes 25 de octubre. En tanto, el personal militar designado para la comuna, se har\u00e1 cargo de la seguridad de los recintos educacionales, desde el mi\u00e9rcoles 23 de octubre y hasta el lunes 28 de octubre\u201d indic\u00f3 el director de Medio Ambiente, Aseo y Ornato, Marcelo Tabilo.<\/p>\n","protected":false},"excerpt":{"rendered":"<p>El municipio de Ovalle est\u00e1 a cargo de la implementaci\u00f3n de los centros de votaci\u00f3n, con la habilitaci\u00f3n de mesas, urnas y casetas, proceso que se inicia este mi\u00e9rcoles 23 de octubre, desde las 13 horas, junto con la llegada de personal militar que estar\u00e1 a cargo de la seguridad de los recintos.&nbsp;&nbsp; 15 locales &#8230;<\/p>\n","protected":false},"author":2,"featured_media":11943,"comment_status":"open","ping_status":"open","sticky":false,"template":"","format":"standard","meta":{"footnotes":""},"categories":[5],"tags":[],"class_list":["post-11942","post","type-post","status-publish","format-standard","has-post-thumbnail","hentry","category-actualidad-limarina"],"_links":{"self":[{"href":"https:\/\/www.radiolimari.cl\/index.php?rest_route=\/wp\/v2\/posts\/11942","targetHints":{"allow":["GET"]}}],"collection":[{"href":"https:\/\/www.radiolimari.cl\/index.php?rest_route=\/wp\/v2\/posts"}],"about":[{"href":"https:\/\/www.radiolimari.cl\/index.php?rest_route=\/wp\/v2\/types\/post"}],"author":[{"embeddable":true,"href":"https:\/\/www.radiolimari.cl\/index.php?rest_route=\/wp\/v2\/users\/2"}],"replies":[{"embeddable":true,"href":"https:\/\/www.radiolimari.cl\/index.php?rest_route=%2Fwp%2Fv2%2Fcomments&post=11942"}],"version-history":[{"count":1,"href":"https:\/\/www.radiolimari.cl\/index.php?rest_route=\/wp\/v2\/posts\/11942\/revisions"}],"predecessor-version":[{"id":11944,"href":"https:\/\/www.radiolimari.cl\/index.php?rest_route=\/wp\/v2\/posts\/11942\/revisions\/11944"}],"wp:featuredmedia":[{"embeddable":true,"href":"https:\/\/www.radiolimari.cl\/index.php?rest_route=\/wp\/v2\/media\/11943"}],"wp:attachment":[{"href":"https:\/\/www.radiolimari.cl\/index.php?rest_route=%2Fwp%2Fv2%2Fmedia&parent=11942"}],"wp:term":[{"taxonomy":"category","embeddable":true,"href":"https:\/\/www.radiolimari.cl\/index.php?rest_route=%2Fwp%2Fv2%2Fcategories&post=11942"},{"taxonomy":"post_tag","embeddable":true,"href":"https:\/\/www.radiolimari.cl\/index.php?rest_route=%2Fwp%2Fv2%2Ftags&post=11942"}],"curies":[{"name":"wp","href":"https:\/\/api.w.org\/{rel}","templated":true}]}}