{"id":11936,"date":"2024-10-22T21:58:19","date_gmt":"2024-10-22T21:58:19","guid":{"rendered":"https:\/\/www.radiolimari.cl\/?p=11936"},"modified":"2024-10-22T21:58:20","modified_gmt":"2024-10-22T21:58:20","slug":"mineduc-informa-medidas-para-establecimientos-que-funcionaran-como-locales-de-votacion-en-las-elecciones","status":"publish","type":"post","link":"https:\/\/www.radiolimari.cl\/?p=11936","title":{"rendered":"Mineduc informa medidas para establecimientos que funcionar\u00e1n como locales de votaci\u00f3n en las elecciones"},"content":{"rendered":"\n<figure class=\"wp-block-image size-full\"><a href=\"https:\/\/www.radiolimari.cl\/wp-content\/uploads\/2024\/10\/elecciones-municipales-2024-buscador-candidatos-comuna-meganoticias_180619_3_6711683a29b5b.jpg\"><img fetchpriority=\"high\" decoding=\"async\" width=\"499\" height=\"282\" src=\"https:\/\/www.radiolimari.cl\/wp-content\/uploads\/2024\/10\/elecciones-municipales-2024-buscador-candidatos-comuna-meganoticias_180619_3_6711683a29b5b.jpg\" alt=\"\" class=\"wp-image-11937\" srcset=\"https:\/\/www.radiolimari.cl\/wp-content\/uploads\/2024\/10\/elecciones-municipales-2024-buscador-candidatos-comuna-meganoticias_180619_3_6711683a29b5b.jpg 499w, https:\/\/www.radiolimari.cl\/wp-content\/uploads\/2024\/10\/elecciones-municipales-2024-buscador-candidatos-comuna-meganoticias_180619_3_6711683a29b5b-300x170.jpg 300w\" sizes=\"(max-width: 499px) 100vw, 499px\" \/><\/a><\/figure>\n\n\n\n<p><em>Debido a que el jueves del 24 de octubre los delegados de las Juntas Electorales, junto con las Fuerzas Armadas y Carabineros, se instalar\u00e1n en los recintos de votaci\u00f3n, se suspenden las actividades escolares, a partir de ese d\u00eda hasta el lunes 28 para facilitar el proceso electoral. Lo anterior, aplica tanto para establecimientos p\u00fablicos, como particulares subvencionados y particulares pagados.<\/em><\/p>\n\n\n\n<p>El Ministerio de Educaci\u00f3n inform\u00f3 que, por motivo de las Elecciones Municipales y Regionales que se llevar\u00e1n a cabo este s\u00e1bado 26 y domingo 27 de octubre, se determin\u00f3 la suspensi\u00f3n de clases en establecimientos educacionales que funcionen como locales de votaci\u00f3n y sedes de colegios escrutadores. La medida, aplica tanto para establecimientos p\u00fablicos, particulares subvencionados y particulares pagados.\u00a0<\/p>\n\n\n\n<p>La normativa vigente establece que, a partir de las 9:00 horas del jueves del 24 de octubre, los delegados de las Juntas Electorales, junto con las Fuerzas Armadas y Carabineros, se instalar\u00e1n en los recintos de votaci\u00f3n, por lo que se deber\u00e1n suspender las actividades escolares para facilitar el proceso electoral.&nbsp;<\/p>\n\n\n\n<p>En esa l\u00ednea, la subsecretaria Alejandra Arratia sostuvo que la medida \u201cresponde a una articulaci\u00f3n entre distintas instituciones del Estado para garantizar un proceso eleccionario seguro, responsable y transparente, junto con velar por la seguridad y resguardo de las comunidades educativas\u201d. Asimismo, reforz\u00f3 que \u201cla participaci\u00f3n ciudadana es fundamental en este proceso democr\u00e1tico, por lo que hacemos un llamado para que las y los votantes ejerzan su derecho a sufragar de modo informado en estas elecciones\u201d.<\/p>\n\n\n\n<p>La suspensi\u00f3n de clases se ha dispuesto de la siguiente manera: &nbsp;<\/p>\n\n\n\n<p>\u00b7&nbsp;&nbsp;&nbsp;&nbsp;&nbsp;&nbsp; &nbsp;<strong>Establecimientos educacionales que funcionen como locales de votaci\u00f3n:&nbsp;<\/strong>tendr\u00e1n suspensi\u00f3n de clases desde el jueves 24 de octubre hasta el lunes 28 de octubre. En total, ser\u00e1n 3.268 establecimientos educacionales los que funcionar\u00e1n como locales de votaci\u00f3n (el 29,58% de los establecimientos del pa\u00eds). &nbsp;<\/p>\n\n\n\n<p>\u00b7&nbsp;&nbsp;&nbsp;&nbsp;&nbsp;&nbsp; &nbsp;<strong>Establecimientos educacionales que funcionen como sedes de colegio escrutador:&nbsp;<\/strong>tendr\u00e1n suspensi\u00f3n de clases desde el jueves 24 de octubre hasta el martes 29 de octubre. Estos son 491 establecimientos (el 4,44% de los establecimientos) a lo largo del pa\u00eds. &nbsp;<\/p>\n\n\n\n<p>La suspensi\u00f3n&nbsp;de clases para estos d\u00edas no contemplar\u00e1 la recuperaci\u00f3n de clases debido a la naturaleza de la medida. Sin embargo, y frente a consultas que se han recibido como Ministerio de Educaci\u00f3n de parte de algunos sostenedores, se informa que en caso de que alg\u00fan sostenedor cuente con las condiciones para realizar clases el lunes 28, el Mineduc autorizar\u00e1 las solicitudes, que deben seguir el curso habitual a trav\u00e9s de las respectivas seremis de cada regi\u00f3n.<\/p>\n","protected":false},"excerpt":{"rendered":"<p>Debido a que el jueves del 24 de octubre los delegados de las Juntas Electorales, junto con las Fuerzas Armadas y Carabineros, se instalar\u00e1n en los recintos de votaci\u00f3n, se suspenden las actividades escolares, a partir de ese d\u00eda hasta el lunes 28 para facilitar el proceso electoral. Lo anterior, aplica tanto para establecimientos p\u00fablicos, &#8230;<\/p>\n","protected":false},"author":2,"featured_media":11937,"comment_status":"open","ping_status":"open","sticky":false,"template":"","format":"standard","meta":{"footnotes":""},"categories":[3],"tags":[],"class_list":["post-11936","post","type-post","status-publish","format-standard","has-post-thumbnail","hentry","category-actualidad"],"_links":{"self":[{"href":"https:\/\/www.radiolimari.cl\/index.php?rest_route=\/wp\/v2\/posts\/11936","targetHints":{"allow":["GET"]}}],"collection":[{"href":"https:\/\/www.radiolimari.cl\/index.php?rest_route=\/wp\/v2\/posts"}],"about":[{"href":"https:\/\/www.radiolimari.cl\/index.php?rest_route=\/wp\/v2\/types\/post"}],"author":[{"embeddable":true,"href":"https:\/\/www.radiolimari.cl\/index.php?rest_route=\/wp\/v2\/users\/2"}],"replies":[{"embeddable":true,"href":"https:\/\/www.radiolimari.cl\/index.php?rest_route=%2Fwp%2Fv2%2Fcomments&post=11936"}],"version-history":[{"count":1,"href":"https:\/\/www.radiolimari.cl\/index.php?rest_route=\/wp\/v2\/posts\/11936\/revisions"}],"predecessor-version":[{"id":11938,"href":"https:\/\/www.radiolimari.cl\/index.php?rest_route=\/wp\/v2\/posts\/11936\/revisions\/11938"}],"wp:featuredmedia":[{"embeddable":true,"href":"https:\/\/www.radiolimari.cl\/index.php?rest_route=\/wp\/v2\/media\/11937"}],"wp:attachment":[{"href":"https:\/\/www.radiolimari.cl\/index.php?rest_route=%2Fwp%2Fv2%2Fmedia&parent=11936"}],"wp:term":[{"taxonomy":"category","embeddable":true,"href":"https:\/\/www.radiolimari.cl\/index.php?rest_route=%2Fwp%2Fv2%2Fcategories&post=11936"},{"taxonomy":"post_tag","embeddable":true,"href":"https:\/\/www.radiolimari.cl\/index.php?rest_route=%2Fwp%2Fv2%2Ftags&post=11936"}],"curies":[{"name":"wp","href":"https:\/\/api.w.org\/{rel}","templated":true}]}}