{"id":11933,"date":"2024-10-21T23:59:53","date_gmt":"2024-10-21T23:59:53","guid":{"rendered":"https:\/\/www.radiolimari.cl\/?p=11933"},"modified":"2024-10-21T23:59:54","modified_gmt":"2024-10-21T23:59:54","slug":"anuncian-adjudicacion-para-las-obras-del-nuevo-cesfam-el-palqui-en-monte-patria","status":"publish","type":"post","link":"https:\/\/www.radiolimari.cl\/?p=11933","title":{"rendered":"Anuncian adjudicaci\u00f3n para las obras del nuevo CESFAM El Palqui en Monte Patria."},"content":{"rendered":"\n<figure class=\"wp-block-image size-large\"><a href=\"https:\/\/www.radiolimari.cl\/wp-content\/uploads\/2024\/10\/IMG_5270-scaled.jpg\"><img fetchpriority=\"high\" decoding=\"async\" width=\"1024\" height=\"683\" src=\"https:\/\/www.radiolimari.cl\/wp-content\/uploads\/2024\/10\/IMG_5270-1024x683.jpg\" alt=\"\" class=\"wp-image-11934\" srcset=\"https:\/\/www.radiolimari.cl\/wp-content\/uploads\/2024\/10\/IMG_5270-1024x683.jpg 1024w, https:\/\/www.radiolimari.cl\/wp-content\/uploads\/2024\/10\/IMG_5270-300x200.jpg 300w, https:\/\/www.radiolimari.cl\/wp-content\/uploads\/2024\/10\/IMG_5270-768x512.jpg 768w, https:\/\/www.radiolimari.cl\/wp-content\/uploads\/2024\/10\/IMG_5270-1536x1024.jpg 1536w, https:\/\/www.radiolimari.cl\/wp-content\/uploads\/2024\/10\/IMG_5270-2048x1365.jpg 2048w\" sizes=\"(max-width: 1024px) 100vw, 1024px\" \/><\/a><\/figure>\n\n\n\n<p><strong><em>Una importante y anhelada noticia para la comunidad, gracias al esfuerzo del Gobierno de Chile y el Servicio de Salud Coquimbo tras la constante insistencia de la administraci\u00f3n municipal de Monte Patria.<\/em><\/strong><strong><em><\/em><\/strong><\/p>\n\n\n\n<p>Tras un reajuste presupuestario presentado en enero de este a\u00f1o por las autoridades nacionales, este viernes las autoridades comunicaron a la comunidad la adjudicaci\u00f3n de las obras del nuevo Centro de Salud Familiar de El Palqui en la comuna de Monte Patria, el cual beneficiar\u00e1 a una poblaci\u00f3n aproximada de 10.000 personas.<\/p>\n\n\n\n<p>Luego del cierre de la licitaci\u00f3n p\u00fablica para la reposici\u00f3n del establecimiento de salud, se termin\u00f3 la evaluaci\u00f3n y las obras del nuevo CESFAM se adjudicaron a una empresa constructora. El Delegado Presidencial Regional, Galo Luna Penna se\u00f1al\u00f3 <strong><em>\u201cEste Cesfam muy necesario que durante mucho tiempo se hab\u00eda postergado por distintas razones y hoy d\u00eda ya lo logramos concretar como Gobierno. Una muy buena noticia para la gente de El Palqui que requer\u00eda una nueva infraestructura m\u00e1s grande y que permitiera tambi\u00e9n una mejor atenci\u00f3n de calidad a los usuarios\u201d.<\/em><\/strong><\/p>\n\n\n\n<p>Este proyecto habr\u00eda entrado en un proceso de reevaluaci\u00f3n, dado que el monto originalmente otorgado hab\u00eda sido altamente sobrepasado por las licitaciones ofrecidas, por lo que en esta ocasi\u00f3n se autoriz\u00f3 un monto mayor para la construcci\u00f3n de la nueva infraestructura local.<\/p>\n\n\n\n<p>El Director del Servicio Salud Coquimbo, Ernesto Jorquera mencion\u00f3 \u201c<strong><em>Entregamos esta adjudicaci\u00f3n a la Contralor\u00eda para que ellos tomen raz\u00f3n de este proceso y quisimos comunic\u00e1rselo a la comunidad porque la verdad, las comunidades estas fases no las ven y nadie se las cuenta. Nosotros encontramos que es importante decirles, hemos quemado una etapa m\u00e1s, ahora, despu\u00e9s de la toma de raz\u00f3n, ya podemos entrar a la fase de firmar el contrato y despu\u00e9s de eso entregar terreno para que empiecen las obras\u201d.<\/em><\/strong><\/p>\n\n\n\n<p>Una noticia aplaudida por los vecinos y vecinas del Consejo Consultivo de El Palqui y los funcionarios y funcionarias del centro asistencial que presenciaron el anuncio en la sala de espera de este mismo.<\/p>\n\n\n\n<p><strong>\u201cEsto significa un tremendo avance, no s\u00f3lo en infraestructura, sino que tambi\u00e9n tiene que ver con que nosotros podamos contar con los est\u00e1ndares de calidad que merece la gente, con darle dignidad en la atenci\u00f3n, que tengan un lugar como corresponde y nosotros tambi\u00e9n como funcionarios poder trabajar de alguna manera, de una forma m\u00e1s aliviada, contando cada uno con su espacio y que eso tambi\u00e9n le otorga dignidad a la atenci\u00f3n y dignidad al usuario nuestro, a nuestros funcionarios\u201d <\/strong>se\u00f1al\u00f3 Victor Pizarro, Director de Cesfam El Palqui.<\/p>\n\n\n\n<p>Una construcci\u00f3n cuyo financiamiento supera los 12 mil millones de pesos, cuenta con 2.382 m2 de infraestructura \u00fatil en un terreno de 8.808 m2. el cual actualmente es un sitio eriazo en la esquina de Avenida Las Palmeras, a un costado del Jard\u00edn Infantil. Este proyecto considera respetar la cancha de BMX y Dirt Jump de El Palqui.<\/p>\n\n\n\n<p>El futuro centro de salud considera unidad de Farmacia, sala multiuso, unidad de Programas de Alimentaci\u00f3n, unidad de Some, sector de Urgencias, \u00e1reas verdes, estacionamientos y casas para profesionales m\u00e9dicos, recursos aprobados por el Consejo Regional que incluye las obras civiles, equipamientos, equipos y veh\u00edculos<\/p>\n\n\n\n<p><strong><em>\u201cAgradecido y contento, con todas las personas que ayudaron de alguna u otra forma, con las autoridades que est\u00e1n a cargo, a los jefes de cada departamento que ayudaron para que esto saliera adelante. Son esperas de muchos a\u00f1os, de muchos a\u00f1os que ya muchas personas dejaron de existir esperando que esto se hiciera una realidad\u201d<\/em><\/strong>, mencion\u00f3 Mauricio Castillo Araya, Presidente del Consejo Consultivo El Palqui.<\/p>\n\n\n\n<p>Un nuevo centro asistencial que llegar\u00e1 a modernizar y agilizar la salud familiar en la localidad m\u00e1s poblada y transitada de los valles generosos.<\/p>\n","protected":false},"excerpt":{"rendered":"<p>Una importante y anhelada noticia para la comunidad, gracias al esfuerzo del Gobierno de Chile y el Servicio de Salud Coquimbo tras la constante insistencia de la administraci\u00f3n municipal de Monte Patria. Tras un reajuste presupuestario presentado en enero de este a\u00f1o por las autoridades nacionales, este viernes las autoridades comunicaron a la comunidad la &#8230;<\/p>\n","protected":false},"author":2,"featured_media":11934,"comment_status":"open","ping_status":"open","sticky":false,"template":"","format":"standard","meta":{"footnotes":""},"categories":[5],"tags":[],"class_list":["post-11933","post","type-post","status-publish","format-standard","has-post-thumbnail","hentry","category-actualidad-limarina"],"_links":{"self":[{"href":"https:\/\/www.radiolimari.cl\/index.php?rest_route=\/wp\/v2\/posts\/11933","targetHints":{"allow":["GET"]}}],"collection":[{"href":"https:\/\/www.radiolimari.cl\/index.php?rest_route=\/wp\/v2\/posts"}],"about":[{"href":"https:\/\/www.radiolimari.cl\/index.php?rest_route=\/wp\/v2\/types\/post"}],"author":[{"embeddable":true,"href":"https:\/\/www.radiolimari.cl\/index.php?rest_route=\/wp\/v2\/users\/2"}],"replies":[{"embeddable":true,"href":"https:\/\/www.radiolimari.cl\/index.php?rest_route=%2Fwp%2Fv2%2Fcomments&post=11933"}],"version-history":[{"count":1,"href":"https:\/\/www.radiolimari.cl\/index.php?rest_route=\/wp\/v2\/posts\/11933\/revisions"}],"predecessor-version":[{"id":11935,"href":"https:\/\/www.radiolimari.cl\/index.php?rest_route=\/wp\/v2\/posts\/11933\/revisions\/11935"}],"wp:featuredmedia":[{"embeddable":true,"href":"https:\/\/www.radiolimari.cl\/index.php?rest_route=\/wp\/v2\/media\/11934"}],"wp:attachment":[{"href":"https:\/\/www.radiolimari.cl\/index.php?rest_route=%2Fwp%2Fv2%2Fmedia&parent=11933"}],"wp:term":[{"taxonomy":"category","embeddable":true,"href":"https:\/\/www.radiolimari.cl\/index.php?rest_route=%2Fwp%2Fv2%2Fcategories&post=11933"},{"taxonomy":"post_tag","embeddable":true,"href":"https:\/\/www.radiolimari.cl\/index.php?rest_route=%2Fwp%2Fv2%2Ftags&post=11933"}],"curies":[{"name":"wp","href":"https:\/\/api.w.org\/{rel}","templated":true}]}}