{"id":11885,"date":"2024-09-30T23:32:52","date_gmt":"2024-09-30T23:32:52","guid":{"rendered":"https:\/\/www.radiolimari.cl\/?p=11885"},"modified":"2024-09-30T23:32:52","modified_gmt":"2024-09-30T23:32:52","slug":"escuela-el-crisol-de-ovalle-recibe-nuevo-suplemento-para-concluir-sus-obras","status":"publish","type":"post","link":"https:\/\/www.radiolimari.cl\/?p=11885","title":{"rendered":"Escuela el Crisol de Ovalle recibe nuevo suplemento para concluir sus obras."},"content":{"rendered":"\n<figure class=\"wp-block-image size-large\"><a href=\"https:\/\/www.radiolimari.cl\/wp-content\/uploads\/2024\/09\/IMG_1031-scaled.jpg\"><img fetchpriority=\"high\" decoding=\"async\" width=\"1024\" height=\"768\" src=\"https:\/\/www.radiolimari.cl\/wp-content\/uploads\/2024\/09\/IMG_1031-1024x768.jpg\" alt=\"\" class=\"wp-image-11886\" srcset=\"https:\/\/www.radiolimari.cl\/wp-content\/uploads\/2024\/09\/IMG_1031-1024x768.jpg 1024w, https:\/\/www.radiolimari.cl\/wp-content\/uploads\/2024\/09\/IMG_1031-300x225.jpg 300w, https:\/\/www.radiolimari.cl\/wp-content\/uploads\/2024\/09\/IMG_1031-768x576.jpg 768w, https:\/\/www.radiolimari.cl\/wp-content\/uploads\/2024\/09\/IMG_1031-1536x1152.jpg 1536w, https:\/\/www.radiolimari.cl\/wp-content\/uploads\/2024\/09\/IMG_1031-2048x1536.jpg 2048w\" sizes=\"(max-width: 1024px) 100vw, 1024px\" \/><\/a><\/figure>\n\n\n\n<p>Con este nuevo aporte del Gobierno Regional se espera concluir de manera definitiva con las construcciones de reposici\u00f3n comenzadas el a\u00f1o 2020 en la escuela b\u00e1sica.&nbsp;<\/p>\n\n\n\n<p>Tras a\u00f1os de espera por la comunidad ovallina, el t\u00e9rmino de la reposici\u00f3n de la Escuela B\u00e1sica El Crisol parece estar cada vez m\u00e1s cerca, luego que el Consejo Regional (CORE), durante su \u00faltima sesi\u00f3n, decidiera aprobar un suplemento de $529 millones para terminar las obras civiles, alcanzando, de esta manera, una inversi\u00f3n total de $2.552 millones.<\/p>\n\n\n\n<p>El presidente de la comisi\u00f3n de Educaci\u00f3n y Cultura, David Mu\u00f1oz, menciona que\u202f\u201cfue un largo trabajo el que se realiz\u00f3 en la comisi\u00f3n para llegar a este punto, pues, ha sido un proceso complejo y hoy estamos destrabando el proyecto y darle celeridad. Es por ello por lo que esperamos concluir las obras civiles de esta escuela b\u00e1sica lo antes posible, para as\u00ed lograr una mayor equidad territorial y asegurar el bienestar de los ciudadanos de la comuna\u201d.<\/p>\n\n\n\n<p>Asimismo, el gobernador Darwin Ibacache se\u00f1al\u00f3 que \u201cesta es una obra muy esperada por la comunidad educativa de la comuna y nos encontramos muy contentos de haber aprobado esta iniciativa que ayudar\u00e1 a los vecinos de Ovalle (\u2026) Nosotros, como Gobierno Regional, en conjunto a nuestros consejeros, seguiremos trabajando e invirtiendo en infraestructuras que ser\u00e1n de gran ayuda para todos los habitantes de nuestra regi\u00f3n\u201d.<\/p>\n\n\n\n<p>En s\u00ed, el suplemento entregado por el Gobierno Regional ser\u00e1 utilizado para la instalaci\u00f3n y construcci\u00f3n de un ascensor de acceso universal; la colocaci\u00f3n de porcelanato en distintos sectores; cielos de placa yeso y de cart\u00f3n americano de PVC; el revestimiento de front\u00f3n; colocaci\u00f3n de una estructura galvanizada met\u00e1lica en cielo; distintas modificaciones en instalaciones el\u00e9ctricas, ventanas; equipamiento para la cocina de la escuela; entre otros.<\/p>\n\n\n\n<p>En cuanto a la entrega de este suplemento, Jerem\u00edas Tapia, secretario comunal de Planificaci\u00f3n de la Municipalidad de Ovalle, destaca lo esperado que es este proyecto para los habitantes de Ovalle y el arduo trabajo que se ha realizado para concluir con esta iniciativa, destacando que \u201ceste es un proyecto emblem\u00e1tico de la comuna que pas\u00f3 por varios problemas en su ejecuci\u00f3n durante la alcald\u00eda pasada. Algo que, durante nuestro periodo, el edil, Jonathan Acu\u00f1a, nos mandat\u00f3 como prioridad destrabar todos los tr\u00e1mites en conjunto con el trabajo realizado con el Gobierno Regional y sus consejeros, logramos obtener todos los recursos necesarios para el t\u00e9rmino de la escuela y esperamos pasar al proceso de recepci\u00f3n de la obra lo antes posible\u201d.<\/p>\n\n\n\n<p>Finalmente, se espera que la escuela b\u00e1sica El Crisol se encuentre lista para ser entregada en los pr\u00f3ximos meses, en donde sus alumnos podr\u00e1n aprender en la estructura de 2.769 m2, la cual contendr\u00e1 \u00e1reas administrativas, docentes y de servicios; adem\u00e1s de un comedor; pasillos; patios descubiertos y cubiertos; y una multicancha.<\/p>\n","protected":false},"excerpt":{"rendered":"<p>Con este nuevo aporte del Gobierno Regional se espera concluir de manera definitiva con las construcciones de reposici\u00f3n comenzadas el a\u00f1o 2020 en la escuela b\u00e1sica.&nbsp; Tras a\u00f1os de espera por la comunidad ovallina, el t\u00e9rmino de la reposici\u00f3n de la Escuela B\u00e1sica El Crisol parece estar cada vez m\u00e1s cerca, luego que el Consejo &#8230;<\/p>\n","protected":false},"author":2,"featured_media":11886,"comment_status":"open","ping_status":"open","sticky":false,"template":"","format":"standard","meta":{"footnotes":""},"categories":[6],"tags":[],"class_list":["post-11885","post","type-post","status-publish","format-standard","has-post-thumbnail","hentry","category-regionales"],"_links":{"self":[{"href":"https:\/\/www.radiolimari.cl\/index.php?rest_route=\/wp\/v2\/posts\/11885","targetHints":{"allow":["GET"]}}],"collection":[{"href":"https:\/\/www.radiolimari.cl\/index.php?rest_route=\/wp\/v2\/posts"}],"about":[{"href":"https:\/\/www.radiolimari.cl\/index.php?rest_route=\/wp\/v2\/types\/post"}],"author":[{"embeddable":true,"href":"https:\/\/www.radiolimari.cl\/index.php?rest_route=\/wp\/v2\/users\/2"}],"replies":[{"embeddable":true,"href":"https:\/\/www.radiolimari.cl\/index.php?rest_route=%2Fwp%2Fv2%2Fcomments&post=11885"}],"version-history":[{"count":1,"href":"https:\/\/www.radiolimari.cl\/index.php?rest_route=\/wp\/v2\/posts\/11885\/revisions"}],"predecessor-version":[{"id":11887,"href":"https:\/\/www.radiolimari.cl\/index.php?rest_route=\/wp\/v2\/posts\/11885\/revisions\/11887"}],"wp:featuredmedia":[{"embeddable":true,"href":"https:\/\/www.radiolimari.cl\/index.php?rest_route=\/wp\/v2\/media\/11886"}],"wp:attachment":[{"href":"https:\/\/www.radiolimari.cl\/index.php?rest_route=%2Fwp%2Fv2%2Fmedia&parent=11885"}],"wp:term":[{"taxonomy":"category","embeddable":true,"href":"https:\/\/www.radiolimari.cl\/index.php?rest_route=%2Fwp%2Fv2%2Fcategories&post=11885"},{"taxonomy":"post_tag","embeddable":true,"href":"https:\/\/www.radiolimari.cl\/index.php?rest_route=%2Fwp%2Fv2%2Ftags&post=11885"}],"curies":[{"name":"wp","href":"https:\/\/api.w.org\/{rel}","templated":true}]}}