{"id":11878,"date":"2024-09-30T13:04:49","date_gmt":"2024-09-30T13:04:49","guid":{"rendered":"https:\/\/www.radiolimari.cl\/?p=11878"},"modified":"2024-09-30T13:04:50","modified_gmt":"2024-09-30T13:04:50","slug":"carabineros-de-la-seccion-de-investigacion-policial-de-la-3-comisaria-ovalle-logra-la-detencion-de-un-hombre-por-homicidio-frustrado-en-la-localidad-de-el-palqui-comuna-de-monte-patria","status":"publish","type":"post","link":"https:\/\/www.radiolimari.cl\/?p=11878","title":{"rendered":"Carabineros de la Secci\u00f3n de Investigaci\u00f3n Policial de la 3\u00b0 Comisaria Ovalle, logra la detenci\u00f3n de un hombre por homicidio frustrado en la localidad de El Palqui, comuna de Monte Patria."},"content":{"rendered":"\n<figure class=\"wp-block-image size-full\"><a href=\"https:\/\/www.radiolimari.cl\/wp-content\/uploads\/2024\/09\/A_UNO_1503187.jpg.jpeg\"><img fetchpriority=\"high\" decoding=\"async\" width=\"845\" height=\"475\" src=\"https:\/\/www.radiolimari.cl\/wp-content\/uploads\/2024\/09\/A_UNO_1503187.jpg.jpeg\" alt=\"\" class=\"wp-image-11879\" srcset=\"https:\/\/www.radiolimari.cl\/wp-content\/uploads\/2024\/09\/A_UNO_1503187.jpg.jpeg 845w, https:\/\/www.radiolimari.cl\/wp-content\/uploads\/2024\/09\/A_UNO_1503187.jpg-300x169.jpeg 300w, https:\/\/www.radiolimari.cl\/wp-content\/uploads\/2024\/09\/A_UNO_1503187.jpg-768x432.jpeg 768w\" sizes=\"(max-width: 845px) 100vw, 845px\" \/><\/a><\/figure>\n\n\n\n<p>Carabineros de la Secci\u00f3n de Investigaci\u00f3n Policial de la 3\u00b0 Comisaria Ovalle, luego de realizar amplias diligencias investigativas, logra la detenci\u00f3n de un hombre, el cual horas antes en la localidad de El Palqui, habr\u00eda disparado con una escopeta a un ciudadano chileno de 33 a\u00f1os, dej\u00e1ndolo con lesiones de consideraci\u00f3n, fuera de riesgo vital, d\u00e1ndose a la fuga el autor del hecho y permaneciendo oculto hasta la detenci\u00f3n por parte de Carabineros.&nbsp;<\/p>\n\n\n\n<p>El imputado corresponde a C.A.A.A., 20 a\u00f1os, chileno, el cual registra antecedentes penales previos. El detenido fue puesto a disposici\u00f3n del Juzgado de Garant\u00eda Ovalle&nbsp;&nbsp;<\/p>\n","protected":false},"excerpt":{"rendered":"<p>Carabineros de la Secci\u00f3n de Investigaci\u00f3n Policial de la 3\u00b0 Comisaria Ovalle, luego de realizar amplias diligencias investigativas, logra la detenci\u00f3n de un hombre, el cual horas antes en la localidad de El Palqui, habr\u00eda disparado con una escopeta a un ciudadano chileno de 33 a\u00f1os, dej\u00e1ndolo con lesiones de consideraci\u00f3n, fuera de riesgo vital, &#8230;<\/p>\n","protected":false},"author":2,"featured_media":11879,"comment_status":"open","ping_status":"open","sticky":false,"template":"","format":"standard","meta":{"footnotes":""},"categories":[5],"tags":[],"class_list":["post-11878","post","type-post","status-publish","format-standard","has-post-thumbnail","hentry","category-actualidad-limarina"],"_links":{"self":[{"href":"https:\/\/www.radiolimari.cl\/index.php?rest_route=\/wp\/v2\/posts\/11878","targetHints":{"allow":["GET"]}}],"collection":[{"href":"https:\/\/www.radiolimari.cl\/index.php?rest_route=\/wp\/v2\/posts"}],"about":[{"href":"https:\/\/www.radiolimari.cl\/index.php?rest_route=\/wp\/v2\/types\/post"}],"author":[{"embeddable":true,"href":"https:\/\/www.radiolimari.cl\/index.php?rest_route=\/wp\/v2\/users\/2"}],"replies":[{"embeddable":true,"href":"https:\/\/www.radiolimari.cl\/index.php?rest_route=%2Fwp%2Fv2%2Fcomments&post=11878"}],"version-history":[{"count":1,"href":"https:\/\/www.radiolimari.cl\/index.php?rest_route=\/wp\/v2\/posts\/11878\/revisions"}],"predecessor-version":[{"id":11880,"href":"https:\/\/www.radiolimari.cl\/index.php?rest_route=\/wp\/v2\/posts\/11878\/revisions\/11880"}],"wp:featuredmedia":[{"embeddable":true,"href":"https:\/\/www.radiolimari.cl\/index.php?rest_route=\/wp\/v2\/media\/11879"}],"wp:attachment":[{"href":"https:\/\/www.radiolimari.cl\/index.php?rest_route=%2Fwp%2Fv2%2Fmedia&parent=11878"}],"wp:term":[{"taxonomy":"category","embeddable":true,"href":"https:\/\/www.radiolimari.cl\/index.php?rest_route=%2Fwp%2Fv2%2Fcategories&post=11878"},{"taxonomy":"post_tag","embeddable":true,"href":"https:\/\/www.radiolimari.cl\/index.php?rest_route=%2Fwp%2Fv2%2Ftags&post=11878"}],"curies":[{"name":"wp","href":"https:\/\/api.w.org\/{rel}","templated":true}]}}