{"id":11860,"date":"2024-09-24T23:20:52","date_gmt":"2024-09-24T23:20:52","guid":{"rendered":"https:\/\/www.radiolimari.cl\/?p=11860"},"modified":"2024-09-24T23:20:52","modified_gmt":"2024-09-24T23:20:52","slug":"alcalde-de-monte-patria-presenta-nueva-clinica-veterinaria-movil-con-atenciones-en-rio-rapel","status":"publish","type":"post","link":"https:\/\/www.radiolimari.cl\/?p=11860","title":{"rendered":"Alcalde de Monte Patria presenta nueva Cl\u00ednica Veterinaria M\u00f3vil con atenciones en R\u00edo Rapel."},"content":{"rendered":"\n<figure class=\"wp-block-image size-large\"><a href=\"https:\/\/www.radiolimari.cl\/wp-content\/uploads\/2024\/09\/WhatsApp-Image-2024-09-24-at-5.22.44-PM.jpeg\"><img fetchpriority=\"high\" decoding=\"async\" width=\"1024\" height=\"682\" src=\"https:\/\/www.radiolimari.cl\/wp-content\/uploads\/2024\/09\/WhatsApp-Image-2024-09-24-at-5.22.44-PM-1024x682.jpeg\" alt=\"\" class=\"wp-image-11861\" srcset=\"https:\/\/www.radiolimari.cl\/wp-content\/uploads\/2024\/09\/WhatsApp-Image-2024-09-24-at-5.22.44-PM-1024x682.jpeg 1024w, https:\/\/www.radiolimari.cl\/wp-content\/uploads\/2024\/09\/WhatsApp-Image-2024-09-24-at-5.22.44-PM-300x200.jpeg 300w, https:\/\/www.radiolimari.cl\/wp-content\/uploads\/2024\/09\/WhatsApp-Image-2024-09-24-at-5.22.44-PM-768x512.jpeg 768w, https:\/\/www.radiolimari.cl\/wp-content\/uploads\/2024\/09\/WhatsApp-Image-2024-09-24-at-5.22.44-PM-1536x1023.jpeg 1536w, https:\/\/www.radiolimari.cl\/wp-content\/uploads\/2024\/09\/WhatsApp-Image-2024-09-24-at-5.22.44-PM.jpeg 1600w\" sizes=\"(max-width: 1024px) 100vw, 1024px\" \/><\/a><\/figure>\n\n\n\n<p><strong><em>Actualmente, la veterinaria municipal ubicada en Monte Patria atiende a 20 mascotas por d\u00eda, una cifra variable considerando que se programan d\u00edas de consultas cl\u00ednicas y d\u00edas de educaci\u00f3n en tenencia responsable.<\/em><\/strong><\/p>\n\n\n\n<p>Esterilizaciones, desparasitaciones, vacunaciones y control m\u00e9dico general, estos son los principales servicios que realizar\u00e1 la nueva Veterinaria M\u00f3vil Municipal, una propuesta itinerante que busca llegar la medicina animal a todos los rincones de los valles generosos de Monte Patria.<\/p>\n\n\n\n<p>Tras largos esfuerzos, la gesti\u00f3n municipal 2024 logr\u00f3 levantar el proyecto de Veterinaria M\u00f3vil, veh\u00edculo anteriormente ocupado como cl\u00ednica dental y que desde hace m\u00e1s de 5 a\u00f1os estaba en desuso, hoy es una oportunidad para cientos de familias.&nbsp;<\/p>\n\n\n\n<p>La propuesta va en total coordinaci\u00f3n con la aplicaci\u00f3n de la Ley de Tenencia Responsable de Mascotas y Animales de Compa\u00f1\u00eda, N\u00b021.020, pues permite acercar a la comunidad de todo el territorio comunal, las implicancias de la ley, la importancia de la tenencia responsable y, de manera primordial, atender a los requerimientos m\u00e9dicos de las mascotas y animales de compa\u00f1\u00eda.<\/p>\n\n\n\n<p>La marcha blanca comenz\u00f3 este martes 24 de septiembre en el internado de Rapel, hasta all\u00ed una gran cantidad de vecinos se trasladaron con sus mascotas, perros y gatos en su mayor\u00eda. Dichas citas fueron canalizadas por la Oficina Municipal del Territorio, en este caso la de Rapel, quienes ser\u00e1n a futuro el principal canal de requerimiento entre la comunidad y los servicios de la Veterinaria M\u00f3vil.<\/p>\n\n\n\n<p>Al respecto de este proceso, \u00c1ngelo Morgado, M\u00e9dico Veterinario coordinador de la Unidad de Tenencia Responsables y Zoonosis del municipio de Monte Patria detall\u00f3 este cambio de modalidad, destacando las ventajas de este formato itinerante. <strong>\u201cComo unidad y municipio estamos muy contentos con este nuevo proyecto de veterinaria, esto nos permite dar abasto al requerimiento de la comuna, las personas est\u00e1n muy contentas; ellos contar\u00e1n con un servicio de necesidad en su territorio. Nuestra comuna cuenta solo con 3 centros veterinarios para toda la comuna, por lo que era necesario esta unidad m\u00f3vil, para llegar a lo m\u00e1s extremo. La veterinaria m\u00f3vil cuenta con un servicio completo, sea desparasitaciones externas e internas; as\u00ed como tambi\u00e9n servicios veterinarios de mayor complejidad, mascotas enfermas, urgencias veterinarias y otros casos m\u00e1s\u201d.<\/strong><\/p>\n\n\n\n<p>La propuesta lleg\u00f3 en buena hora para la comunidad, Gisella Olivares vecina del rio Rapel destac\u00f3 su experiencia en esta nueva modalidad, <strong>\u201cuna experiencia bonita para m\u00ed, lo pude traer para ac\u00e1, \u00e9l solo ten\u00eda una vacuna de cuando era peque\u00f1o y ahora le pude ponerle lo que le faltaba, estaba bien atrasado. Ahora est\u00e1 el compromiso de seguir, es como un ni\u00f1o, como un hijo m\u00e1s\u201d.<\/strong><\/p>\n\n\n\n<p>Desde la gesti\u00f3n municipal, el alcalde Cristian Herrera Pe\u00f1a recalc\u00f3 el sentido tras la Veterinaria M\u00f3vil, atendiendo a que era un requerimiento de la comunidad y que tendr\u00e1 como principal objetivo atender a territorios apartados o con poco acceso a los servicios de medicina animal.<\/p>\n\n\n\n<p><strong>\u201cBuen un nuevo servicio que estamos prestando como municipio estamos partiendo con una marcha blanca y quiero recalcarlo, porque es la misma veterinaria que funciona es la que se traslada, se movilizan todos los servicios; esterilizaciones, vacunaciones, controles, vacunas, varias intervenciones. Accedimos a esto, porque fue un requerimiento de la comunidad que quedaba muchas personas sin hora para sus mascotas, la gente de sectores alejados, que no pod\u00edan llegar temprano no obten\u00edan hora para sus mascotas. Esta cl\u00ednica veterinaria ser\u00e1 para el territorio, nosotros realizaremos el calendario de funcionamiento en base a los requerimientos de los territorios, por eso es importante coordinarse con su junta de vecinos cercana para ver los cupos respectivos\u201d,<\/strong> sentenci\u00f3 Herrera Pe\u00f1a.<\/p>\n\n\n\n<p>En la misma l\u00ednea, el alcalde Cristian Herrera enfatiz\u00f3 en el rol que debe cumplir la comunidad en este proceso, siendo los articuladores entre la necesidad y la solicitud de la Veterinaria M\u00f3vil. <strong>\u201cHacer el llamado las organizaciones sociales, las que tienen perros comunitarios, para que se coordinen y que cuando tengamos atenci\u00f3n en el territorio, la idea es que a esos perros los atendamos de igual forma. Contentos con este servicio, nosotros sabemos que ha sido complicado llegar con los servicios de veterinaria, pero hoy estamos con esta maravillosa veterinaria m\u00f3vil\u201d.<\/strong><\/p>\n\n\n\n<p>Se espera que desde el mes de octubre comience a funcionar un nuevo equipo de profesionales al interior de la Veterinaria Municipal, robusteciendo de igual forma a la Veterinaria M\u00f3vil, atendiendo en proyecci\u00f3n los 5 d\u00edas h\u00e1biles, aumentando la cobertura m\u00e9dica animal en toda la comuna.<\/p>\n","protected":false},"excerpt":{"rendered":"<p>Actualmente, la veterinaria municipal ubicada en Monte Patria atiende a 20 mascotas por d\u00eda, una cifra variable considerando que se programan d\u00edas de consultas cl\u00ednicas y d\u00edas de educaci\u00f3n en tenencia responsable. Esterilizaciones, desparasitaciones, vacunaciones y control m\u00e9dico general, estos son los principales servicios que realizar\u00e1 la nueva Veterinaria M\u00f3vil Municipal, una propuesta itinerante que &#8230;<\/p>\n","protected":false},"author":2,"featured_media":11861,"comment_status":"open","ping_status":"open","sticky":false,"template":"","format":"standard","meta":{"footnotes":""},"categories":[5],"tags":[],"class_list":["post-11860","post","type-post","status-publish","format-standard","has-post-thumbnail","hentry","category-actualidad-limarina"],"_links":{"self":[{"href":"https:\/\/www.radiolimari.cl\/index.php?rest_route=\/wp\/v2\/posts\/11860","targetHints":{"allow":["GET"]}}],"collection":[{"href":"https:\/\/www.radiolimari.cl\/index.php?rest_route=\/wp\/v2\/posts"}],"about":[{"href":"https:\/\/www.radiolimari.cl\/index.php?rest_route=\/wp\/v2\/types\/post"}],"author":[{"embeddable":true,"href":"https:\/\/www.radiolimari.cl\/index.php?rest_route=\/wp\/v2\/users\/2"}],"replies":[{"embeddable":true,"href":"https:\/\/www.radiolimari.cl\/index.php?rest_route=%2Fwp%2Fv2%2Fcomments&post=11860"}],"version-history":[{"count":1,"href":"https:\/\/www.radiolimari.cl\/index.php?rest_route=\/wp\/v2\/posts\/11860\/revisions"}],"predecessor-version":[{"id":11862,"href":"https:\/\/www.radiolimari.cl\/index.php?rest_route=\/wp\/v2\/posts\/11860\/revisions\/11862"}],"wp:featuredmedia":[{"embeddable":true,"href":"https:\/\/www.radiolimari.cl\/index.php?rest_route=\/wp\/v2\/media\/11861"}],"wp:attachment":[{"href":"https:\/\/www.radiolimari.cl\/index.php?rest_route=%2Fwp%2Fv2%2Fmedia&parent=11860"}],"wp:term":[{"taxonomy":"category","embeddable":true,"href":"https:\/\/www.radiolimari.cl\/index.php?rest_route=%2Fwp%2Fv2%2Fcategories&post=11860"},{"taxonomy":"post_tag","embeddable":true,"href":"https:\/\/www.radiolimari.cl\/index.php?rest_route=%2Fwp%2Fv2%2Ftags&post=11860"}],"curies":[{"name":"wp","href":"https:\/\/api.w.org\/{rel}","templated":true}]}}