{"id":11849,"date":"2024-09-12T18:36:34","date_gmt":"2024-09-12T18:36:34","guid":{"rendered":"https:\/\/www.radiolimari.cl\/?p=11849"},"modified":"2024-09-12T18:36:34","modified_gmt":"2024-09-12T18:36:34","slug":"en-la-plaza-de-armas-de-ovalle-se-realizara-este-viernes-el-desfile-de-fiestas-patrias","status":"publish","type":"post","link":"https:\/\/www.radiolimari.cl\/?p=11849","title":{"rendered":"En la Plaza de Armas de Ovalle, se realizar\u00e1 este viernes el Desfile de Fiestas Patrias."},"content":{"rendered":"\n<figure class=\"wp-block-image size-large\"><a href=\"https:\/\/www.radiolimari.cl\/wp-content\/uploads\/2024\/09\/Desfile-Fiestas-Patrias-en-Ovalle-1-scaled.jpg\"><img fetchpriority=\"high\" decoding=\"async\" width=\"1024\" height=\"683\" src=\"https:\/\/www.radiolimari.cl\/wp-content\/uploads\/2024\/09\/Desfile-Fiestas-Patrias-en-Ovalle-1-1024x683.jpg\" alt=\"\" class=\"wp-image-11850\" srcset=\"https:\/\/www.radiolimari.cl\/wp-content\/uploads\/2024\/09\/Desfile-Fiestas-Patrias-en-Ovalle-1-1024x683.jpg 1024w, https:\/\/www.radiolimari.cl\/wp-content\/uploads\/2024\/09\/Desfile-Fiestas-Patrias-en-Ovalle-1-300x200.jpg 300w, https:\/\/www.radiolimari.cl\/wp-content\/uploads\/2024\/09\/Desfile-Fiestas-Patrias-en-Ovalle-1-768x512.jpg 768w, https:\/\/www.radiolimari.cl\/wp-content\/uploads\/2024\/09\/Desfile-Fiestas-Patrias-en-Ovalle-1-1536x1024.jpg 1536w, https:\/\/www.radiolimari.cl\/wp-content\/uploads\/2024\/09\/Desfile-Fiestas-Patrias-en-Ovalle-1-2048x1365.jpg 2048w\" sizes=\"(max-width: 1024px) 100vw, 1024px\" \/><\/a><\/figure>\n\n\n\n<p><strong><em>La jornada se iniciar\u00e1 a las 10.00 con un Te Deum en la Parroquia San Vicente Ferrer y posteriormente las actividades se trasladar\u00e1n a la plaza de armas, donde se llevar\u00e1 a cabo el desfile c\u00edvico-militar, en el marco del cumplimiento de los 214 a\u00f1os desde la realizaci\u00f3n de la Primera Junta Nacional de Gobierno en nuestro pa\u00eds.<\/em><\/strong><\/p>\n\n\n\n<p>El pr\u00f3ximo viernes 13 de septiembre se llevar\u00e1n a cabo las actividades protocolares en Ovalle, en el marco de la conmemoraci\u00f3n de los 214 a\u00f1os de la realizaci\u00f3n de la Primera Junta Nacional de Gobierno en Chile.&nbsp;<\/p>\n\n\n\n<p>La jornada, se iniciar\u00e1 a las 10.00 de la ma\u00f1ana con un Te Deum en la Parroquia San Vicente Ferrer, que ser\u00e1 presidido por el p\u00e1rroco Jorge Arancibia Mancilla, en el que participar\u00e1n autoridades regionales y locales, encabezadas por el alcalde Jonathan Acu\u00f1a Rojas e integrantes del Concejo Municipal, junto a los estandartes de los establecimientos educacionales locales.&nbsp;<\/p>\n\n\n\n<p>Posteriormente, las actividades se trasladar\u00e1n a la plaza de armas de Ovalle, donde alrededor de las 11.00 horas se iniciar\u00e1 el Desfile Oficial de Fiestas Patrias, que partir\u00e1 con una locuci\u00f3n hist\u00f3rica, en la que se entregar\u00e1n detalles de lo sucedido el 18 de septiembre de 1810 y luego el 12 de febrero de 1818, fecha en que finalmente se firm\u00f3 la independencia de nuestro pa\u00eds.<\/p>\n\n\n\n<p>Posteriormente, desfilar\u00e1n frente a la comunidad local, las delegaciones de la Gobernaci\u00f3n Mar\u00edtima de Coquimbo, un escuadr\u00f3n del Regimiento N\u00b021 Coquimbo de La Serena e integrantes de la Escuela de Formaci\u00f3n Policial de Carabineros de Ovalle. A ellos se sumar\u00e1n organizaciones sociales y alumnos y alumnas de los establecimientos educacionales, tanto de la zona urbana, como rural de la comuna.<\/p>\n\n\n\n<p>El alcalde Jonathan Acu\u00f1a hizo la invitaci\u00f3n a toda la comunidad \u201cpara que nos acompa\u00f1e el pr\u00f3ximo viernes y conmemoremos esta fecha tan importante para Chile y sigamos inculcando nuestros valores patrios en las nuevas generaciones\u201d.<\/p>\n\n\n\n<p>Durante el acto, se realizar\u00e1 un \u201cEsquinazo\u201d, que este a\u00f1o estar\u00e1 a cargo del Conjunto de Proyecci\u00f3n Folcl\u00f3rica del Magisterio de Ovalle, con la participaci\u00f3n de agrupaci\u00f3n folcl\u00f3ricas de la comuna, quienes, adem\u00e1s, har\u00e1n el tradicional brindis con \u201cChicha en Cacho\u201d.<\/p>\n","protected":false},"excerpt":{"rendered":"<p>La jornada se iniciar\u00e1 a las 10.00 con un Te Deum en la Parroquia San Vicente Ferrer y posteriormente las actividades se trasladar\u00e1n a la plaza de armas, donde se llevar\u00e1 a cabo el desfile c\u00edvico-militar, en el marco del cumplimiento de los 214 a\u00f1os desde la realizaci\u00f3n de la Primera Junta Nacional de Gobierno &#8230;<\/p>\n","protected":false},"author":2,"featured_media":11850,"comment_status":"open","ping_status":"open","sticky":false,"template":"","format":"standard","meta":{"footnotes":""},"categories":[5],"tags":[],"class_list":["post-11849","post","type-post","status-publish","format-standard","has-post-thumbnail","hentry","category-actualidad-limarina"],"_links":{"self":[{"href":"https:\/\/www.radiolimari.cl\/index.php?rest_route=\/wp\/v2\/posts\/11849","targetHints":{"allow":["GET"]}}],"collection":[{"href":"https:\/\/www.radiolimari.cl\/index.php?rest_route=\/wp\/v2\/posts"}],"about":[{"href":"https:\/\/www.radiolimari.cl\/index.php?rest_route=\/wp\/v2\/types\/post"}],"author":[{"embeddable":true,"href":"https:\/\/www.radiolimari.cl\/index.php?rest_route=\/wp\/v2\/users\/2"}],"replies":[{"embeddable":true,"href":"https:\/\/www.radiolimari.cl\/index.php?rest_route=%2Fwp%2Fv2%2Fcomments&post=11849"}],"version-history":[{"count":1,"href":"https:\/\/www.radiolimari.cl\/index.php?rest_route=\/wp\/v2\/posts\/11849\/revisions"}],"predecessor-version":[{"id":11851,"href":"https:\/\/www.radiolimari.cl\/index.php?rest_route=\/wp\/v2\/posts\/11849\/revisions\/11851"}],"wp:featuredmedia":[{"embeddable":true,"href":"https:\/\/www.radiolimari.cl\/index.php?rest_route=\/wp\/v2\/media\/11850"}],"wp:attachment":[{"href":"https:\/\/www.radiolimari.cl\/index.php?rest_route=%2Fwp%2Fv2%2Fmedia&parent=11849"}],"wp:term":[{"taxonomy":"category","embeddable":true,"href":"https:\/\/www.radiolimari.cl\/index.php?rest_route=%2Fwp%2Fv2%2Fcategories&post=11849"},{"taxonomy":"post_tag","embeddable":true,"href":"https:\/\/www.radiolimari.cl\/index.php?rest_route=%2Fwp%2Fv2%2Ftags&post=11849"}],"curies":[{"name":"wp","href":"https:\/\/api.w.org\/{rel}","templated":true}]}}