{"id":11846,"date":"2024-09-12T18:26:52","date_gmt":"2024-09-12T18:26:52","guid":{"rendered":"https:\/\/www.radiolimari.cl\/?p=11846"},"modified":"2024-09-12T18:26:53","modified_gmt":"2024-09-12T18:26:53","slug":"servicio-de-reinsercion-social-juvenil-de-coquimbo-firma-importante-convenio-con-la-asociacion-de-municipalidades","status":"publish","type":"post","link":"https:\/\/www.radiolimari.cl\/?p=11846","title":{"rendered":"Servicio de Reinserci\u00f3n Social Juvenil de Coquimbo firma importante convenio con la Asociaci\u00f3n de Municipalidades."},"content":{"rendered":"\n<figure class=\"wp-block-image size-large\"><a href=\"https:\/\/www.radiolimari.cl\/wp-content\/uploads\/2024\/09\/Firma_Asoc.jpg\"><img fetchpriority=\"high\" decoding=\"async\" width=\"1024\" height=\"768\" src=\"https:\/\/www.radiolimari.cl\/wp-content\/uploads\/2024\/09\/Firma_Asoc-1024x768.jpg\" alt=\"\" class=\"wp-image-11847\" srcset=\"https:\/\/www.radiolimari.cl\/wp-content\/uploads\/2024\/09\/Firma_Asoc-1024x768.jpg 1024w, https:\/\/www.radiolimari.cl\/wp-content\/uploads\/2024\/09\/Firma_Asoc-300x225.jpg 300w, https:\/\/www.radiolimari.cl\/wp-content\/uploads\/2024\/09\/Firma_Asoc-768x576.jpg 768w, https:\/\/www.radiolimari.cl\/wp-content\/uploads\/2024\/09\/Firma_Asoc-1536x1152.jpg 1536w, https:\/\/www.radiolimari.cl\/wp-content\/uploads\/2024\/09\/Firma_Asoc.jpg 2040w\" sizes=\"(max-width: 1024px) 100vw, 1024px\" \/><\/a><\/figure>\n\n\n\n<p><em>Este acuerdo robustecer\u00e1 la respuesta intersectorial para los procesos de reinserci\u00f3n juvenil, ya que mandata a las municipalidades a priorizar su oferta comunal para garantizar la atenci\u00f3n de los j\u00f3venes y adolescentes.<\/em><\/p>\n\n\n\n<p>En una acci\u00f3n decidida y coordinada, destinada a generar procesos significativos de reinserci\u00f3n para adolescentes y j\u00f3venes en conflicto con la justicia, el Servicio de Reinserci\u00f3n Social Juvenil (SRJ) de Coquimbo y la Asociaci\u00f3n de Municipalidades de la Regi\u00f3n de Coquimbo suscribieron un convenio de colaboraci\u00f3n.<\/p>\n\n\n\n<p>El objetivo del acuerdo es vincular a los gobiernos locales de cada comuna de la regi\u00f3n con la labor del servicio, considerando la oferta y beneficios a los que podr\u00edan acceder los adolescentes y j\u00f3venes en proceso de reinserci\u00f3n.<\/p>\n\n\n\n<p>Tras la firma, Rafael Vera, alcalde de Vicu\u00f1a y presidente de la Asociaci\u00f3n de Municipalidades de la Regi\u00f3n de Coquimbo, destac\u00f3 que \u201ces un compromiso que estamos estableciendo (\u2026) siento que nuestra labor es efectivamente trabajar con todos los actores. El Servicio de Reinserci\u00f3n Social Juvenil es tremendamente importante para el futuro que nosotros queremos, pero en esto tenemos que incidir y trabajar, y estoy convencido de que todos los alcaldes de la regi\u00f3n tenemos una vinculaci\u00f3n muy importante con el tema\u201d.<\/p>\n\n\n\n<p>En esa l\u00ednea, puntualiz\u00f3 que \u201cpor eso es tan importante que nos unamos a trabajar y desde la Asociaci\u00f3n de Municipios de la Regi\u00f3n de Coquimbo estamos absolutamente disponibles a apoyar las iniciativas de esta instancia tan loable que el Presidente de la Rep\u00fablica coloca al servicio de la comunidad\u201d.<\/p>\n\n\n\n<p>Por su parte, Loreto Rebolledo, directora del SRJ Coquimbo, sostuvo que \u201cuno de los principios b\u00e1sicos del Servicio de Reinserci\u00f3n Social Juvenil es la articulaci\u00f3n entre los organismos del Estado y la necesidad de hacerlo no s\u00f3lo con buena voluntad, sino para conseguir un objetivo que es la reinserci\u00f3n social. Por eso, desde que comenzamos establecimos contacto con la Asociaci\u00f3n de Municipalidades, entendiendo que es el espacio local y la territorialidad lo que le va a dar un asentamiento efectivo y real a los procesos de reinserci\u00f3n de los j\u00f3venes\u201d, complement\u00f3.<\/p>\n\n\n\n<p>Finalmente, Rebolledo esboz\u00f3 que \u201ceste convenio en una posibilidad real para que los j\u00f3venes de la regi\u00f3n tengan una reinserci\u00f3n efectiva, atendiendo las particularidades de cada uno de los municipios. Creemos que es de toda justicia apuntar a estos procesos, porque esto va a contribuir sin duda alguna a la seguridad p\u00fablica\u201d.<\/p>\n\n\n\n<p>El acuerdo compromete a las municipalidades socias a entregar atenci\u00f3n a adolescentes y j\u00f3venes de la comuna que est\u00e9n sujetos a alguna medida o sanci\u00f3n, as\u00ed como a informar al Comit\u00e9 Operativo Regional (COR) las situaciones particulares al interior del territorio comunal y que requieran de una respuesta intersectorial, entre otros.<\/p>\n","protected":false},"excerpt":{"rendered":"<p>Este acuerdo robustecer\u00e1 la respuesta intersectorial para los procesos de reinserci\u00f3n juvenil, ya que mandata a las municipalidades a priorizar su oferta comunal para garantizar la atenci\u00f3n de los j\u00f3venes y adolescentes. En una acci\u00f3n decidida y coordinada, destinada a generar procesos significativos de reinserci\u00f3n para adolescentes y j\u00f3venes en conflicto con la justicia, el &#8230;<\/p>\n","protected":false},"author":2,"featured_media":11847,"comment_status":"open","ping_status":"open","sticky":false,"template":"","format":"standard","meta":{"footnotes":""},"categories":[6],"tags":[],"class_list":["post-11846","post","type-post","status-publish","format-standard","has-post-thumbnail","hentry","category-regionales"],"_links":{"self":[{"href":"https:\/\/www.radiolimari.cl\/index.php?rest_route=\/wp\/v2\/posts\/11846","targetHints":{"allow":["GET"]}}],"collection":[{"href":"https:\/\/www.radiolimari.cl\/index.php?rest_route=\/wp\/v2\/posts"}],"about":[{"href":"https:\/\/www.radiolimari.cl\/index.php?rest_route=\/wp\/v2\/types\/post"}],"author":[{"embeddable":true,"href":"https:\/\/www.radiolimari.cl\/index.php?rest_route=\/wp\/v2\/users\/2"}],"replies":[{"embeddable":true,"href":"https:\/\/www.radiolimari.cl\/index.php?rest_route=%2Fwp%2Fv2%2Fcomments&post=11846"}],"version-history":[{"count":1,"href":"https:\/\/www.radiolimari.cl\/index.php?rest_route=\/wp\/v2\/posts\/11846\/revisions"}],"predecessor-version":[{"id":11848,"href":"https:\/\/www.radiolimari.cl\/index.php?rest_route=\/wp\/v2\/posts\/11846\/revisions\/11848"}],"wp:featuredmedia":[{"embeddable":true,"href":"https:\/\/www.radiolimari.cl\/index.php?rest_route=\/wp\/v2\/media\/11847"}],"wp:attachment":[{"href":"https:\/\/www.radiolimari.cl\/index.php?rest_route=%2Fwp%2Fv2%2Fmedia&parent=11846"}],"wp:term":[{"taxonomy":"category","embeddable":true,"href":"https:\/\/www.radiolimari.cl\/index.php?rest_route=%2Fwp%2Fv2%2Fcategories&post=11846"},{"taxonomy":"post_tag","embeddable":true,"href":"https:\/\/www.radiolimari.cl\/index.php?rest_route=%2Fwp%2Fv2%2Ftags&post=11846"}],"curies":[{"name":"wp","href":"https:\/\/api.w.org\/{rel}","templated":true}]}}