{"id":11840,"date":"2024-09-11T13:38:25","date_gmt":"2024-09-11T13:38:25","guid":{"rendered":"https:\/\/www.radiolimari.cl\/?p=11840"},"modified":"2024-09-11T13:38:26","modified_gmt":"2024-09-11T13:38:26","slug":"en-la-provincia-de-limari-refuerzan-llamado-a-la-responsabilidad-vial-para-estas-fiestas-patrias","status":"publish","type":"post","link":"https:\/\/www.radiolimari.cl\/?p=11840","title":{"rendered":"En la Provincia de Limar\u00ed refuerzan llamado a la responsabilidad vial para estas fiestas patrias."},"content":{"rendered":"\n<figure class=\"wp-block-image size-large\"><a href=\"https:\/\/www.radiolimari.cl\/wp-content\/uploads\/2024\/09\/HITO-TRANSPORTES-3.jpeg\"><img fetchpriority=\"high\" decoding=\"async\" width=\"1024\" height=\"768\" src=\"https:\/\/www.radiolimari.cl\/wp-content\/uploads\/2024\/09\/HITO-TRANSPORTES-3-1024x768.jpeg\" alt=\"\" class=\"wp-image-11841\" srcset=\"https:\/\/www.radiolimari.cl\/wp-content\/uploads\/2024\/09\/HITO-TRANSPORTES-3-1024x768.jpeg 1024w, https:\/\/www.radiolimari.cl\/wp-content\/uploads\/2024\/09\/HITO-TRANSPORTES-3-300x225.jpeg 300w, https:\/\/www.radiolimari.cl\/wp-content\/uploads\/2024\/09\/HITO-TRANSPORTES-3-768x576.jpeg 768w, https:\/\/www.radiolimari.cl\/wp-content\/uploads\/2024\/09\/HITO-TRANSPORTES-3.jpeg 1440w\" sizes=\"(max-width: 1024px) 100vw, 1024px\" \/><\/a><\/figure>\n\n\n\n<p><strong><em>Unidos por un 18 seguro es la campa\u00f1a del Gobierno que busca evitar tragedias en las rutas de la provincia de Limar\u00ed.<\/em><\/strong><\/p>\n\n\n\n<p>Evitar muertes, as\u00ed como accidentes viales por el consumo irresponsable de alcohol, es el prop\u00f3sito de la campa\u00f1a de Gobierno difundida por autoridades para generar conciencia en los habitantes de la provincia de Limar\u00ed de cara a estas Fiestas Patrias. Es por ello que, en el peaje de Socos, en plena ruta 5 de Ovalle, la Delegada Presidencial Provincial de Limar\u00ed, Marily Escobar Oviedo, junto a la Seremi de Transportes Alejandra Maureira, en un trabajo coordinado con Carabineros de Chile y la Unidad de Fiscalizaci\u00f3n del Ministerio de Transportes, entregaron informaci\u00f3n a conductores, reforzando el mensaje de autocuidado y conciencia a la hora de disfrutar de esta celebraci\u00f3n extendida.<\/p>\n\n\n\n<p>La Delegada Presidencial Provincial de Limar\u00ed, Marily Escobar Oviedo indic\u00f3 que&nbsp;\u201cestamos desplegados para brindar un 18 seguro, necesitamos hacer un llamado al autocuidado y tambi\u00e9n a la responsabilidad vial. Nos mantendremos durante todas las Fiestas Patrias, realizando diversas fiscalizaciones para resguardar la seguridad de cada uno de los habitantes de la provincia de Limar\u00ed. Ese es un importante despliegue territorial para resguardar estas fiestas patrias junto con Carabineros de Chile y el Ministerio de Transporte nos mantendremos durante todo el 18 realizando diversas fiscalizaciones para resguardar la seguridad de cada uno de los habitantes de la provincia de Limar\u00ed.<\/p>\n\n\n\n<p>\u201cA la fecha llevamos 48 fallecidos en accidentes viales en nuestra regi\u00f3n, es por ello que como Carabineros de Chile llamamos a evitar conducir usando elementos que pueden distraer la conducci\u00f3n como tel\u00e9fonos celulares o cigarrillos. No consumir&nbsp; alcohol o drogas al momento de la conducci\u00f3n. Hacer uso de los sistemas de retenci\u00f3n infantil y de los cinturones de seguridad, tanto para conductores y pasajeros, considerar estas medidas tambi\u00e9n en el transporte interurbano\u201d, se\u00f1al\u00f3 el Teniente Mario Soto Godoy de la SIAT de Carabineros Coquimbo.<\/p>\n\n\n\n<p>La Seremi de Transportes y telecomunicaciones, Alejandra Maureria, se\u00f1al\u00f3 por su parte que \u201cpara estas Fiestas Patrias queremos celebrar y no lamentar siniestros, ni fallecidos por accidentes de tr\u00e1nsito. Estamos desplegados en distintos puntos de la regi\u00f3n de Coquimbo tanto con Carabineros de Chile, como con el equipo de transporte, el equipo de fiscalizaci\u00f3n y tambi\u00e9n con las delegaciones presidenciales, con objetivo principal de hacer un llamado a la prevenci\u00f3n y el autocuidado de tal manera de que podamos celebrar estas fiestas patrias de forma segura\u201c.<\/p>\n\n\n\n<p>Es as\u00ed, como continuar\u00e1 el despliegue preventivo con refuerzos en seguridad p\u00fablica en carreteras, locales comerciales y espacios de celebraci\u00f3n.<\/p>\n","protected":false},"excerpt":{"rendered":"<p>Unidos por un 18 seguro es la campa\u00f1a del Gobierno que busca evitar tragedias en las rutas de la provincia de Limar\u00ed. Evitar muertes, as\u00ed como accidentes viales por el consumo irresponsable de alcohol, es el prop\u00f3sito de la campa\u00f1a de Gobierno difundida por autoridades para generar conciencia en los habitantes de la provincia de &#8230;<\/p>\n","protected":false},"author":2,"featured_media":11841,"comment_status":"open","ping_status":"open","sticky":false,"template":"","format":"standard","meta":{"footnotes":""},"categories":[5],"tags":[],"class_list":["post-11840","post","type-post","status-publish","format-standard","has-post-thumbnail","hentry","category-actualidad-limarina"],"_links":{"self":[{"href":"https:\/\/www.radiolimari.cl\/index.php?rest_route=\/wp\/v2\/posts\/11840","targetHints":{"allow":["GET"]}}],"collection":[{"href":"https:\/\/www.radiolimari.cl\/index.php?rest_route=\/wp\/v2\/posts"}],"about":[{"href":"https:\/\/www.radiolimari.cl\/index.php?rest_route=\/wp\/v2\/types\/post"}],"author":[{"embeddable":true,"href":"https:\/\/www.radiolimari.cl\/index.php?rest_route=\/wp\/v2\/users\/2"}],"replies":[{"embeddable":true,"href":"https:\/\/www.radiolimari.cl\/index.php?rest_route=%2Fwp%2Fv2%2Fcomments&post=11840"}],"version-history":[{"count":1,"href":"https:\/\/www.radiolimari.cl\/index.php?rest_route=\/wp\/v2\/posts\/11840\/revisions"}],"predecessor-version":[{"id":11842,"href":"https:\/\/www.radiolimari.cl\/index.php?rest_route=\/wp\/v2\/posts\/11840\/revisions\/11842"}],"wp:featuredmedia":[{"embeddable":true,"href":"https:\/\/www.radiolimari.cl\/index.php?rest_route=\/wp\/v2\/media\/11841"}],"wp:attachment":[{"href":"https:\/\/www.radiolimari.cl\/index.php?rest_route=%2Fwp%2Fv2%2Fmedia&parent=11840"}],"wp:term":[{"taxonomy":"category","embeddable":true,"href":"https:\/\/www.radiolimari.cl\/index.php?rest_route=%2Fwp%2Fv2%2Fcategories&post=11840"},{"taxonomy":"post_tag","embeddable":true,"href":"https:\/\/www.radiolimari.cl\/index.php?rest_route=%2Fwp%2Fv2%2Ftags&post=11840"}],"curies":[{"name":"wp","href":"https:\/\/api.w.org\/{rel}","templated":true}]}}