{"id":11834,"date":"2024-09-09T23:30:13","date_gmt":"2024-09-09T23:30:13","guid":{"rendered":"https:\/\/www.radiolimari.cl\/?p=11834"},"modified":"2024-09-09T23:30:14","modified_gmt":"2024-09-09T23:30:14","slug":"atencion-educadoras-de-parvulos-subsecretaria-y-educarchile-ofrecen-cursos-gratuitos","status":"publish","type":"post","link":"https:\/\/www.radiolimari.cl\/?p=11834","title":{"rendered":"Atenci\u00f3n Educadoras de P\u00e1rvulos: Subsecretar\u00eda y EducarChile ofrecen cursos gratuitos"},"content":{"rendered":"\n<figure class=\"wp-block-image size-full\"><a href=\"https:\/\/www.radiolimari.cl\/wp-content\/uploads\/2024\/09\/foto-2.jpg\"><img fetchpriority=\"high\" decoding=\"async\" width=\"862\" height=\"575\" src=\"https:\/\/www.radiolimari.cl\/wp-content\/uploads\/2024\/09\/foto-2.jpg\" alt=\"\" class=\"wp-image-11835\" srcset=\"https:\/\/www.radiolimari.cl\/wp-content\/uploads\/2024\/09\/foto-2.jpg 862w, https:\/\/www.radiolimari.cl\/wp-content\/uploads\/2024\/09\/foto-2-300x200.jpg 300w, https:\/\/www.radiolimari.cl\/wp-content\/uploads\/2024\/09\/foto-2-768x512.jpg 768w\" sizes=\"(max-width: 862px) 100vw, 862px\" \/><\/a><\/figure>\n\n\n\n<p>La Subsecretar\u00eda de Educaci\u00f3n Parvularia, en colaboraci\u00f3n con EducarChile, invitan a todas las Educadoras\/es de P\u00e1rvulos, T\u00e9cnicas en Educaci\u00f3n Parvularia y docentes del primer ciclo de educaci\u00f3n b\u00e1sica participar en una serie de cursos online gratuitos dise\u00f1ados para abordar los desaf\u00edos actuales de la educaci\u00f3n inicial. Estos cursos son una oportunidad \u00fanica para fortalecer la gesti\u00f3n pedag\u00f3gica en temas clave como la innovaci\u00f3n, las transiciones educativas y la convivencia.<\/p>\n\n\n\n<p>\u201cEstas iniciativas son fundamentales para seguir avanzando hacia una educaci\u00f3n parvularia m\u00e1s inclusiva y de calidad. Invito a las comunidades educativas a aprovechar esta oportunidad para seguir transformando nuestras pr\u00e1cticas, que tienen un impacto en el bienestar integral, los aprendizajes, y las trayectorias educativas de las ni\u00f1as y ni\u00f1os\u201d, destac\u00f3 la subsecretaria de Educaci\u00f3n Parvularia, Claudia Lagos Serrano.<\/p>\n\n\n\n<p>Los cursos, disponibles hasta el 31 de diciembre y que tienen una duraci\u00f3n de entre 20 a 35 horas pedag\u00f3gicas, han sido desarrollados con un enfoque pr\u00e1ctico y est\u00e1n dise\u00f1ados para ser accesibles desde cualquier lugar del pa\u00eds. A trav\u00e9s de estos programas, se busca apoyar a las comunidades educativas en la mejora continua de sus pr\u00e1cticas pedag\u00f3gicas, contribuyendo a una educaci\u00f3n parvularia de calidad y equitativa.<\/p>\n\n\n\n<p>Estos cursos han sido desarrollados con un enfoque de trayectoria educativa considerando los desaf\u00edos y oportunidades del per\u00edodo de la infancia, invitando tambi\u00e9n a las y los docentes de los primeros a\u00f1os de educaci\u00f3n b\u00e1sica a participar de estos cursos para potenciar la articulaci\u00f3n con la Educaci\u00f3n Parvularia.<\/p>\n\n\n\n<p>Invitamos a las comunidades educativas a inscribirse y aprovechar estos recursos, disponibles de manera gratuita en la plataforma de EducarChile, y cuyas tem\u00e1ticas te detallamos a continuaci\u00f3n.<\/p>\n\n\n\n<p>Cursos disponibles:<\/p>\n\n\n\n<ul class=\"wp-block-list\">\n<li><a href=\"https:\/\/www.educarchile.cl\/desarrollo-profesional\/innovacion-en-educacion-parvularia-una-oportunidad-para-transformarnos\" target=\"_blank\" rel=\"noreferrer noopener\"><strong>Innovaci\u00f3n en Educaci\u00f3n Parvularia: una oportunidad para transformar(nos)<\/strong><\/a><\/li>\n<\/ul>\n\n\n\n<p>Su objetivo es entregar las herramientas necesarias para desarrollar competencias en los equipos educativos para el dise\u00f1o de un proyecto de innovaci\u00f3n en Educaci\u00f3n Parvularia.<\/p>\n\n\n\n<ul class=\"wp-block-list\">\n<li><a href=\"https:\/\/www.educarchile.cl\/desarrollo-profesional\/estrategias-de-transicion-educativa\" target=\"_blank\" rel=\"noreferrer noopener\"><strong>Estrategias de Transici\u00f3n Educativa<\/strong><\/a><\/li>\n<\/ul>\n\n\n\n<p>Busca fortalecer las competencias de los equipos pedag\u00f3gicos para el dise\u00f1o e implementaci\u00f3n de Estrategias de Transici\u00f3n Educativa, resguardando las Trayectorias Educativas, y promoviendo la participaci\u00f3n infantil y capacidad de agencia de ni\u00f1os y ni\u00f1as.<\/p>\n\n\n\n<ul class=\"wp-block-list\">\n<li><a href=\"https:\/\/www.educarchile.cl\/desarrollo-profesional\/convivencia-y-emociones-en-la-educacion-parvularia-1\" target=\"_blank\" rel=\"noreferrer noopener\"><strong>Convivencia y Emociones en la Educaci\u00f3n Parvularia<\/strong><\/a><\/li>\n<\/ul>\n\n\n\n<p>Su objetivo es fortalecer competencias en educadoras\/es, profesoras\/es, que se desempe\u00f1an en la educaci\u00f3n parvularia y primer ciclo b\u00e1sico, para la gesti\u00f3n de una convivencia educativa desde la perspectiva del desarrollo y bienestar socioemocional.<\/p>\n","protected":false},"excerpt":{"rendered":"<p>La Subsecretar\u00eda de Educaci\u00f3n Parvularia, en colaboraci\u00f3n con EducarChile, invitan a todas las Educadoras\/es de P\u00e1rvulos, T\u00e9cnicas en Educaci\u00f3n Parvularia y docentes del primer ciclo de educaci\u00f3n b\u00e1sica participar en una serie de cursos online gratuitos dise\u00f1ados para abordar los desaf\u00edos actuales de la educaci\u00f3n inicial. Estos cursos son una oportunidad \u00fanica para fortalecer la &#8230;<\/p>\n","protected":false},"author":2,"featured_media":11835,"comment_status":"open","ping_status":"open","sticky":false,"template":"","format":"standard","meta":{"footnotes":""},"categories":[3],"tags":[],"class_list":["post-11834","post","type-post","status-publish","format-standard","has-post-thumbnail","hentry","category-actualidad"],"_links":{"self":[{"href":"https:\/\/www.radiolimari.cl\/index.php?rest_route=\/wp\/v2\/posts\/11834","targetHints":{"allow":["GET"]}}],"collection":[{"href":"https:\/\/www.radiolimari.cl\/index.php?rest_route=\/wp\/v2\/posts"}],"about":[{"href":"https:\/\/www.radiolimari.cl\/index.php?rest_route=\/wp\/v2\/types\/post"}],"author":[{"embeddable":true,"href":"https:\/\/www.radiolimari.cl\/index.php?rest_route=\/wp\/v2\/users\/2"}],"replies":[{"embeddable":true,"href":"https:\/\/www.radiolimari.cl\/index.php?rest_route=%2Fwp%2Fv2%2Fcomments&post=11834"}],"version-history":[{"count":1,"href":"https:\/\/www.radiolimari.cl\/index.php?rest_route=\/wp\/v2\/posts\/11834\/revisions"}],"predecessor-version":[{"id":11836,"href":"https:\/\/www.radiolimari.cl\/index.php?rest_route=\/wp\/v2\/posts\/11834\/revisions\/11836"}],"wp:featuredmedia":[{"embeddable":true,"href":"https:\/\/www.radiolimari.cl\/index.php?rest_route=\/wp\/v2\/media\/11835"}],"wp:attachment":[{"href":"https:\/\/www.radiolimari.cl\/index.php?rest_route=%2Fwp%2Fv2%2Fmedia&parent=11834"}],"wp:term":[{"taxonomy":"category","embeddable":true,"href":"https:\/\/www.radiolimari.cl\/index.php?rest_route=%2Fwp%2Fv2%2Fcategories&post=11834"},{"taxonomy":"post_tag","embeddable":true,"href":"https:\/\/www.radiolimari.cl\/index.php?rest_route=%2Fwp%2Fv2%2Ftags&post=11834"}],"curies":[{"name":"wp","href":"https:\/\/api.w.org\/{rel}","templated":true}]}}