{"id":11831,"date":"2024-09-09T23:26:06","date_gmt":"2024-09-09T23:26:06","guid":{"rendered":"https:\/\/www.radiolimari.cl\/?p=11831"},"modified":"2024-09-09T23:26:07","modified_gmt":"2024-09-09T23:26:07","slug":"en-ovalle-conmemoran-el-dia-internacional-de-la-alfabetizacion-y-educacion-para-jovenes-y-adultos","status":"publish","type":"post","link":"https:\/\/www.radiolimari.cl\/?p=11831","title":{"rendered":"En Ovalle conmemoran el D\u00eda Internacional de la Alfabetizaci\u00f3n y Educaci\u00f3n para j\u00f3venes y adultos."},"content":{"rendered":"\n<figure class=\"wp-block-image size-large\"><a href=\"https:\/\/www.radiolimari.cl\/wp-content\/uploads\/2024\/09\/Dia-Internacional-de-la-Educacion-para-jovenes-y-adultos-2.jpg\"><img fetchpriority=\"high\" decoding=\"async\" width=\"1024\" height=\"918\" src=\"https:\/\/www.radiolimari.cl\/wp-content\/uploads\/2024\/09\/Dia-Internacional-de-la-Educacion-para-jovenes-y-adultos-2-1024x918.jpg\" alt=\"\" class=\"wp-image-11832\" srcset=\"https:\/\/www.radiolimari.cl\/wp-content\/uploads\/2024\/09\/Dia-Internacional-de-la-Educacion-para-jovenes-y-adultos-2-1024x918.jpg 1024w, https:\/\/www.radiolimari.cl\/wp-content\/uploads\/2024\/09\/Dia-Internacional-de-la-Educacion-para-jovenes-y-adultos-2-300x269.jpg 300w, https:\/\/www.radiolimari.cl\/wp-content\/uploads\/2024\/09\/Dia-Internacional-de-la-Educacion-para-jovenes-y-adultos-2-768x688.jpg 768w, https:\/\/www.radiolimari.cl\/wp-content\/uploads\/2024\/09\/Dia-Internacional-de-la-Educacion-para-jovenes-y-adultos-2-1536x1377.jpg 1536w, https:\/\/www.radiolimari.cl\/wp-content\/uploads\/2024\/09\/Dia-Internacional-de-la-Educacion-para-jovenes-y-adultos-2-2048x1835.jpg 2048w\" sizes=\"(max-width: 1024px) 100vw, 1024px\" \/><\/a><\/figure>\n\n\n\n<p><strong><em>La jornada se realiz\u00f3 en dependencias del Centro de Educaci\u00f3n Integral para Adultos (CEIA) y tuvo como principal objetivo resaltar la importancia de generar alternativas para que personas puedan concluir su ense\u00f1anza b\u00e1sica y media. El alcalde Jonathan Acu\u00f1a destac\u00f3 el trabajo realizado por el CEIA Limar\u00ed, puesto que sus estudiantes egresan preparados para enfrentar la educaci\u00f3n superior y el mundo laboral.&nbsp;<\/em><\/strong><\/p>\n\n\n\n<p>Con un emotivo acto se conmemor\u00f3 el D\u00eda Internacional de la Alfabetizaci\u00f3n y Educaci\u00f3n para personas j\u00f3venes y adultas en Ovalle. La ceremonia se realiz\u00f3 en dependencias del Centro de Educaci\u00f3n Integral para Adultos (CEIA), quienes con esta actividad buscan dar realce a este sistema, que permite que muchas personas concluyan su educaci\u00f3n b\u00e1sica y media.<\/p>\n\n\n\n<p>Este d\u00eda fue establecido por la UNESCO, con el fin de impulsar la educaci\u00f3n para quienes, por diversas razones, no pudieron terminar su proceso acad\u00e9mico, y adem\u00e1s busca garantizar este acceso independiente de la edad y condici\u00f3n social de los estudiantes.&nbsp;<\/p>\n\n\n\n<p>La educaci\u00f3n para personas j\u00f3venes y adultas toma cada vez mayor relevancia en el pa\u00eds. Actualmente existen 813 establecimientos dedicados a este proceso, para personas mayores de 15 a\u00f1os con educaci\u00f3n b\u00e1sica incompleta y para personas mayores de 17 a\u00f1os que no han terminado su educaci\u00f3n media.<\/p>\n\n\n\n<p>El Centro Integral de Educaci\u00f3n para Adultos de Ovalle imparte educaci\u00f3n cient\u00edfico-humanista y cuenta con 193 alumnos, quienes est\u00e1n divididos en tres niveles, s\u00e9ptimo y octavo b\u00e1sico, primero y segundo medio y tercero y cuarto medio en jornadas de ma\u00f1ana, tarde y noche, a lo que se suma un establecimiento, s\u00f3lo nocturno, que funciona en la escuela Oscar Araya Molina de la poblaci\u00f3n San Luis. El principal objetivo es promover los conocimientos para que puedan continuar con su educaci\u00f3n superior y entregarles herramientas para enfrentar el mundo laboral.<\/p>\n\n\n\n<p>El alcalde Jonathan Acu\u00f1a, quien particip\u00f3 en esta especial jornada, sostuvo que la labor que cumple el CEIA \u201ces esencial, puesto que entrega educaci\u00f3n a personas j\u00f3venes y adultas de diversos puntos de la comuna de Ovalle, tanto urbano, como rural, y nuestra idea es ir potenciando d\u00eda a d\u00eda este sistema. Estamos contentos, porque en los \u00faltimos a\u00f1os han obtenido positivos resultados en lo acad\u00e9mico, puesto que cuentan con un cuerpo docente con una gran trayectoria, lo que ha permitido que muchos j\u00f3venes puedan continuar su educaci\u00f3n superior\u201d.<\/p>\n\n\n\n<p>La directora del Centro de Educaci\u00f3n Integral para Adultos (CEIA Limar\u00ed), Karin Flores indic\u00f3 que existe una brecha importante en la educaci\u00f3n para adultos, en comparaci\u00f3n con el proceso tradicional. \u201cLas cifras actuales de las personas que no han finalizado su trayectoria educativa, de acuerdo al ministerio de Educaci\u00f3n, son cerca de cinco millones, lo que da muestra de la necesidad que existe en cuanto a la educaci\u00f3n de la personas j\u00f3venes y adultas. Por lo mismo, debe seguir imparti\u00e9ndose y mejorando en los procesos orientada a una mejor calidad y restituyendo el derecho a la educaci\u00f3n\u201d.&nbsp;&nbsp;<\/p>\n\n\n\n<p>Durante la ceremonia, se destac\u00f3 a estudiantes por su esfuerzo y dedicaci\u00f3n. En esta oportunidad recibieron este reconocimiento Macarena Cort\u00e9s, Fernanda Cobo y David Pizarro, adem\u00e1s de Andrea Barraza y Erwin Barraza por su compromiso y excelente asistencia.<\/p>\n\n\n\n<p>Adem\u00e1s, se hizo efectu\u00f3 una exposici\u00f3n de trabajos manuales realizados por los alumnos y alumnas haciendo alusi\u00f3n al Mes de la Patria. Asimismo, los estudiantes mostraron su talento y prepararon presentaciones art\u00edsticas, donde destac\u00f3 la declamaci\u00f3n del poema Volver a Empezar de la alumna Tatiana Lazo, la interpretaci\u00f3n de la canci\u00f3n El Tiempo en las Bastillas del cantautor Fernando Ubiergo, por parte del alumno Maverick Serva y la fantas\u00eda en cueca presentada por la Academia de Folclore del establecimiento.<\/p>\n","protected":false},"excerpt":{"rendered":"<p>La jornada se realiz\u00f3 en dependencias del Centro de Educaci\u00f3n Integral para Adultos (CEIA) y tuvo como principal objetivo resaltar la importancia de generar alternativas para que personas puedan concluir su ense\u00f1anza b\u00e1sica y media. El alcalde Jonathan Acu\u00f1a destac\u00f3 el trabajo realizado por el CEIA Limar\u00ed, puesto que sus estudiantes egresan preparados para enfrentar &#8230;<\/p>\n","protected":false},"author":2,"featured_media":11832,"comment_status":"open","ping_status":"open","sticky":false,"template":"","format":"standard","meta":{"footnotes":""},"categories":[5],"tags":[],"class_list":["post-11831","post","type-post","status-publish","format-standard","has-post-thumbnail","hentry","category-actualidad-limarina"],"_links":{"self":[{"href":"https:\/\/www.radiolimari.cl\/index.php?rest_route=\/wp\/v2\/posts\/11831","targetHints":{"allow":["GET"]}}],"collection":[{"href":"https:\/\/www.radiolimari.cl\/index.php?rest_route=\/wp\/v2\/posts"}],"about":[{"href":"https:\/\/www.radiolimari.cl\/index.php?rest_route=\/wp\/v2\/types\/post"}],"author":[{"embeddable":true,"href":"https:\/\/www.radiolimari.cl\/index.php?rest_route=\/wp\/v2\/users\/2"}],"replies":[{"embeddable":true,"href":"https:\/\/www.radiolimari.cl\/index.php?rest_route=%2Fwp%2Fv2%2Fcomments&post=11831"}],"version-history":[{"count":1,"href":"https:\/\/www.radiolimari.cl\/index.php?rest_route=\/wp\/v2\/posts\/11831\/revisions"}],"predecessor-version":[{"id":11833,"href":"https:\/\/www.radiolimari.cl\/index.php?rest_route=\/wp\/v2\/posts\/11831\/revisions\/11833"}],"wp:featuredmedia":[{"embeddable":true,"href":"https:\/\/www.radiolimari.cl\/index.php?rest_route=\/wp\/v2\/media\/11832"}],"wp:attachment":[{"href":"https:\/\/www.radiolimari.cl\/index.php?rest_route=%2Fwp%2Fv2%2Fmedia&parent=11831"}],"wp:term":[{"taxonomy":"category","embeddable":true,"href":"https:\/\/www.radiolimari.cl\/index.php?rest_route=%2Fwp%2Fv2%2Fcategories&post=11831"},{"taxonomy":"post_tag","embeddable":true,"href":"https:\/\/www.radiolimari.cl\/index.php?rest_route=%2Fwp%2Fv2%2Ftags&post=11831"}],"curies":[{"name":"wp","href":"https:\/\/api.w.org\/{rel}","templated":true}]}}