{"id":11828,"date":"2024-09-09T23:18:24","date_gmt":"2024-09-09T23:18:24","guid":{"rendered":"https:\/\/www.radiolimari.cl\/?p=11828"},"modified":"2024-09-09T23:18:25","modified_gmt":"2024-09-09T23:18:25","slug":"gobierno-llama-a-la-prevencion-al-elevar-volantines-en-fiestas-patrias","status":"publish","type":"post","link":"https:\/\/www.radiolimari.cl\/?p=11828","title":{"rendered":"Gobierno llama a la prevenci\u00f3n al elevar volantines en Fiestas Patrias"},"content":{"rendered":"\n<figure class=\"wp-block-image size-full\"><a href=\"https:\/\/www.radiolimari.cl\/wp-content\/uploads\/2024\/09\/VOLANTIN-SEGURO-IMG_1514-2.jpg\"><img fetchpriority=\"high\" decoding=\"async\" width=\"1024\" height=\"576\" src=\"https:\/\/www.radiolimari.cl\/wp-content\/uploads\/2024\/09\/VOLANTIN-SEGURO-IMG_1514-2.jpg\" alt=\"\" class=\"wp-image-11829\" srcset=\"https:\/\/www.radiolimari.cl\/wp-content\/uploads\/2024\/09\/VOLANTIN-SEGURO-IMG_1514-2.jpg 1024w, https:\/\/www.radiolimari.cl\/wp-content\/uploads\/2024\/09\/VOLANTIN-SEGURO-IMG_1514-2-300x169.jpg 300w, https:\/\/www.radiolimari.cl\/wp-content\/uploads\/2024\/09\/VOLANTIN-SEGURO-IMG_1514-2-768x432.jpg 768w\" sizes=\"(max-width: 1024px) 100vw, 1024px\" \/><\/a><\/figure>\n\n\n\n<p><strong><br>*La principal recomendaci\u00f3n de las autoridades es no realizar esta pr\u00e1ctica cerca de las redes el\u00e9ctricas, para evitar cortes de suministro y riesgos de electrocuci\u00f3n.<\/strong><\/p>\n\n\n\n<p>En el marco del plan general de Gobierno \u201cUnidos por un 18 Seguro\u201d, dispuesto para las celebraciones de estas Fiestas Patrias, las autoridades regionales, en conjunto con la empresa CGE, formularon hoy un llamado a la ciudadan\u00eda a evitar incidentes relacionados con elevar volantines, pr\u00e1ctica tradicional de nuestro pa\u00eds que requiere precauciones, especialmente en ni\u00f1os, ni\u00f1as y sus familias sobre los peligros asociados a la interacci\u00f3n con redes el\u00e9ctricas.&nbsp;<\/p>\n\n\n\n<p>En el marco de la campa\u00f1a \u201cVolant\u00edn Seguro\u201d, el delegado presidencial regional, Galo Luna, manifest\u00f3 que cada a\u00f1o, lamentablemente, constatamos la ocurrencia de accidentes por mal uso del volant\u00edn, un elemento t\u00edpico nuestro que revive en septiembre, asociado al manejo del hilo curado que trae con ello heridas, mutilaciones, pero tambi\u00e9n en el \u00faltimo tiempo, se ha detectado que una alta incidencia de incidentes producto de volantines que quedan enredados en el tendido el\u00e9ctrico. El hilo curado es ilegal y utiliza metal, lo que puede ser un conductor el\u00e9ctrico, entonces el riesgo es tambi\u00e9n electrocutarse por utilizar de mala forma un volant\u00edn\u201d.<\/p>\n\n\n\n<p>El seremi de Energ\u00eda, Eduardo Lara, subray\u00f3 que \u201cjunto al delegado presidencial, a la SEC y CGE, estamos realizando esta campa\u00f1a preventiva de manera de resaltar en ni\u00f1os, ni\u00f1as, j\u00f3venes y padres, a que gocen de esta tradici\u00f3n sin hechos que lamentar. En Chile se fabrican cerca de 20 millones de volantines y queremos que esos 20 millones de volantines se eleven sin tener ning\u00fan hecho que lamentar ni que afecte a las personas\u201d.<br><br>El director regional de la Superintendencia de Electricidad y Combustibles (SEC), Humberto Rovegno, sostuvo que \u201cel ideal es que las familias jueguen con volantines en lugares despejados donde no haya l\u00edneas para que se vean expuestos a todo lo que se ha dicho.&nbsp; Y por otro lado como Superintendencia nos preocupamos de la continuidad del suministro el\u00e9ctrico y que sea continuo y seguro en estas festividades\u201d.<\/p>\n\n\n\n<p>El gerente zonal de CGE Coquimbo, Oscar Jerez, indic\u00f3 \u201cestamos muy interesados en que este mensaje llegue a toda la comunidad partiendo por los ni\u00f1os, escolares, colegios y a los padres, porque queremos que sea una fiesta para recordar y no para lamentar hechos de inseguridad, producto del mal uso del volant\u00edn, que es una tradici\u00f3n, que queremos mantener, pero que se haga de forma segura. Evitar el hilo curado porque puede generar cortes e interrupciones de suministro. El llamado es hacer un uso correcto del volant\u00edn en lugares despejados de conductores el\u00e9ctricos para no generar problemas. Sabemos que esto genera inconvenientes en las redes de media, baja tensi\u00f3n y tambi\u00e9n en la alta tensi\u00f3n\u2026&nbsp; Debemos hacer el llamado a que la gente denuncie cuando est\u00e9n haciendo mal uso de los volantines en lugares donde no se debe y con elementos prohibidos\u201d.<\/p>\n\n\n\n<p>La estudiante del liceo Gabriela Mistral Agustina Valenzuela indic\u00f3 que \u201ccomo es costumbre se celebra de muchas formas y una de ellas es el volant\u00edn y nos explicaron muchos problemas que hay al momento de elevarlos en lugares no habilitados y usar hilo no habilitado. Eso nos podr\u00eda costar hasta la vida, entonces encuentro que esto es muy importante que se refuerce todos los a\u00f1os porque va a ser siempre lo mismo. Muchas personas no saben que pueden dejar a una cuadra entera sin luz\u201d.<\/p>\n\n\n\n<p><br>La estudiante del mismo establecimiento, Daniela Angel, llam\u00f3 a los j\u00f3venes a \u201csi van a elevar volantines, aparte que no lo hagan cerca de los cables, que no usen el hilo curado porque se puede electrocutar y es peligroso para las personas que est\u00e1n cerca\u201d.<\/p>\n\n\n\n<p><\/p>\n","protected":false},"excerpt":{"rendered":"<p>*La principal recomendaci\u00f3n de las autoridades es no realizar esta pr\u00e1ctica cerca de las redes el\u00e9ctricas, para evitar cortes de suministro y riesgos de electrocuci\u00f3n. En el marco del plan general de Gobierno \u201cUnidos por un 18 Seguro\u201d, dispuesto para las celebraciones de estas Fiestas Patrias, las autoridades regionales, en conjunto con la empresa CGE, &#8230;<\/p>\n","protected":false},"author":2,"featured_media":11829,"comment_status":"open","ping_status":"open","sticky":false,"template":"","format":"standard","meta":{"footnotes":""},"categories":[6],"tags":[],"class_list":["post-11828","post","type-post","status-publish","format-standard","has-post-thumbnail","hentry","category-regionales"],"_links":{"self":[{"href":"https:\/\/www.radiolimari.cl\/index.php?rest_route=\/wp\/v2\/posts\/11828","targetHints":{"allow":["GET"]}}],"collection":[{"href":"https:\/\/www.radiolimari.cl\/index.php?rest_route=\/wp\/v2\/posts"}],"about":[{"href":"https:\/\/www.radiolimari.cl\/index.php?rest_route=\/wp\/v2\/types\/post"}],"author":[{"embeddable":true,"href":"https:\/\/www.radiolimari.cl\/index.php?rest_route=\/wp\/v2\/users\/2"}],"replies":[{"embeddable":true,"href":"https:\/\/www.radiolimari.cl\/index.php?rest_route=%2Fwp%2Fv2%2Fcomments&post=11828"}],"version-history":[{"count":1,"href":"https:\/\/www.radiolimari.cl\/index.php?rest_route=\/wp\/v2\/posts\/11828\/revisions"}],"predecessor-version":[{"id":11830,"href":"https:\/\/www.radiolimari.cl\/index.php?rest_route=\/wp\/v2\/posts\/11828\/revisions\/11830"}],"wp:featuredmedia":[{"embeddable":true,"href":"https:\/\/www.radiolimari.cl\/index.php?rest_route=\/wp\/v2\/media\/11829"}],"wp:attachment":[{"href":"https:\/\/www.radiolimari.cl\/index.php?rest_route=%2Fwp%2Fv2%2Fmedia&parent=11828"}],"wp:term":[{"taxonomy":"category","embeddable":true,"href":"https:\/\/www.radiolimari.cl\/index.php?rest_route=%2Fwp%2Fv2%2Fcategories&post=11828"},{"taxonomy":"post_tag","embeddable":true,"href":"https:\/\/www.radiolimari.cl\/index.php?rest_route=%2Fwp%2Fv2%2Ftags&post=11828"}],"curies":[{"name":"wp","href":"https:\/\/api.w.org\/{rel}","templated":true}]}}