{"id":11819,"date":"2024-09-07T01:12:44","date_gmt":"2024-09-07T01:12:44","guid":{"rendered":"https:\/\/www.radiolimari.cl\/?p=11819"},"modified":"2024-09-07T01:15:44","modified_gmt":"2024-09-07T01:15:44","slug":"compartamos-las-tareas-del-hogar-no-recarguemos-a-la-mama-a-la-abuelita-todos-debemos-hacernos-cargo-y-disfrutemos-esta-fiesta-patriota-con-respeto-a-la-naturaleza-y-las-familias","status":"publish","type":"post","link":"https:\/\/www.radiolimari.cl\/?p=11819","title":{"rendered":"Definen estrategias para unas Fiestas Patrias seguras en la Provincia de Limar\u00ed"},"content":{"rendered":"\n<figure class=\"wp-block-image size-large\"><a href=\"https:\/\/www.radiolimari.cl\/wp-content\/uploads\/2024\/09\/COGRID-SEPTIEMBRE-2.jpeg\"><img fetchpriority=\"high\" decoding=\"async\" width=\"1024\" height=\"576\" src=\"https:\/\/www.radiolimari.cl\/wp-content\/uploads\/2024\/09\/COGRID-SEPTIEMBRE-2-1024x576.jpeg\" alt=\"\" class=\"wp-image-11820\" srcset=\"https:\/\/www.radiolimari.cl\/wp-content\/uploads\/2024\/09\/COGRID-SEPTIEMBRE-2-1024x576.jpeg 1024w, https:\/\/www.radiolimari.cl\/wp-content\/uploads\/2024\/09\/COGRID-SEPTIEMBRE-2-300x169.jpeg 300w, https:\/\/www.radiolimari.cl\/wp-content\/uploads\/2024\/09\/COGRID-SEPTIEMBRE-2-768x432.jpeg 768w, https:\/\/www.radiolimari.cl\/wp-content\/uploads\/2024\/09\/COGRID-SEPTIEMBRE-2.jpeg 1280w\" sizes=\"(max-width: 1024px) 100vw, 1024px\" \/><\/a><\/figure>\n\n\n\n<p><strong><em>En una importante reuni\u00f3n de coordinaci\u00f3n, las autoridades de la provincia relacionadas con el orden, la seguridad y la prevenci\u00f3n, establecieron par\u00e1metros para resguardar a la ciudadan\u00eda en festividades de septiembre.<\/em><\/strong><\/p>\n\n\n\n<p>Se estima que entre el 13 y el 22 de septiembre, m\u00e1s de 200 mil personas ingresar\u00e1n a la Regi\u00f3n de Coquimbo, parte importante de este n\u00famero de personas lo har\u00e1n a la provincia de Limar\u00ed. Sumado a ello, aumenta el flujo de personas en calles y carreteras, as\u00ed como en el uso de espacios rurales y actividades masivas en cada comuna. Es por ello, que autoridades provinciales encabezadas por la Delegada Presidencial Provincial de Limar\u00ed, se reunieron en un Comit\u00e9 de Gesti\u00f3n de Riesgos y Desastres, para definir estrategias de resguardo a la ciudadan\u00eda.<\/p>\n\n\n\n<p>Seg\u00fan se\u00f1ala la Delegada Presidencial Provincial de Limar\u00ed, Marily Escobar Oviedo, \u201cen este nuevo COGRID definimos algunas de las estrategias de cuidado a las personas para estas fiestas patrias. Nuestro Gobierno tiene un enfoque integral de seguridad y queremos trabajar unidos por un 18 seguro para todas y todos, por eso requerimos tambi\u00e9n del compromiso de la ciudadan\u00eda que debe cuidarse y cuidar su entorno para no tener que lamentar ninguna tragedia y sean unas buenas Fiestas Patrias\u201d.<\/p>\n\n\n\n<p>Los principales resguardos que se requieren ante estas fechas tienen que ver con el buen comportamiento vial, la prevenci\u00f3n de incendios forestales y el consumo responsable de alcohol.<\/p>\n\n\n\n<p>Por su parte el Director Regional (s) de SENAPRED, Ra\u00fal Garrido, indic\u00f3 que \u201ces importante recalcar que se espera una gran concurrencia de turistas, particularmente en la provincia de Limar\u00ed. Esto sumado a los eventos masivos a realizar, es importante llamar a la comunidad a no exponerse de forma innecesaria y mantener una conducta preventiva de autocuidado. Importante igualmente estar atentos a las variables de riesgo en actividades al aire libre y estar atentos a factores como el fuego, el viento y el material seco en campo abierto para evitar incendios forestales\u201d.<\/p>\n\n\n\n<p>Justamente en esa misma l\u00ednea, uno de los focos de la campa\u00f1a preventiva para estas Fiestas Patrias es evitar incendios forestales. Esta es una preocupaci\u00f3n constante de CONAF. Es por ello que Ernesto Flores, director provincial de CONAF indic\u00f3 que \u201cinvitamos a la comunidad a celebrar de manera tranquila y ordenada, si van a generar fuego que no est\u00e9 con resguardo, deben tomar las medidas correspondientes, no hacerlo directamente con el suelo, ya que hay riesgo de descontrolarlo y provocar un incendio forestal y es importante apagar las fuentes de calor cuando no se utilicen\u201d.<\/p>\n\n\n\n<p>El Coronel H\u00e9ctor Canales Benavides, Prefecto Carabineros de la Prefectura de Limar\u00ed se refiri\u00f3 a la planificaci\u00f3n de la instituci\u00f3n policial, se\u00f1alando que \u201crespecto a los planes de contingencia, estamos analizando d\u00eda a d\u00eda, estamos al tanto de las actividades que est\u00e1n organizando las municipalidades y vamos a trabajar de manera conjunta y directamente con ellos a trav\u00e9s de la Delegaci\u00f3n Presidencial para brindar mayor seguridad a todos nuestros vecinos y vecinas que concurran a las celebraciones\u201d.<\/p>\n\n\n\n<p>Por su parte, la alcaldesa de R\u00edo Hurtado, Carmen Juana Olivares de la Rivera, hizo un llamado&nbsp; \u201ca los visitantes, familiares, vecinos y vecinas de nuestras comunas que celebren con responsabilidad, a no conducir en estado de ebriedad, tambi\u00e9n considerar el manejo del fuego, tener cuidado al prender carb\u00f3n, tomar medidas de seguridad y manipular correctamente los residuos, reciclar y colaborar para que todos puedan celebrar en tranquilidad. Compartamos las tareas del hogar, no recarguemos a la mam\u00e1, a la abuelita, todos debemos hacernos cargo y disfrutemos esta fiesta patriota con respeto a la naturaleza y las familias\u201d.<\/p>\n\n\n\n<p>En la mencionada reuni\u00f3n de COGRID de Limar\u00ed participaron la Delegada Presidencial Provincial de Limar\u00ed, alcaldesa de R\u00edo Hurtado, direcci\u00f3n regional de SENAPRED, personal de Carabineros, PDI, Bomberos, CONAF, Servicio de Salud y equipos de emergencia de los municipios de las cinco comunas de Limar\u00ed<\/p>\n\n\n\n<p>Cabe destacar que un n\u00famero importante de Carabineros se desplegar\u00e1 en el territorio provincial, asimismo el Ministerio de Transporte va a llevar adelante fiscalizaciones en distintos puntos de las rutas de Chile y ha trabajado para desplegar sus capacidades para que las personas se puedan desplazar de manera expedita y segura, haciendo gesti\u00f3n de tarifas, gesti\u00f3n de tr\u00e1nsito y tambi\u00e9n teniendo planes de emergencia ante la eventualidad de congestiones viales.<\/p>\n","protected":false},"excerpt":{"rendered":"<p>En una importante reuni\u00f3n de coordinaci\u00f3n, las autoridades de la provincia relacionadas con el orden, la seguridad y la prevenci\u00f3n, establecieron par\u00e1metros para resguardar a la ciudadan\u00eda en festividades de septiembre. Se estima que entre el 13 y el 22 de septiembre, m\u00e1s de 200 mil personas ingresar\u00e1n a la Regi\u00f3n de Coquimbo, parte importante &#8230;<\/p>\n","protected":false},"author":2,"featured_media":11820,"comment_status":"open","ping_status":"open","sticky":false,"template":"","format":"standard","meta":{"footnotes":""},"categories":[5],"tags":[],"class_list":["post-11819","post","type-post","status-publish","format-standard","has-post-thumbnail","hentry","category-actualidad-limarina"],"_links":{"self":[{"href":"https:\/\/www.radiolimari.cl\/index.php?rest_route=\/wp\/v2\/posts\/11819","targetHints":{"allow":["GET"]}}],"collection":[{"href":"https:\/\/www.radiolimari.cl\/index.php?rest_route=\/wp\/v2\/posts"}],"about":[{"href":"https:\/\/www.radiolimari.cl\/index.php?rest_route=\/wp\/v2\/types\/post"}],"author":[{"embeddable":true,"href":"https:\/\/www.radiolimari.cl\/index.php?rest_route=\/wp\/v2\/users\/2"}],"replies":[{"embeddable":true,"href":"https:\/\/www.radiolimari.cl\/index.php?rest_route=%2Fwp%2Fv2%2Fcomments&post=11819"}],"version-history":[{"count":2,"href":"https:\/\/www.radiolimari.cl\/index.php?rest_route=\/wp\/v2\/posts\/11819\/revisions"}],"predecessor-version":[{"id":11823,"href":"https:\/\/www.radiolimari.cl\/index.php?rest_route=\/wp\/v2\/posts\/11819\/revisions\/11823"}],"wp:featuredmedia":[{"embeddable":true,"href":"https:\/\/www.radiolimari.cl\/index.php?rest_route=\/wp\/v2\/media\/11820"}],"wp:attachment":[{"href":"https:\/\/www.radiolimari.cl\/index.php?rest_route=%2Fwp%2Fv2%2Fmedia&parent=11819"}],"wp:term":[{"taxonomy":"category","embeddable":true,"href":"https:\/\/www.radiolimari.cl\/index.php?rest_route=%2Fwp%2Fv2%2Fcategories&post=11819"},{"taxonomy":"post_tag","embeddable":true,"href":"https:\/\/www.radiolimari.cl\/index.php?rest_route=%2Fwp%2Fv2%2Ftags&post=11819"}],"curies":[{"name":"wp","href":"https:\/\/api.w.org\/{rel}","templated":true}]}}