{"id":11816,"date":"2024-09-07T00:18:34","date_gmt":"2024-09-07T00:18:34","guid":{"rendered":"https:\/\/www.radiolimari.cl\/?p=11816"},"modified":"2024-09-07T00:18:35","modified_gmt":"2024-09-07T00:18:35","slug":"en-ovalle-realizaron-la-primera-jornada-de-formacion-comunitaria-impulsando-la-gestion-de-proyectos-para-la-salud-y-el-bienestar","status":"publish","type":"post","link":"https:\/\/www.radiolimari.cl\/?p=11816","title":{"rendered":"En Ovalle realizaron la Primera Jornada de Formaci\u00f3n Comunitaria \u201cImpulsando la Gesti\u00f3n de Proyectos para la Salud y el Bienestar\u201d"},"content":{"rendered":"\n<figure class=\"wp-block-image size-large\"><a href=\"https:\/\/www.radiolimari.cl\/wp-content\/uploads\/2024\/09\/Capacitacion-dirigentes-en-Ovalle-1-scaled.jpg\"><img fetchpriority=\"high\" decoding=\"async\" width=\"1024\" height=\"683\" src=\"https:\/\/www.radiolimari.cl\/wp-content\/uploads\/2024\/09\/Capacitacion-dirigentes-en-Ovalle-1-1024x683.jpg\" alt=\"\" class=\"wp-image-11817\" srcset=\"https:\/\/www.radiolimari.cl\/wp-content\/uploads\/2024\/09\/Capacitacion-dirigentes-en-Ovalle-1-1024x683.jpg 1024w, https:\/\/www.radiolimari.cl\/wp-content\/uploads\/2024\/09\/Capacitacion-dirigentes-en-Ovalle-1-300x200.jpg 300w, https:\/\/www.radiolimari.cl\/wp-content\/uploads\/2024\/09\/Capacitacion-dirigentes-en-Ovalle-1-768x512.jpg 768w, https:\/\/www.radiolimari.cl\/wp-content\/uploads\/2024\/09\/Capacitacion-dirigentes-en-Ovalle-1-1536x1024.jpg 1536w, https:\/\/www.radiolimari.cl\/wp-content\/uploads\/2024\/09\/Capacitacion-dirigentes-en-Ovalle-1-2048x1365.jpg 2048w\" sizes=\"(max-width: 1024px) 100vw, 1024px\" \/><\/a><\/figure>\n\n\n\n<p><strong><em>La iniciativa, impulsada por el departamento de Salud del municipio de Ovalle, que se realiz\u00f3 en la sede social del Club de Leones de Ovalle, reuni\u00f3 a m\u00e1s de 60 dirigentes sociales quienes se interiorizaron sobre la gesti\u00f3n de proyectos de salud y bienestar.<\/em><\/strong><\/p>\n\n\n\n<p>M\u00e1s de 60 dirigentes sociales participaron en esta jornada de capacitaci\u00f3n, que se realiz\u00f3 en el Club de Leones de Ovalle, que busca fortalecer el sistema de salud y mejorar la calidad de vida de las familias de Ovalle denomina \u201cImpulsando la gesti\u00f3n de proyectos para la salud enfocada en los condicionantes de la salud y la promoci\u00f3n del bienestar.<\/p>\n\n\n\n<p>Camila N\u00fa\u00f1ez, Referente Comunal MAIS-ECICEP del Departamento de Salud Ovalle, explic\u00f3 el rol de la Atenci\u00f3n Primaria de Salud (APS) y la identificaci\u00f3n de los determinantes sociales de la salud. Alfonso Cort\u00e9s Ruilova de la Divisi\u00f3n de Organizaciones Sociales, Ministerio Secretar\u00eda General de Gobierno, present\u00f3 herramientas para el liderazgo comunitario y el diagn\u00f3stico social y territorial. Por su parte, Rossana Rojas, presidenta de la junta de vecinos Patricio Zeballos comparti\u00f3 experiencias locales que ilustran la implementaci\u00f3n de proyectos exitosos.<\/p>\n\n\n\n<p>Asimismo, en la segunda jornada se present\u00f3 Ricardo Penna, encargado de la Oficina de Caletas Pesqueras del departamento de Fomento Productivo, con los conceptos y herramientas para la elaboraci\u00f3n de proyectos comunitarios y la ruta para su financiamiento. Adem\u00e1s, se present\u00f3 el CECOSF San Jos\u00e9 de la Dehesa con su proyecto titulado \u201cPromoviendo espacios de autocuidado para la salud mental en nuestra comunidad\u201d, ofreciendo una perspectiva pr\u00e1ctica sobre la aplicaci\u00f3n de los conocimientos adquiridos.<\/p>\n\n\n\n<p>La iniciativa tiene como objetivo principal educar a los l\u00edderes comunitarios sobre los condicionantes de la salud y el bienestar, fomentando pr\u00e1cticas saludables y sostenibles. Adem\u00e1s, se busca capacitar a los participantes en t\u00e9cnicas y herramientas necesarias para dise\u00f1ar y gestionar proyectos que aborden estos condicionantes, y guiarles en la obtenci\u00f3n de financiamiento para sus iniciativas.<\/p>\n\n\n\n<p>Camila N\u00fa\u00f1ez, referente comunal de MAIS (Modelo de Atenci\u00f3n Integral de Salud), destac\u00f3 la importancia de este evento subrayando que se llev\u00f3 a cabo con el apoyo de seis centros de la comuna, incluyendo CESFAM Dr. Marcos Macuada Ogalde y sus CECOSF Colonia de Limar\u00ed y San Jos\u00e9 de la Dehesa, CESFAM Dr. Jorge Jord\u00e1n Domic, CESFAM Fray Jorge y su CECOSF Los Copihues. \u201cEsta jornada est\u00e1 dise\u00f1ada para empoderar a la comunidad en la toma de decisiones sobre su salud y para maximizar el uso de los activos comunitarios y se deja como reflexi\u00f3n la salutogenesis\u201d afirm\u00f3 la profesional.<\/p>\n\n\n\n<p>Jessica Orrego N\u00fa\u00f1ez, presidenta de la agrupaci\u00f3n Peque\u00f1os Guerreros del C\u00e1ncer de la provincia de Limar\u00ed se\u00f1al\u00f3 que estas instancias \u201cson fundamentales para nosotros como dirigentes. Es esencial estar bien informados para evolucionar con los tiempos y entender las leyes y tem\u00e1ticas organizacionales. Estar informados permite a la comunidad involucrarse y ser parte activa del desarrollo local y regional, especialmente en el \u00e1rea de la salud\u201d.<\/p>\n\n\n\n<p>La jornada se dividi\u00f3 en dos sesiones, donde los temas abordados incluyen desde los determinantes sociales de la salud hasta la gesti\u00f3n y monitoreo de proyectos comunitarios. La participaci\u00f3n de expositores de DIDECO y Fomento Productivo de la Ilustre Municipalidad de Ovalle permiti\u00f3 complementar el enfoque pr\u00e1ctico y estrat\u00e9gico de la capacitaci\u00f3n.<\/p>\n\n\n\n<p>Este evento representa un paso significativo hacia el fortalecimiento del liderazgo comunitario y la mejora continua en la gesti\u00f3n de proyectos que impactan positivamente en la salud y el bienestar de la poblaci\u00f3n.<\/p>\n","protected":false},"excerpt":{"rendered":"<p>La iniciativa, impulsada por el departamento de Salud del municipio de Ovalle, que se realiz\u00f3 en la sede social del Club de Leones de Ovalle, reuni\u00f3 a m\u00e1s de 60 dirigentes sociales quienes se interiorizaron sobre la gesti\u00f3n de proyectos de salud y bienestar. M\u00e1s de 60 dirigentes sociales participaron en esta jornada de capacitaci\u00f3n, &#8230;<\/p>\n","protected":false},"author":2,"featured_media":11817,"comment_status":"open","ping_status":"open","sticky":false,"template":"","format":"standard","meta":{"footnotes":""},"categories":[5],"tags":[],"class_list":["post-11816","post","type-post","status-publish","format-standard","has-post-thumbnail","hentry","category-actualidad-limarina"],"_links":{"self":[{"href":"https:\/\/www.radiolimari.cl\/index.php?rest_route=\/wp\/v2\/posts\/11816","targetHints":{"allow":["GET"]}}],"collection":[{"href":"https:\/\/www.radiolimari.cl\/index.php?rest_route=\/wp\/v2\/posts"}],"about":[{"href":"https:\/\/www.radiolimari.cl\/index.php?rest_route=\/wp\/v2\/types\/post"}],"author":[{"embeddable":true,"href":"https:\/\/www.radiolimari.cl\/index.php?rest_route=\/wp\/v2\/users\/2"}],"replies":[{"embeddable":true,"href":"https:\/\/www.radiolimari.cl\/index.php?rest_route=%2Fwp%2Fv2%2Fcomments&post=11816"}],"version-history":[{"count":1,"href":"https:\/\/www.radiolimari.cl\/index.php?rest_route=\/wp\/v2\/posts\/11816\/revisions"}],"predecessor-version":[{"id":11818,"href":"https:\/\/www.radiolimari.cl\/index.php?rest_route=\/wp\/v2\/posts\/11816\/revisions\/11818"}],"wp:featuredmedia":[{"embeddable":true,"href":"https:\/\/www.radiolimari.cl\/index.php?rest_route=\/wp\/v2\/media\/11817"}],"wp:attachment":[{"href":"https:\/\/www.radiolimari.cl\/index.php?rest_route=%2Fwp%2Fv2%2Fmedia&parent=11816"}],"wp:term":[{"taxonomy":"category","embeddable":true,"href":"https:\/\/www.radiolimari.cl\/index.php?rest_route=%2Fwp%2Fv2%2Fcategories&post=11816"},{"taxonomy":"post_tag","embeddable":true,"href":"https:\/\/www.radiolimari.cl\/index.php?rest_route=%2Fwp%2Fv2%2Ftags&post=11816"}],"curies":[{"name":"wp","href":"https:\/\/api.w.org\/{rel}","templated":true}]}}