{"id":11777,"date":"2024-08-31T00:30:29","date_gmt":"2024-08-31T00:30:29","guid":{"rendered":"https:\/\/www.radiolimari.cl\/?p=11777"},"modified":"2024-08-31T00:30:29","modified_gmt":"2024-08-31T00:30:29","slug":"en-poblacion-carmelitana-de-ovalle-el-centro-de-madres-nuestra-senora-del-carmen-cuenta-con-nueva-sede-social","status":"publish","type":"post","link":"https:\/\/www.radiolimari.cl\/?p=11777","title":{"rendered":"En poblaci\u00f3n  Carmelitana de Ovalle el Centro de madres Nuestra Se\u00f1ora del Carmen, cuenta con nueva sede social."},"content":{"rendered":"\n<figure class=\"wp-block-image size-large\"><a href=\"https:\/\/www.radiolimari.cl\/wp-content\/uploads\/2024\/08\/Nuestra-Senora-del-Carmen-3-scaled.jpg\"><img fetchpriority=\"high\" decoding=\"async\" width=\"1024\" height=\"576\" src=\"https:\/\/www.radiolimari.cl\/wp-content\/uploads\/2024\/08\/Nuestra-Senora-del-Carmen-3-1024x576.jpg\" alt=\"\" class=\"wp-image-11778\" srcset=\"https:\/\/www.radiolimari.cl\/wp-content\/uploads\/2024\/08\/Nuestra-Senora-del-Carmen-3-1024x576.jpg 1024w, https:\/\/www.radiolimari.cl\/wp-content\/uploads\/2024\/08\/Nuestra-Senora-del-Carmen-3-300x169.jpg 300w, https:\/\/www.radiolimari.cl\/wp-content\/uploads\/2024\/08\/Nuestra-Senora-del-Carmen-3-768x432.jpg 768w, https:\/\/www.radiolimari.cl\/wp-content\/uploads\/2024\/08\/Nuestra-Senora-del-Carmen-3-1536x864.jpg 1536w, https:\/\/www.radiolimari.cl\/wp-content\/uploads\/2024\/08\/Nuestra-Senora-del-Carmen-3-2048x1152.jpg 2048w\" sizes=\"(max-width: 1024px) 100vw, 1024px\" \/><\/a><\/figure>\n\n\n\n<p><strong><em>El nuevo recinto de la organizaci\u00f3n de la poblaci\u00f3n Carmelitana se concret\u00f3, gracias a recursos del Fondo de Libre Disponibilidad del Concejo Municipal, que alcanz\u00f3 una inversi\u00f3n de 27 millones de pesos, que permiti\u00f3 que sus integrantes, desde ahora, cuenten con un lugar \u00f3ptimo para sus actividades.<\/em><\/strong><\/p>\n\n\n\n<p>Era uno de los sue\u00f1os de las integrantes del Centro de Madres Nuestra Se\u00f1ora del Carmen de la poblaci\u00f3n Carmelitana. El contar con un lugar para reunirse y realizar sus actividades, se hab\u00eda convertido en uno de los principales anhelos, que finalmente se concret\u00f3, gracias a la gesti\u00f3n del municipio de Ovalle y el financiamiento a trav\u00e9s de recursos del Fondo de Libre Disponibilidad del Concejo Municipal, que alcanz\u00f3 una inversi\u00f3n de $27.370.000<\/p>\n\n\n\n<p>La jornada inaugural se realiz\u00f3 en las nuevas dependencias y cont\u00f3 con la presencia del alcalde Jonathan Acu\u00f1a Rojas e integrantes del Concejo Municipal, quienes aprobaron de forma un\u00e1nime los recursos, para edificar este nuevo espacio comunitario. De esta forma, las integrantes de esta organizaci\u00f3n fundada el 17 de abril de 1969, dejar\u00e1n atr\u00e1s las incomodidades del antiguo recinto, ya que desde ahora cuentan con amplio sal\u00f3n para eventos, servicios higi\u00e9nicos y un \u00e1rea de cocina, que servir\u00e1n para la realizaci\u00f3n de sus actividades recreativas, deportivas y culturales.<\/p>\n\n\n\n<p>\u201cEs un momento muy emotivo, porque era uno de los principales anhelos de quienes forman parte de este centro de madres, que tiene m\u00e1s de 50 a\u00f1os y que nunca hab\u00eda sido favorecido con recursos para reparar su sede. Con este mejoramiento, realizado con financiamiento municipal, se cumplir\u00e1 el sue\u00f1o de muchas generaciones de madres y trabajadores que han integrado esta instituci\u00f3n a lo largo de su historia y eso nos tiene muy orgullosos y contentos\u201d sostuvo el alcalde de Ovalle, Jonathan Acu\u00f1a Rojas.<\/p>\n\n\n\n<p>En tanto, la presidenta del centro de madres Nuestra Se\u00f1ora del Carmen, Elena Zapata Treverton se\u00f1al\u00f3 que era \u201cun sue\u00f1o que quer\u00edamos cumplir hace muchos a\u00f1os, porque golpeamos muchas puertas y agradecemos al alcalde y al concejo municipal por habernos aprobado los recursos y ahora la idea es compartir nuestra nueva sede con todas las instituciones que tiene nuestra poblaci\u00f3n\u201d.&nbsp; &nbsp;<\/p>\n","protected":false},"excerpt":{"rendered":"<p>El nuevo recinto de la organizaci\u00f3n de la poblaci\u00f3n Carmelitana se concret\u00f3, gracias a recursos del Fondo de Libre Disponibilidad del Concejo Municipal, que alcanz\u00f3 una inversi\u00f3n de 27 millones de pesos, que permiti\u00f3 que sus integrantes, desde ahora, cuenten con un lugar \u00f3ptimo para sus actividades. Era uno de los sue\u00f1os de las integrantes &#8230;<\/p>\n","protected":false},"author":2,"featured_media":11778,"comment_status":"open","ping_status":"open","sticky":false,"template":"","format":"standard","meta":{"footnotes":""},"categories":[5],"tags":[],"class_list":["post-11777","post","type-post","status-publish","format-standard","has-post-thumbnail","hentry","category-actualidad-limarina"],"_links":{"self":[{"href":"https:\/\/www.radiolimari.cl\/index.php?rest_route=\/wp\/v2\/posts\/11777","targetHints":{"allow":["GET"]}}],"collection":[{"href":"https:\/\/www.radiolimari.cl\/index.php?rest_route=\/wp\/v2\/posts"}],"about":[{"href":"https:\/\/www.radiolimari.cl\/index.php?rest_route=\/wp\/v2\/types\/post"}],"author":[{"embeddable":true,"href":"https:\/\/www.radiolimari.cl\/index.php?rest_route=\/wp\/v2\/users\/2"}],"replies":[{"embeddable":true,"href":"https:\/\/www.radiolimari.cl\/index.php?rest_route=%2Fwp%2Fv2%2Fcomments&post=11777"}],"version-history":[{"count":1,"href":"https:\/\/www.radiolimari.cl\/index.php?rest_route=\/wp\/v2\/posts\/11777\/revisions"}],"predecessor-version":[{"id":11779,"href":"https:\/\/www.radiolimari.cl\/index.php?rest_route=\/wp\/v2\/posts\/11777\/revisions\/11779"}],"wp:featuredmedia":[{"embeddable":true,"href":"https:\/\/www.radiolimari.cl\/index.php?rest_route=\/wp\/v2\/media\/11778"}],"wp:attachment":[{"href":"https:\/\/www.radiolimari.cl\/index.php?rest_route=%2Fwp%2Fv2%2Fmedia&parent=11777"}],"wp:term":[{"taxonomy":"category","embeddable":true,"href":"https:\/\/www.radiolimari.cl\/index.php?rest_route=%2Fwp%2Fv2%2Fcategories&post=11777"},{"taxonomy":"post_tag","embeddable":true,"href":"https:\/\/www.radiolimari.cl\/index.php?rest_route=%2Fwp%2Fv2%2Ftags&post=11777"}],"curies":[{"name":"wp","href":"https:\/\/api.w.org\/{rel}","templated":true}]}}