{"id":11774,"date":"2024-08-31T00:18:14","date_gmt":"2024-08-31T00:18:14","guid":{"rendered":"https:\/\/www.radiolimari.cl\/?p=11774"},"modified":"2024-08-31T00:18:15","modified_gmt":"2024-08-31T00:18:15","slug":"71-mil-681-familias-de-la-region-de-coquimboseran-beneficiadas-con-el-subsidio-electrico","status":"publish","type":"post","link":"https:\/\/www.radiolimari.cl\/?p=11774","title":{"rendered":"71 mil 681 familias de la Regi\u00f3n de Coquimboser\u00e1n beneficiadas con el Subsidio El\u00e9ctrico."},"content":{"rendered":"\n<figure class=\"wp-block-image size-large\"><a href=\"https:\/\/www.radiolimari.cl\/wp-content\/uploads\/2024\/08\/IMG_3125-scaled.jpg\"><img fetchpriority=\"high\" decoding=\"async\" width=\"1024\" height=\"722\" src=\"https:\/\/www.radiolimari.cl\/wp-content\/uploads\/2024\/08\/IMG_3125-1024x722.jpg\" alt=\"\" class=\"wp-image-11775\" srcset=\"https:\/\/www.radiolimari.cl\/wp-content\/uploads\/2024\/08\/IMG_3125-1024x722.jpg 1024w, https:\/\/www.radiolimari.cl\/wp-content\/uploads\/2024\/08\/IMG_3125-300x212.jpg 300w, https:\/\/www.radiolimari.cl\/wp-content\/uploads\/2024\/08\/IMG_3125-768x542.jpg 768w, https:\/\/www.radiolimari.cl\/wp-content\/uploads\/2024\/08\/IMG_3125-1536x1083.jpg 1536w, https:\/\/www.radiolimari.cl\/wp-content\/uploads\/2024\/08\/IMG_3125-2048x1444.jpg 2048w\" sizes=\"(max-width: 1024px) 100vw, 1024px\" \/><\/a><\/figure>\n\n\n\n<p><strong><em>A contar de este s\u00e1bado se conocer\u00e1n los resultados de la primera postulaci\u00f3n a este beneficio, que otorgar\u00e1 un descuento en las cuentas de la luz.<\/em><\/strong><\/p>\n\n\n\n<p>En la Regi\u00f3n de Coquimbo un total de 71 mil 681 familias se ver\u00e1n beneficiadas con el primer llamado de postulaci\u00f3n al Subsidio El\u00e9ctrico, iniciativa del Gobierno y del Congreso, dirigida a los hogares m\u00e1s vulnerables del pa\u00eds, en el marco de la Ley N\u00b0 21.667 que permite un descuento en las cuentas de la luz.<br><\/p>\n\n\n\n<p>Los resultados del primer proceso se dar\u00e1n a conocer este s\u00e1bado 31 de agosto en el sitio web www.subsidioel\u00e9ctrico.cl y, a partir del lunes en las plataformas dispuestas por ChileAtiende, la Superintendencia de Electricidad y Combustibles (SEC) y las SEREMIS regionales.<\/p>\n\n\n\n<p><br>Los montos del Subsidio El\u00e9ctrico ser\u00e1n de acuerdo a la cantidad de integrantes del hogar que postul\u00f3 y seg\u00fan las convocatorias del beneficio. Para este primer llamado, considerando la conformaci\u00f3n de los hogares (desde 1 a 4 integrantes o m\u00e1s) el aporte estatal ser\u00e1 de entre 23.890 y 43 mil pesos.<\/p>\n\n\n\n<p><br>El seremi de Energ\u00eda, Eduardo Lara, manifest\u00f3 su conformidad con los resultados de ese primer llamado, ya que el 98 por ciento del total de familias de la Regi\u00f3n que postularon al subsidio lo obtendr\u00e1n. \u201cEl Subsidio El\u00e9ctrico es una manera de aminorar el impacto del aumento en las tarifas de las cuentas de la luz, lo que beneficiar\u00e1 a los grupos que correspondan al 40 por ciento de mayor vulnerabilidad en el Registro Social de Hogares. Nuestro Ministerio, y en el marco del programa de Gobierno del Presidente Gabriel Boric, busca apoyar a las familias de nuestro pa\u00eds porque la cuenta de la luz consume sus ingresos mensuales de manera importante\u201d.<\/p>\n\n\n\n<p><br>Los recursos viabilizados durante la discusi\u00f3n parlamentaria (US$ 120 millones anuales) permitir\u00e1n otorgar el beneficio este semestre a casi 1,6 millones de hogares de todo el pa\u00eds, pertenecientes al 40% m\u00e1s vulnerable del Registro Social de Hogares (RSH).<\/p>\n\n\n\n<p><br>PROYECTO DE AMPLIACI\u00d3N DEL SUBSIDIO<\/p>\n\n\n\n<p><br>La autoridad regional a\u00f1adi\u00f3 que \u201csabemos que el alcance de este subsidio no es suficiente para el n\u00famero de familias que requieren un apoyo adicional para enfrentar el alza de las cuentas de electricidad. En vista de ello, esta semana comenz\u00f3 la tramitaci\u00f3n en el Congreso del proyecto de ley que busca ampliar la cobertura\u201d.<\/p>\n\n\n\n<p>La iniciativa de ley promovida por el ministro de Energ\u00eda, Diego Pardow, busca que la cobertura del subsidio llegue a 4,7 millones de hogares pertenecientes al 40% m\u00e1s vulnerable del Registro Social de Hogares, cuadriplicar el aporte a personas electrodependientes (equivalentes a 150 KWh al mes) y aumentar el monto del incentivo estatal para hogares de Sistemas Medianos en Los Lagos, Ays\u00e9n y Magallanes. Tambi\u00e9n est\u00e1 considerado disminuir las tarifas el\u00e9ctricas para MiPymes y Servicios Sanitarios Rurales, a trav\u00e9s de la creaci\u00f3n de bolsas de precio preferente de energ\u00eda y habilitar a las asociaciones de consumidores para activar el mecanismo de revisi\u00f3n de precios de contratos de suministro. Finalmente se perfeccionar\u00e1n las facultades de la SEC pata duplicar las multas y compensaciones por interrupciones no autorizadas.<\/p>\n","protected":false},"excerpt":{"rendered":"<p>A contar de este s\u00e1bado se conocer\u00e1n los resultados de la primera postulaci\u00f3n a este beneficio, que otorgar\u00e1 un descuento en las cuentas de la luz. En la Regi\u00f3n de Coquimbo un total de 71 mil 681 familias se ver\u00e1n beneficiadas con el primer llamado de postulaci\u00f3n al Subsidio El\u00e9ctrico, iniciativa del Gobierno y del &#8230;<\/p>\n","protected":false},"author":2,"featured_media":11775,"comment_status":"open","ping_status":"open","sticky":false,"template":"","format":"standard","meta":{"footnotes":""},"categories":[6],"tags":[],"class_list":["post-11774","post","type-post","status-publish","format-standard","has-post-thumbnail","hentry","category-regionales"],"_links":{"self":[{"href":"https:\/\/www.radiolimari.cl\/index.php?rest_route=\/wp\/v2\/posts\/11774","targetHints":{"allow":["GET"]}}],"collection":[{"href":"https:\/\/www.radiolimari.cl\/index.php?rest_route=\/wp\/v2\/posts"}],"about":[{"href":"https:\/\/www.radiolimari.cl\/index.php?rest_route=\/wp\/v2\/types\/post"}],"author":[{"embeddable":true,"href":"https:\/\/www.radiolimari.cl\/index.php?rest_route=\/wp\/v2\/users\/2"}],"replies":[{"embeddable":true,"href":"https:\/\/www.radiolimari.cl\/index.php?rest_route=%2Fwp%2Fv2%2Fcomments&post=11774"}],"version-history":[{"count":1,"href":"https:\/\/www.radiolimari.cl\/index.php?rest_route=\/wp\/v2\/posts\/11774\/revisions"}],"predecessor-version":[{"id":11776,"href":"https:\/\/www.radiolimari.cl\/index.php?rest_route=\/wp\/v2\/posts\/11774\/revisions\/11776"}],"wp:featuredmedia":[{"embeddable":true,"href":"https:\/\/www.radiolimari.cl\/index.php?rest_route=\/wp\/v2\/media\/11775"}],"wp:attachment":[{"href":"https:\/\/www.radiolimari.cl\/index.php?rest_route=%2Fwp%2Fv2%2Fmedia&parent=11774"}],"wp:term":[{"taxonomy":"category","embeddable":true,"href":"https:\/\/www.radiolimari.cl\/index.php?rest_route=%2Fwp%2Fv2%2Fcategories&post=11774"},{"taxonomy":"post_tag","embeddable":true,"href":"https:\/\/www.radiolimari.cl\/index.php?rest_route=%2Fwp%2Fv2%2Ftags&post=11774"}],"curies":[{"name":"wp","href":"https:\/\/api.w.org\/{rel}","templated":true}]}}