{"id":11769,"date":"2024-08-22T20:57:14","date_gmt":"2024-08-22T20:57:14","guid":{"rendered":"https:\/\/www.radiolimari.cl\/?p=11769"},"modified":"2024-08-22T20:59:30","modified_gmt":"2024-08-22T20:59:30","slug":"el-agrandao-y-el-aventurero-las-apuestas-de-vino-dulce-y-semidulce-que-ofrece-el-usuario-de-indap-de-punitaqui-duberli-rojas","status":"publish","type":"post","link":"https:\/\/www.radiolimari.cl\/?p=11769","title":{"rendered":"El Agranda\u00b4o y El Aventurero: Las apuestas de vino dulce y semidulce que ofrece el usuario de INDAP de Punitaqui, Duberli Rojas."},"content":{"rendered":"\n<figure class=\"wp-block-image size-full\"><a href=\"https:\/\/www.radiolimari.cl\/wp-content\/uploads\/2024\/08\/El-Aventurero-es-el-segundo-vino-que-saco-el-usuario-de-INDAP-es-semidulce.jpg\"><img fetchpriority=\"high\" decoding=\"async\" width=\"720\" height=\"960\" src=\"https:\/\/www.radiolimari.cl\/wp-content\/uploads\/2024\/08\/El-Aventurero-es-el-segundo-vino-que-saco-el-usuario-de-INDAP-es-semidulce.jpg\" alt=\"\" class=\"wp-image-11772\" srcset=\"https:\/\/www.radiolimari.cl\/wp-content\/uploads\/2024\/08\/El-Aventurero-es-el-segundo-vino-que-saco-el-usuario-de-INDAP-es-semidulce.jpg 720w, https:\/\/www.radiolimari.cl\/wp-content\/uploads\/2024\/08\/El-Aventurero-es-el-segundo-vino-que-saco-el-usuario-de-INDAP-es-semidulce-225x300.jpg 225w\" sizes=\"(max-width: 720px) 100vw, 720px\" \/><\/a><\/figure>\n\n\n\n<p><em>Son elaborados con cepas de uva Moscatel y Pedro Jim\u00e9nez.<\/em><\/p>\n\n\n\n<p>El Toro es una localidad de la comuna de Punitaqui y en alusi\u00f3n a lo salvaje y fuerte del animal hom\u00f3nimo al territorio es que surge el nombre del emprendimiento que actualmente tiene con una mochila llena de sue\u00f1os al joven rural Duberli Rojas.<\/p>\n\n\n\n<p>Se trata de Vi\u00f1a Brav\u00edo, un negocio que el usuario del Instituto de Desarrollo Agropecuario (INDAP) concret\u00f3 junto a su familia el 2021. \u201cEse a\u00f1o se me ocurri\u00f3 hacer un vino en homenaje a mi padre. Bueno, en ese periodo estaba la pandemia por la COVID-19 y todo fue m\u00e1s dif\u00edcil, pero ah\u00ed naci\u00f3 nuestro primer vino que llamamos El Agranda\u00b4o que es dulce de cepas Moscatel de Alejandr\u00eda con Pedro Jim\u00e9nez. Con \u00e9l salimos al mercado present\u00e1ndonos en distintas ferias y nos fue superbi\u00e9n la verdad\u201d, recuerda.<\/p>\n\n\n\n<p>Tras la buena recepci\u00f3n que tuvo El Agranda\u00b4o el proyecto continu\u00f3 creciendo y sum\u00f3 a la gama de productos El Aventurero, un vino semidulce de Moscatel Rosada con variedad Pedro Jim\u00e9nez. Desde los inicios, su trabajo ha sido asesorado por en\u00f3logos de reconocidas vi\u00f1as del pa\u00eds.<\/p>\n\n\n\n<p>Junto a las producciones de uva, el emprendedor tiene paltas, duraznos y otras frutas con las cuales realiza mermeladas o conservas. Adem\u00e1s, posee caballos overos (los que dan origen al logo de sus vinos), cabras y ovejas.<\/p>\n\n\n\n<p>El amor por la labor vin\u00edcola surgi\u00f3 hace cerca de dos d\u00e9cadas, cuando Duberli ingres\u00f3 a trabajar a una conocida vi\u00f1a de Chile. \u201cEstando ah\u00ed me empez\u00f3 a gustar el tema de las mezclas, los aromas y todo lo ligado a la producci\u00f3n de esta bebida y con ello surgi\u00f3 la idea de hacer lo mismo, pero desde mi propia vereda\u201d, manifiesta.<\/p>\n\n\n\n<p>Fue as\u00ed que naci\u00f3 Vi\u00f1a Brav\u00edo, un proyecto que re\u00fane toda una historia familiar donde distintas generaciones se dedicaron a la producci\u00f3n de uvas, pero que actualmente pone el broche de oro d\u00e1ndole un valor agregado con un sello tradicional que buscan sea reconocido a nivel nacional.<\/p>\n\n\n\n<p><strong>UN JOVEN RURAL CON GANAS DE SURGIR<\/strong><\/p>\n\n\n\n<p>Si bien Duberli es usuario de INDAP hace poco tiempo, a sus 37 a\u00f1os conoce muy bien la labor que lleva a cabo la instituci\u00f3n, ya que creci\u00f3 viendo c\u00f3mo su padre (exusuario de INDAP) fortalec\u00eda su trabajo en el campo gracias a los distintos apoyos que le otorg\u00f3 el servicio del agro. Al respecto, cuenta que \u201cyo era bien chico, pero ve\u00eda que con lo que le brindaba el INDAP a mi pap\u00e1 iba mejorando las tareas en el predio, vi que era fabuloso y efectivo y por eso pregunt\u00e9 por la posibilidad de acreditarme como usuario\u201d.<\/p>\n\n\n\n<p>Recientemente, el emprendedor fue parte de la exhibici\u00f3n de productos del Mundo Rural que realiz\u00f3 el INDAP en el marco de la conmemoraci\u00f3n regional del D\u00eda de las Campesinas y Campesinos. Acerca de la actividad llevada a cabo en el Mall Open Plaza Ovalle, Rojas se\u00f1ala que \u201cfue algo muy bueno porque uno conoce gente y va compartiendo saberes. Justo en la jornada pasaron dos en\u00f3logos y tuvieron buenos comentarios del vino as\u00ed que feliz y agradecido por la oportunidad\u201d.<\/p>\n\n\n\n<p>\u201cVemos en Duberli y su emprendimiento un tremendo potencial y sin duda desde nuestro servicio lo vamos a apoyar para que contin\u00fae creciendo. La Agricultura Familiar Campesina e Ind\u00edgena es de suma importancia para el desarrollo econ\u00f3mico del pa\u00eds, tal como lo ha planteado el Presidente Gabriel Boric, y por eso creemos que es relevante que la comunidad conozca su trabajo y de esta manera tambi\u00e9n contribuimos a la comercializaci\u00f3n de nuestros usuarios y usuarias, ya sea mediante la participaci\u00f3n en ferias productivas o en instancias como estas notas de prensa que elaboramos\u201d, sostiene el Director Regional de INDAP, V\u00edctor Illanes.<\/p>\n\n\n\n<p>El Seremi de Agricultura, Christian \u00c1lvarez, hace hincapi\u00e9 en que \u201cdurante actividad de conmemoraci\u00f3n regional del D\u00eda de las Campesinas y Campesinos realizada recientemente por INDAP fui testigo del entusiasmo y motivaci\u00f3n que tiene Duberli por su trabajo. En la instancia la comunidad tambi\u00e9n valor\u00f3 su labor y destac\u00f3 la calidad de sus productos y eso como Ministerio de Agricultura nos deja muy contentos. En el Gobierno del Presidente Gabriel Boric queremos que los emprendimientos de la Agricultura Familiar Campesinas e Ind\u00edgena tengan m\u00e1s oportunidades de crecimiento y ante ello le decimos a Duberli, un joven usuario de INDAP, que cuente con nosotros\u201d.<\/p>\n\n\n\n<p>Duberli recientemente se incorpor\u00f3 a la Mesa Regional de Juventudes Rurales de INDAP, una instancia que, entre otras tareas, permite tener retroalimentaci\u00f3n y conocer en detalle los requerimientos y necesidades de las juventudes rurales, y de esta manera aportar a su fortalecimiento.<\/p>\n\n\n\n<p>Para conocer m\u00e1s de la historia de Duberli Rojas y\/o comprar alguno de sus productos los interesados o interesadas se pueden contactar con \u00e9l al n\u00famero celular y Whatsapp +56 9 7457 4034 o mediante la red social Instagram en la cuenta @vina_bravio_punitaquichile.<\/p>\n","protected":false},"excerpt":{"rendered":"<p>Son elaborados con cepas de uva Moscatel y Pedro Jim\u00e9nez. El Toro es una localidad de la comuna de Punitaqui y en alusi\u00f3n a lo salvaje y fuerte del animal hom\u00f3nimo al territorio es que surge el nombre del emprendimiento que actualmente tiene con una mochila llena de sue\u00f1os al joven rural Duberli Rojas. Se &#8230;<\/p>\n","protected":false},"author":2,"featured_media":11770,"comment_status":"open","ping_status":"open","sticky":false,"template":"","format":"standard","meta":{"footnotes":""},"categories":[5],"tags":[],"class_list":["post-11769","post","type-post","status-publish","format-standard","has-post-thumbnail","hentry","category-actualidad-limarina"],"_links":{"self":[{"href":"https:\/\/www.radiolimari.cl\/index.php?rest_route=\/wp\/v2\/posts\/11769","targetHints":{"allow":["GET"]}}],"collection":[{"href":"https:\/\/www.radiolimari.cl\/index.php?rest_route=\/wp\/v2\/posts"}],"about":[{"href":"https:\/\/www.radiolimari.cl\/index.php?rest_route=\/wp\/v2\/types\/post"}],"author":[{"embeddable":true,"href":"https:\/\/www.radiolimari.cl\/index.php?rest_route=\/wp\/v2\/users\/2"}],"replies":[{"embeddable":true,"href":"https:\/\/www.radiolimari.cl\/index.php?rest_route=%2Fwp%2Fv2%2Fcomments&post=11769"}],"version-history":[{"count":2,"href":"https:\/\/www.radiolimari.cl\/index.php?rest_route=\/wp\/v2\/posts\/11769\/revisions"}],"predecessor-version":[{"id":11773,"href":"https:\/\/www.radiolimari.cl\/index.php?rest_route=\/wp\/v2\/posts\/11769\/revisions\/11773"}],"wp:featuredmedia":[{"embeddable":true,"href":"https:\/\/www.radiolimari.cl\/index.php?rest_route=\/wp\/v2\/media\/11770"}],"wp:attachment":[{"href":"https:\/\/www.radiolimari.cl\/index.php?rest_route=%2Fwp%2Fv2%2Fmedia&parent=11769"}],"wp:term":[{"taxonomy":"category","embeddable":true,"href":"https:\/\/www.radiolimari.cl\/index.php?rest_route=%2Fwp%2Fv2%2Fcategories&post=11769"},{"taxonomy":"post_tag","embeddable":true,"href":"https:\/\/www.radiolimari.cl\/index.php?rest_route=%2Fwp%2Fv2%2Ftags&post=11769"}],"curies":[{"name":"wp","href":"https:\/\/api.w.org\/{rel}","templated":true}]}}