{"id":11766,"date":"2024-08-22T20:51:05","date_gmt":"2024-08-22T20:51:05","guid":{"rendered":"https:\/\/www.radiolimari.cl\/?p=11766"},"modified":"2024-08-22T20:51:06","modified_gmt":"2024-08-22T20:51:06","slug":"delegado-presidencial-galo-luna-avanza-en-gestiones-para-las-plantas-desaladoras-de-la-region-de-coquimbo","status":"publish","type":"post","link":"https:\/\/www.radiolimari.cl\/?p=11766","title":{"rendered":"Delegado Presidencial Galo Luna avanza en gestiones para las plantas desaladoras de la regi\u00f3n de Coquimbo."},"content":{"rendered":"\n<figure class=\"wp-block-image size-large\"><a href=\"https:\/\/www.radiolimari.cl\/wp-content\/uploads\/2024\/08\/DELEGADO-HIDRICO-img_2280-4.jpeg\"><img fetchpriority=\"high\" decoding=\"async\" width=\"1024\" height=\"682\" src=\"https:\/\/www.radiolimari.cl\/wp-content\/uploads\/2024\/08\/DELEGADO-HIDRICO-img_2280-4-1024x682.jpeg\" alt=\"\" class=\"wp-image-11767\" srcset=\"https:\/\/www.radiolimari.cl\/wp-content\/uploads\/2024\/08\/DELEGADO-HIDRICO-img_2280-4-1024x682.jpeg 1024w, https:\/\/www.radiolimari.cl\/wp-content\/uploads\/2024\/08\/DELEGADO-HIDRICO-img_2280-4-300x200.jpeg 300w, https:\/\/www.radiolimari.cl\/wp-content\/uploads\/2024\/08\/DELEGADO-HIDRICO-img_2280-4-768x512.jpeg 768w, https:\/\/www.radiolimari.cl\/wp-content\/uploads\/2024\/08\/DELEGADO-HIDRICO-img_2280-4.jpeg 1280w\" sizes=\"(max-width: 1024px) 100vw, 1024px\" \/><\/a><\/figure>\n\n\n\n<p><strong><em>La autoridad coment\u00f3 que en las pr\u00f3ximas semanas comenzar\u00e1 el estudio de localizaci\u00f3n de la desaladora de emergencia, para la Provincia del Limar\u00ed, una de las zonas m\u00e1s afectadas por la sequ\u00eda.\u00a0<\/em><\/strong><\/p>\n\n\n\n<p>Al Ministerio de Obras P\u00fablicas lleg\u00f3 el Delegado Presidencial Regional, Galo Luna Penna, para reunirse con el asesor en materia h\u00eddrica del MOP, Carlos Estevez, junto a representantes de la Direcci\u00f3n General de Aguas y el Ministerio del Interior.<\/p>\n\n\n\n<p>La agenda de la autoridad en la Regi\u00f3n Metropolitana tuvo por objeto abordar los avances concretos de los proyectos de las plantas desaladoras proyectadas para la regi\u00f3n, una de emergencia para la Provincia de Limar\u00ed y la que estar\u00e1 localizada en la calidad de El Panul, en Coquimbo, esta \u00faltima, alcanzando una capacidad de 1.200 litros por segundo, durante la fase final.<\/p>\n\n\n\n<p>Uno de los \u00e9nfasis que marc\u00f3 el Delegado Luna, es que las medidas anunciadas en el marco de los dos Comit\u00e9 de Gesti\u00f3n de Riesgos y Desastres (COGRID) a nivel nacional, tendr\u00e1n un seguimiento constante, pese a las precipitaciones registradas en la regi\u00f3n, pues la condici\u00f3n de crisis h\u00eddrica en el territorio es permanente. <strong>\u201cLa sequ\u00eda no ha terminado. Nos queda bastante desaf\u00edo. Las lluvias que tuvimos fueron un alivio, pero en ning\u00fan caso terminan con la condici\u00f3n de sequ\u00eda estructural. Es por eso que sostuvimos una reuni\u00f3n con el asesor en materia h\u00eddrica de la Ministra de Obras P\u00fablicas, Carlos Est\u00e9vez, con quien seguimos trabajando en los planes que estamos implementando. Pronto deber\u00edamos estar en condiciones de iniciar el estudio para buscar una planta desaladora de emergencia en el borde costero de la provincia de Limar\u00ed\u201d<\/strong>, apunt\u00f3 el Delegado Luna.<\/p>\n\n\n\n<p>Este aspecto fue ratificado por Carlos Est\u00e9vez, quien remarc\u00f3 que <strong>\u201cla crisis h\u00eddrica y la gesti\u00f3n para garantizar el consumo es nuestra prioridad. De hecho, nosotros tenemos una coordinaci\u00f3n aqu\u00ed dentro del Ministerio que se denomina as\u00ed. Y estamos reuni\u00e9ndonos todos los jueves, constantemente. Por tanto, es un tema que no podemos olvidar\u201d<\/strong>.<\/p>\n\n\n\n<p><strong>DESALADORA DE EMERGENCIA._<\/strong><\/p>\n\n\n\n<p>En las pr\u00f3ximas semanas comenzar\u00e1 el estudio de localizaci\u00f3n de la desaladora de emergencia, que ejecutar\u00e1 la Direcci\u00f3n de Obras Hidr\u00e1ulicas DOH, lo que permitir\u00e1 avanzar en la concreci\u00f3n de esta planta modular dedicada a la Provincia del Limar\u00ed, una de las m\u00e1s afectadas por la sequ\u00eda.&nbsp;<\/p>\n\n\n\n<p>Otro de las medidas que avanza es la construcci\u00f3n de pozos en el sector de Barraza, en la comuna de Ovalle, que permita reforzar el abastecimiento de agua potable.<\/p>\n\n\n\n<p><strong>\u201cLo mismo para el estudio que nos permita hacer pozos profundos en el entorno, en un pol\u00edgono que hemos definido como cr\u00edtico. Y, por supuesto, tambi\u00e9n vimos avances en materia del cronograma de la planta desaladora de El Panul, en Coquimbo, el que va avanzando de acuerdo a lo que el Presidente nos ha exigido y ha comprometido para la Regi\u00f3n de Coquimbo\u201d<\/strong>, puntualiz\u00f3 el Delegado Presidencial, Galo Luna Penna.<\/p>\n\n\n\n<p>Cabe se\u00f1alar que la desaladora de emergencia tiene un plazo proyectado de puesta en marcha para fines de 2025 y principios de 2026. Mientras que la planta de El Panul, se estima que pueda comenzar operaciones en el 2029, con una capacidad inicial de producci\u00f3n de 800 litros por segundo, incrementando a 1.000 para el a\u00f1o 2030 y a 1200 litros por segundo en el 2031.<\/p>\n","protected":false},"excerpt":{"rendered":"<p>La autoridad coment\u00f3 que en las pr\u00f3ximas semanas comenzar\u00e1 el estudio de localizaci\u00f3n de la desaladora de emergencia, para la Provincia del Limar\u00ed, una de las zonas m\u00e1s afectadas por la sequ\u00eda.\u00a0 Al Ministerio de Obras P\u00fablicas lleg\u00f3 el Delegado Presidencial Regional, Galo Luna Penna, para reunirse con el asesor en materia h\u00eddrica del MOP, &#8230;<\/p>\n","protected":false},"author":2,"featured_media":11767,"comment_status":"open","ping_status":"open","sticky":false,"template":"","format":"standard","meta":{"footnotes":""},"categories":[3],"tags":[],"class_list":["post-11766","post","type-post","status-publish","format-standard","has-post-thumbnail","hentry","category-actualidad"],"_links":{"self":[{"href":"https:\/\/www.radiolimari.cl\/index.php?rest_route=\/wp\/v2\/posts\/11766","targetHints":{"allow":["GET"]}}],"collection":[{"href":"https:\/\/www.radiolimari.cl\/index.php?rest_route=\/wp\/v2\/posts"}],"about":[{"href":"https:\/\/www.radiolimari.cl\/index.php?rest_route=\/wp\/v2\/types\/post"}],"author":[{"embeddable":true,"href":"https:\/\/www.radiolimari.cl\/index.php?rest_route=\/wp\/v2\/users\/2"}],"replies":[{"embeddable":true,"href":"https:\/\/www.radiolimari.cl\/index.php?rest_route=%2Fwp%2Fv2%2Fcomments&post=11766"}],"version-history":[{"count":1,"href":"https:\/\/www.radiolimari.cl\/index.php?rest_route=\/wp\/v2\/posts\/11766\/revisions"}],"predecessor-version":[{"id":11768,"href":"https:\/\/www.radiolimari.cl\/index.php?rest_route=\/wp\/v2\/posts\/11766\/revisions\/11768"}],"wp:featuredmedia":[{"embeddable":true,"href":"https:\/\/www.radiolimari.cl\/index.php?rest_route=\/wp\/v2\/media\/11767"}],"wp:attachment":[{"href":"https:\/\/www.radiolimari.cl\/index.php?rest_route=%2Fwp%2Fv2%2Fmedia&parent=11766"}],"wp:term":[{"taxonomy":"category","embeddable":true,"href":"https:\/\/www.radiolimari.cl\/index.php?rest_route=%2Fwp%2Fv2%2Fcategories&post=11766"},{"taxonomy":"post_tag","embeddable":true,"href":"https:\/\/www.radiolimari.cl\/index.php?rest_route=%2Fwp%2Fv2%2Ftags&post=11766"}],"curies":[{"name":"wp","href":"https:\/\/api.w.org\/{rel}","templated":true}]}}