{"id":11762,"date":"2024-08-22T20:43:36","date_gmt":"2024-08-22T20:43:36","guid":{"rendered":"https:\/\/www.radiolimari.cl\/?p=11762"},"modified":"2024-08-22T20:43:37","modified_gmt":"2024-08-22T20:43:37","slug":"en-salamanca-se-premio-a-las-13-organizaciones-de-la-provincia-de-choapa-que-resultaron-ganadoras-del-fondo-de-fortalecimiento-2024","status":"publish","type":"post","link":"https:\/\/www.radiolimari.cl\/?p=11762","title":{"rendered":"En Salamanca se premi\u00f3 a las 13 organizaciones de la provincia de Choapa que resultaron ganadoras del Fondo de Fortalecimiento 2024."},"content":{"rendered":"\n<figure class=\"wp-block-image size-large\"><a href=\"https:\/\/www.radiolimari.cl\/wp-content\/uploads\/2024\/08\/IMG-20240822-WA0150-scaled.jpg\"><img fetchpriority=\"high\" decoding=\"async\" width=\"1024\" height=\"683\" src=\"https:\/\/www.radiolimari.cl\/wp-content\/uploads\/2024\/08\/IMG-20240822-WA0150-1024x683.jpg\" alt=\"\" class=\"wp-image-11764\" srcset=\"https:\/\/www.radiolimari.cl\/wp-content\/uploads\/2024\/08\/IMG-20240822-WA0150-1024x683.jpg 1024w, https:\/\/www.radiolimari.cl\/wp-content\/uploads\/2024\/08\/IMG-20240822-WA0150-300x200.jpg 300w, https:\/\/www.radiolimari.cl\/wp-content\/uploads\/2024\/08\/IMG-20240822-WA0150-768x512.jpg 768w, https:\/\/www.radiolimari.cl\/wp-content\/uploads\/2024\/08\/IMG-20240822-WA0150-1536x1024.jpg 1536w, https:\/\/www.radiolimari.cl\/wp-content\/uploads\/2024\/08\/IMG-20240822-WA0150-2048x1366.jpg 2048w\" sizes=\"(max-width: 1024px) 100vw, 1024px\" \/><\/a><\/figure>\n\n\n\n<p><strong><em>Esta es la primera vez que la premiaci\u00f3n se realiza en la provincia del Choapa. Las iniciativas seleccionadas recibieron montos que var\u00edan entre 1.350.000 y 2.000.000 de pesos, sumando en total m\u00e1s de 24 millones de pesos.<\/em><\/strong><\/p>\n\n\n\n<p>La ceremonia de adjudicaci\u00f3n de estos proyectos se realiz\u00f3 en el sal\u00f3n audit\u00f3rium de la Ilustre Municipalidad de Salamanca, donde se reconoci\u00f3 a los ganadores del Fondo de Fortalecimiento de Organizaciones de Inter\u00e9s P\u00fablico (FFOIP) del Ministerio Secretar\u00eda General de Gobierno. De las trece iniciativas seleccionadas, seis pertenecen a la comuna de Salamanca, tres a Illapel, tres a Los Vilos y una a Canela.<\/p>\n\n\n\n<p>El Fondo de Fortalecimiento de Organizaciones de Inter\u00e9s P\u00fablico, creado bajo la Ley N\u00b020.500 sobre Asociaciones y Participaci\u00f3n Ciudadana en la Gesti\u00f3n P\u00fablica, tiene como prop\u00f3sito financiar proyectos locales, regionales y nacionales que promuevan el inter\u00e9s general en \u00e1reas como participaci\u00f3n ciudadana, educaci\u00f3n, salud, medio ambiente, entre otras.<\/p>\n\n\n\n<p>Al finalizar la ceremonia, el Delegado Presidencial Provincial de Choapa, Jonatan Vega Carvajal, expres\u00f3 su satisfacci\u00f3n: <strong>\u201cEstamos contentos con la asignaci\u00f3n de estos recursos, que fortalecer\u00e1n las organizaciones de nuestra provincia. Nos complace que se hayan beneficiado las cuatro comunas y que m\u00e1s servicios p\u00fablicos est\u00e9n involucrados, para as\u00ed utilizar la mayor cantidad de recursos del Estado en beneficio de todos los territorios\u201d.<\/strong><\/p>\n\n\n\n<p>Por su parte, Carla Montoya, representante de la Uni\u00f3n Comunal de Consejos Consultivos de Salud de la comuna de Canela, coment\u00f3 sobre su proyecto \u201cCuidados para Cuidadoras\u201d: <strong>\u201cNuestro objetivo es brindar un espacio para las cuidadoras de personas con dependencia severa, permiti\u00e9ndoles realizar sus propias gestiones, mientras un voluntario cuida a la persona que lo necesite. Estamos muy satisfechos con este fondo y lo postulamos despu\u00e9s de participar en la escuela de proyectos sociales\u201d.<\/strong><\/p>\n\n\n\n<p>Mauricio San Mart\u00edn, de la fundaci\u00f3n \u201cAndes del Choapa\u201d, resalt\u00f3 la justa distribuci\u00f3n de los fondos: <strong>\u201cPor primera vez vemos una distribuci\u00f3n muy buena en comparaci\u00f3n con a\u00f1os anteriores, lo que motiva a las organizaciones a seguir trabajando. Utilizaremos el fondo para implementar un centro comunitario cient\u00edfico experimental en Las Ca\u00f1as de Mich\u00edo, acercando la ciencia, el conocimiento y la cultura a la comunidad y promoviendo una zona tur\u00edstica de alto valor que es poco conocida\u201d.<\/strong><\/p>\n\n\n\n<p>Gabriela Palacios, secretaria del Club Uni\u00f3n de Deportes Arboleda Grande, expres\u00f3 su satisfacci\u00f3n: <strong>\u201cHemos postulado a la habilitaci\u00f3n de un espacio recreativo para todas las edades en Arboleda Grande. Gracias al Fondo de Fortalecimiento de Organizaciones Sociales y al aporte de la comunidad agr\u00edcola de Chalinga, podremos construir y mejorar una cancha de f\u00fatbol, lo que ser\u00e1 fundamental para nuestra comunidad\u201d.<\/strong><\/p>\n\n\n\n<p>La vocera regional, Paulina Mora, hizo \u00e9nfasis en la importancia de la participaci\u00f3n de las organizaciones sociales y comunitarias a nivel provincial: <strong>\u201cHoy entregamos fondos a trece organizaciones sociales y comunitarias. A nivel regional, nuestro fondo alcanz\u00f3 un total cercano a los 79 millones de pesos, beneficiando a 40 proyectos en esta versi\u00f3n 2024. Trece de estos corresponden a la provincia de Choapa, incluyendo proyectos de las comunas de Canela, Los Vilos, Illapel y, mayoritariamente de Salamanca. Todos ellos son t\u00e9cnicamente muy buenos y eso tambi\u00e9n hay que destacarlo\u201d.<\/strong><\/p>\n\n\n\n<p>Adem\u00e1s, este a\u00f1o, el Gobierno del Presidente Gabriel Boric incorpor\u00f3 una mirada transversal y de descentralizaci\u00f3n a los fondos concursables, entregando recursos a organizaciones que trabajan directamente con la ni\u00f1ez, gracias a una alianza entre el Ministerio Secretar\u00eda General de Gobierno y la Subsecretar\u00eda de la Ni\u00f1ez e integr\u00f3 un criterio de territorialidad y de ponderaci\u00f3n adicional a los proyectos que no hab\u00edan sido adjudicatarios del FFOIP en a\u00f1os anteriores.<\/p>\n\n\n\n<p>As\u00ed lo destac\u00f3 la Seremi de Gobierno: <strong>\u201cEste a\u00f1o logramos instalar un criterio de territorialidad en las bases del Fondo de Fortalecimiento, lo que permiti\u00f3 una distribuci\u00f3n m\u00e1s equitativa de los recursos en el territorio. Adem\u00e1s, se incorpor\u00f3 una ponderaci\u00f3n adicional para proyectos que no hab\u00edan sido adjudicatarios en a\u00f1os anteriores, ampliando as\u00ed el espectro de organizaciones beneficiadas y apoyando a aquellas que nunca antes hab\u00edan recibido este tipo de fondos\u201d. <\/strong>concluy\u00f3 Mora.<\/p>\n\n\n\n<p>A continuaci\u00f3n, el cuadro resumen con las trece iniciativas favorecidas en la provincia de Choapa:<\/p>\n\n\n\n<figure class=\"wp-block-image size-large\"><a href=\"https:\/\/www.radiolimari.cl\/wp-content\/uploads\/2024\/08\/Screenshot_20240822_164148_Word.jpg\"><img decoding=\"async\" width=\"951\" height=\"1024\" src=\"https:\/\/www.radiolimari.cl\/wp-content\/uploads\/2024\/08\/Screenshot_20240822_164148_Word-951x1024.jpg\" alt=\"\" class=\"wp-image-11763\" srcset=\"https:\/\/www.radiolimari.cl\/wp-content\/uploads\/2024\/08\/Screenshot_20240822_164148_Word-951x1024.jpg 951w, https:\/\/www.radiolimari.cl\/wp-content\/uploads\/2024\/08\/Screenshot_20240822_164148_Word-279x300.jpg 279w, https:\/\/www.radiolimari.cl\/wp-content\/uploads\/2024\/08\/Screenshot_20240822_164148_Word-768x827.jpg 768w, https:\/\/www.radiolimari.cl\/wp-content\/uploads\/2024\/08\/Screenshot_20240822_164148_Word.jpg 953w\" sizes=\"(max-width: 951px) 100vw, 951px\" \/><\/a><\/figure>\n","protected":false},"excerpt":{"rendered":"<p>Esta es la primera vez que la premiaci\u00f3n se realiza en la provincia del Choapa. Las iniciativas seleccionadas recibieron montos que var\u00edan entre 1.350.000 y 2.000.000 de pesos, sumando en total m\u00e1s de 24 millones de pesos. La ceremonia de adjudicaci\u00f3n de estos proyectos se realiz\u00f3 en el sal\u00f3n audit\u00f3rium de la Ilustre Municipalidad de &#8230;<\/p>\n","protected":false},"author":2,"featured_media":11764,"comment_status":"open","ping_status":"open","sticky":false,"template":"","format":"standard","meta":{"footnotes":""},"categories":[6],"tags":[],"class_list":["post-11762","post","type-post","status-publish","format-standard","has-post-thumbnail","hentry","category-regionales"],"_links":{"self":[{"href":"https:\/\/www.radiolimari.cl\/index.php?rest_route=\/wp\/v2\/posts\/11762","targetHints":{"allow":["GET"]}}],"collection":[{"href":"https:\/\/www.radiolimari.cl\/index.php?rest_route=\/wp\/v2\/posts"}],"about":[{"href":"https:\/\/www.radiolimari.cl\/index.php?rest_route=\/wp\/v2\/types\/post"}],"author":[{"embeddable":true,"href":"https:\/\/www.radiolimari.cl\/index.php?rest_route=\/wp\/v2\/users\/2"}],"replies":[{"embeddable":true,"href":"https:\/\/www.radiolimari.cl\/index.php?rest_route=%2Fwp%2Fv2%2Fcomments&post=11762"}],"version-history":[{"count":1,"href":"https:\/\/www.radiolimari.cl\/index.php?rest_route=\/wp\/v2\/posts\/11762\/revisions"}],"predecessor-version":[{"id":11765,"href":"https:\/\/www.radiolimari.cl\/index.php?rest_route=\/wp\/v2\/posts\/11762\/revisions\/11765"}],"wp:featuredmedia":[{"embeddable":true,"href":"https:\/\/www.radiolimari.cl\/index.php?rest_route=\/wp\/v2\/media\/11764"}],"wp:attachment":[{"href":"https:\/\/www.radiolimari.cl\/index.php?rest_route=%2Fwp%2Fv2%2Fmedia&parent=11762"}],"wp:term":[{"taxonomy":"category","embeddable":true,"href":"https:\/\/www.radiolimari.cl\/index.php?rest_route=%2Fwp%2Fv2%2Fcategories&post=11762"},{"taxonomy":"post_tag","embeddable":true,"href":"https:\/\/www.radiolimari.cl\/index.php?rest_route=%2Fwp%2Fv2%2Ftags&post=11762"}],"curies":[{"name":"wp","href":"https:\/\/api.w.org\/{rel}","templated":true}]}}