{"id":11756,"date":"2024-08-22T01:02:40","date_gmt":"2024-08-22T01:02:40","guid":{"rendered":"https:\/\/www.radiolimari.cl\/?p=11756"},"modified":"2024-08-22T01:02:41","modified_gmt":"2024-08-22T01:02:41","slug":"en-la-region-de-coquimbo-cinco-comunas-desarrollan-proyectos-ambientales-de-mejoramiento-territorial","status":"publish","type":"post","link":"https:\/\/www.radiolimari.cl\/?p=11756","title":{"rendered":"En la regi\u00f3n de Coquimbo cinco comunas desarrollan proyectos ambientales de mejoramiento territorial."},"content":{"rendered":"\n<figure class=\"wp-block-image size-large\"><a href=\"https:\/\/www.radiolimari.cl\/wp-content\/uploads\/2024\/08\/F4-Rio-Sasso-scaled.jpg\"><img fetchpriority=\"high\" decoding=\"async\" width=\"1024\" height=\"629\" src=\"https:\/\/www.radiolimari.cl\/wp-content\/uploads\/2024\/08\/F4-Rio-Sasso-1024x629.jpg\" alt=\"\" class=\"wp-image-11757\" srcset=\"https:\/\/www.radiolimari.cl\/wp-content\/uploads\/2024\/08\/F4-Rio-Sasso-1024x629.jpg 1024w, https:\/\/www.radiolimari.cl\/wp-content\/uploads\/2024\/08\/F4-Rio-Sasso-300x184.jpg 300w, https:\/\/www.radiolimari.cl\/wp-content\/uploads\/2024\/08\/F4-Rio-Sasso-768x472.jpg 768w, https:\/\/www.radiolimari.cl\/wp-content\/uploads\/2024\/08\/F4-Rio-Sasso-1536x943.jpg 1536w, https:\/\/www.radiolimari.cl\/wp-content\/uploads\/2024\/08\/F4-Rio-Sasso-2048x1257.jpg 2048w\" sizes=\"(max-width: 1024px) 100vw, 1024px\" \/><\/a><\/figure>\n\n\n\n<p>Los resultados de este fondo estatal estar\u00e1n disponibles entre los meses de diciembre 2024 y marzo 2025.<\/p>\n\n\n\n<p>Una notable preocupaci\u00f3n por solucionar y\/o mitigar los problemas que afectan el medio ambiente de la regi\u00f3n de Coquimbo, qued\u00f3 de manifiesto en los 9 proyectos del Fondo de Protecci\u00f3n Ambiental (FPA) del Ministerio del Medio Ambiente, que se est\u00e1n ejecutando durante el presente a\u00f1o en las comunas de Coquimbo, Paihuano, Ovalle, Combarbal\u00e1, Monte Patria y R\u00edo Hurtado.<\/p>\n\n\n\n<p>Al respecto, el Seremi del Medio Ambiente Leonardo Gros resumi\u00f3 la importancia de esta pol\u00edtica p\u00fablica creada el a\u00f1o 1994 en favor del cuidado de la naturaleza y de sus habitantes, \u201cnos encontramos en plena ejecuci\u00f3n de 9 proyectos comunitarios con una inversi\u00f3n de 54 millones, otorg\u00e1ndose 6 millones a cada iniciativa, los que van principalmente en la l\u00ednea de educaci\u00f3n ambiental y econom\u00eda circular. Es un fondo disponible que nace desde el territorio, las organizaciones, que esperamos que se materialicen en logros importantes.\u201d<\/p>\n\n\n\n<p>Para la Cooperativa de trabajo de recicladores del Limar\u00ed Ltda de Ovalle el principal problema es \u201cla cultura del consumo y desecho genera una cantidad masiva de basura que contamina nuestro entorno y afecta la salud de las personas\u201d. Por su parte, el proyecto Banco de Semillas &#8211; Laboratorio para especies nativas y end\u00e9micas de la regi\u00f3n de la Fundaci\u00f3n C\u00edrculo Remolino de Coquimbo estableci\u00f3 que \u201cla destrucci\u00f3n de los h\u00e1bitats lidera las causas de extinci\u00f3n de las especies, seguida por cambio clim\u00e1tico, contaminaci\u00f3n, introducci\u00f3n de especies ex\u00f3ticas invasoras, entre otras\u201d; a lo que se agrega \u201cla sobreexplotaci\u00f3n de los recursos naturales, los cambios de uso de suelos y los incendios forestales\u201d.<\/p>\n\n\n\n<p>Por su parte, el proyecto \u201cMuestra de t\u00e9cnicas en ecodestrezas para disminuir el consumo de agua en Pe\u00f1uelas\u201d, presentado por la Junta de Vecinos Los Jardines de Pe\u00f1uelas de Coquimbo aborda el problema la escasez h\u00eddrica y del cambio clim\u00e1tico \u201cque aumenta las temperaturas disminuyendo las precipitaciones, alterando las pautas de lluvias\u201d al mismo tiempo, esta situaci\u00f3n aumenta por la falta de educaci\u00f3n medioambiental, lo que repercute en h\u00e1bitos insostenibles De la tierra a la tierra; descontaminaci\u00f3n ambiental mediante una huerta escolar ecol\u00f3gica considerando la escasez h\u00eddrica.<\/p>\n\n\n\n<p>El Centro General de Padres y Apoderados Caminando al Futuro de la comuna de Ovalle est\u00e1 trabajando en el proyecto denominado \u201cDe la tierra a la tierra: descontaminaci\u00f3n ambiental mediante una huerta escolar ecol\u00f3gica\u201d de la comunidad de Caleta El Toro para reducir el problema de la baja conciencia ambiental sobre la gesti\u00f3n de residuos, debido a rasgos culturales del sector rural costero; asimismo existen reducidas instancias de educaci\u00f3n ambiental, no hay espacios de gesti\u00f3n y escaso retiro de residuos dom\u00e9sticos, generando microbasurales en el ecosistema costero, humedal y matorral.<\/p>\n\n\n\n<p>En este mismo sentido, el proyecto Rinconcito Circular del Centro General de Padres y Apoderados del Jard\u00edn Infantil Rinconcito de Coquimbo busca disminuir la cantidad de residuos org\u00e1nicos vegetales producidos en la elaboraci\u00f3n de comidas y restos de podas para generar un proceso circular con el compostaje de estos residuos. A lo anterior, se suma el escaso conocimiento sobre el problema de los residuos domiciliarios. Un tercer centro de padres y apoderados del Colegio Renacer de Monte Patria identific\u00f3 como problema \u201cla falta de agua dificulta el cuidado y la creaci\u00f3n de \u00e1reas verdes en el colegio y la agricultura, principal fuente de ingresos de la comunidad, ha sufrido una disminuci\u00f3n en su producci\u00f3n, causando p\u00e9rdidas econ\u00f3micas para las familias\u201d que esperan subsanar mediante la iniciativa \u201cRenacer Sostenible\u201d.<\/p>\n\n\n\n<p>Una situaci\u00f3n similar se aborda en la comunidad educativa del Liceo Polivalente de Paihuano buscando una soluci\u00f3n al problema del cambio clim\u00e1tico y de las escasas precipitaciones que han disminuido las reservas de agua de la regi\u00f3n a niveles preocupantes, a trav\u00e9s del reciclaje de aguas grises en Liceo Mistraliano.<\/p>\n\n\n\n<p><strong>Presencia de Pueblos Originarios<\/strong><\/p>\n\n\n\n<p>En las comunidades ind\u00edgenas de las provincias de Elqui y Limar\u00ed se cont\u00f3 con la participaci\u00f3n de la Asociaci\u00f3n Multicultural de Mujeres Ind\u00edgenas de Coquimbo Warmipura Tinkui y la Comunidad Ind\u00edgena Gasta Vanato Diaguita de Combarbal\u00e1. Ambas esperan abordar los problemas de la contaminaci\u00f3n por el uso inadecuado de le\u00f1a causado por la falta de educaci\u00f3n ambiental por los recursos existentes, la situaci\u00f3n econ\u00f3mica, ya que algunos habitantes ven en la le\u00f1a o carb\u00f3n una forma de ahorrar dinero para sus necesidades de alimentaci\u00f3n y calefacci\u00f3n.<\/p>\n\n\n\n<p>En Combarbal\u00e1 por su parte, la p\u00e9rdida y escasa mantenci\u00f3n de la flora nativa y end\u00e9mica del territorio, el avance inminente de la desertificaci\u00f3n y escasez h\u00eddrica, la tala indiscriminada que se realiz\u00f3 a los \u00e1rboles nativos como insumo para le\u00f1a, el poco resguardo y protecci\u00f3n de las semillas originarias crearon la necesidad de crear conciencia en la poblaci\u00f3n y en las futuras generaciones, mediante el apoyo y participaci\u00f3n de los establecimientos educacionales cercanos.<\/p>\n","protected":false},"excerpt":{"rendered":"<p>Los resultados de este fondo estatal estar\u00e1n disponibles entre los meses de diciembre 2024 y marzo 2025. Una notable preocupaci\u00f3n por solucionar y\/o mitigar los problemas que afectan el medio ambiente de la regi\u00f3n de Coquimbo, qued\u00f3 de manifiesto en los 9 proyectos del Fondo de Protecci\u00f3n Ambiental (FPA) del Ministerio del Medio Ambiente, que &#8230;<\/p>\n","protected":false},"author":2,"featured_media":11757,"comment_status":"open","ping_status":"open","sticky":false,"template":"","format":"standard","meta":{"footnotes":""},"categories":[3],"tags":[],"class_list":["post-11756","post","type-post","status-publish","format-standard","has-post-thumbnail","hentry","category-actualidad"],"_links":{"self":[{"href":"https:\/\/www.radiolimari.cl\/index.php?rest_route=\/wp\/v2\/posts\/11756","targetHints":{"allow":["GET"]}}],"collection":[{"href":"https:\/\/www.radiolimari.cl\/index.php?rest_route=\/wp\/v2\/posts"}],"about":[{"href":"https:\/\/www.radiolimari.cl\/index.php?rest_route=\/wp\/v2\/types\/post"}],"author":[{"embeddable":true,"href":"https:\/\/www.radiolimari.cl\/index.php?rest_route=\/wp\/v2\/users\/2"}],"replies":[{"embeddable":true,"href":"https:\/\/www.radiolimari.cl\/index.php?rest_route=%2Fwp%2Fv2%2Fcomments&post=11756"}],"version-history":[{"count":1,"href":"https:\/\/www.radiolimari.cl\/index.php?rest_route=\/wp\/v2\/posts\/11756\/revisions"}],"predecessor-version":[{"id":11758,"href":"https:\/\/www.radiolimari.cl\/index.php?rest_route=\/wp\/v2\/posts\/11756\/revisions\/11758"}],"wp:featuredmedia":[{"embeddable":true,"href":"https:\/\/www.radiolimari.cl\/index.php?rest_route=\/wp\/v2\/media\/11757"}],"wp:attachment":[{"href":"https:\/\/www.radiolimari.cl\/index.php?rest_route=%2Fwp%2Fv2%2Fmedia&parent=11756"}],"wp:term":[{"taxonomy":"category","embeddable":true,"href":"https:\/\/www.radiolimari.cl\/index.php?rest_route=%2Fwp%2Fv2%2Fcategories&post=11756"},{"taxonomy":"post_tag","embeddable":true,"href":"https:\/\/www.radiolimari.cl\/index.php?rest_route=%2Fwp%2Fv2%2Ftags&post=11756"}],"curies":[{"name":"wp","href":"https:\/\/api.w.org\/{rel}","templated":true}]}}