{"id":11753,"date":"2024-08-22T00:55:39","date_gmt":"2024-08-22T00:55:39","guid":{"rendered":"https:\/\/www.radiolimari.cl\/?p=11753"},"modified":"2024-08-22T00:55:40","modified_gmt":"2024-08-22T00:55:40","slug":"indap-proximamente-realizara-elecciones-de-su-consejo-asesor-regional-car-invita-a-que-organizaciones-se-inscriban-en-su-registro-regional","status":"publish","type":"post","link":"https:\/\/www.radiolimari.cl\/?p=11753","title":{"rendered":"INDAP pr\u00f3ximamente realizar\u00e1 elecciones de su Consejo Asesor Regional (CAR): invita a que organizaciones se inscriban en\u00a0su registro regional."},"content":{"rendered":"\n<figure class=\"wp-block-image size-full\"><a href=\"https:\/\/www.radiolimari.cl\/wp-content\/uploads\/2024\/08\/INDAP-llama-a-organizaciones-campesinas-a-inscribirse-en-el-Registro-Regional-de-Organizaciones-en-el-marco-de-las-elecciones-del-CAR.jpg\"><img fetchpriority=\"high\" decoding=\"async\" width=\"948\" height=\"634\" src=\"https:\/\/www.radiolimari.cl\/wp-content\/uploads\/2024\/08\/INDAP-llama-a-organizaciones-campesinas-a-inscribirse-en-el-Registro-Regional-de-Organizaciones-en-el-marco-de-las-elecciones-del-CAR.jpg\" alt=\"\" class=\"wp-image-11754\" srcset=\"https:\/\/www.radiolimari.cl\/wp-content\/uploads\/2024\/08\/INDAP-llama-a-organizaciones-campesinas-a-inscribirse-en-el-Registro-Regional-de-Organizaciones-en-el-marco-de-las-elecciones-del-CAR.jpg 948w, https:\/\/www.radiolimari.cl\/wp-content\/uploads\/2024\/08\/INDAP-llama-a-organizaciones-campesinas-a-inscribirse-en-el-Registro-Regional-de-Organizaciones-en-el-marco-de-las-elecciones-del-CAR-300x201.jpg 300w, https:\/\/www.radiolimari.cl\/wp-content\/uploads\/2024\/08\/INDAP-llama-a-organizaciones-campesinas-a-inscribirse-en-el-Registro-Regional-de-Organizaciones-en-el-marco-de-las-elecciones-del-CAR-768x514.jpg 768w\" sizes=\"(max-width: 948px) 100vw, 948px\" \/><\/a><\/figure>\n\n\n\n<p><em>Est\u00e1 dirigido a organizaciones productivas y de representaci\u00f3n de peque\u00f1as y peque\u00f1os productores agr\u00edcolas y campesinos, con personalidad jur\u00eddica.<\/em><\/p>\n\n\n\n<p>El Instituto de Desarrollo Agropecuario (INDAP) en cada regi\u00f3n del pa\u00eds tiene una instancia de participaci\u00f3n campesina que es fundamental para su funcionamiento: el Consejo Asesor Regional (CAR), mediante el cual se propicia un espacio de di\u00e1logo y colaboraci\u00f3n entre el servicio del agro y las organizaciones usuarias representativas del sector campesino, con el objetivo de promover el desarrollo rural y mejorar las condiciones de vida de las comunidades rurales en la regi\u00f3n.<\/p>\n\n\n\n<p>Al respecto, desde INDAP se informa que durante el mes de noviembre del presente a\u00f1o se llevar\u00e1 a cabo la elecci\u00f3n de la nueva directiva del CAR (en esta ocasi\u00f3n su periodo de vigencia ser\u00e1 desde el a\u00f1o 2024 al 2028). Y en el marco de este proceso el primer paso que se debe efectuar es que las organizaciones productivas y de representaci\u00f3n de peque\u00f1as y peque\u00f1os productores agr\u00edcolas y campesinos, con personalidad jur\u00eddica, se inscriban en el Registro Regional de Organizaciones.<\/p>\n\n\n\n<p>Igualmente, este llamado tambi\u00e9n est\u00e1 dirigido para que aquellas que lo han hecho con anterioridad corroboren si su registro est\u00e1 vigente, lo cual se puede saber contact\u00e1ndose con la Agencia de \u00c1rea de su territorio y\/o a trav\u00e9s de la presentaci\u00f3n del certificado de vigencia.<\/p>\n\n\n\n<p>Junto a lo anterior y, si as\u00ed lo desean, las organizaciones podr\u00e1n presentar a un futuro candidato o candidata a este Consejo Asesor Regional (CAR).<\/p>\n\n\n\n<p>Sobre este proceso el Director Regional de INDAP, V\u00edctor Illanes, sostuvo que \u201cpara el Gobierno del Presidente Gabriel Boric es de suma relevancia ampliar y dar todos los espacios posibles a los y las dirigentes rurales en la participaci\u00f3n para definir las pol\u00edticas y acciones del Mundo Rural y es justamente mediante el CAR donde se puede incidir directamente en las decisiones que desde el INDAP establezcamos para seguir fortaleciendo la Agricultura Familiar Campesina e Ind\u00edgena, por lo que es vital que, primero se realice la inscripci\u00f3n en el Registro Regional de Organizaciones\u201d.<\/p>\n\n\n\n<p>Adem\u00e1s, Illanes entreg\u00f3 detalles sobre los documentos exigidos: \u201cCada organizaci\u00f3n debe acercarse a la agencia de \u00e1rea que les corresponde, de lunes a viernes, desde las 9:00 y hasta las 13:30 horas, con su certificado de vigencia de su directiva, estatutos vigentes de la organizaci\u00f3n, n\u00f3mina vigente de todos y todas los integrantes de la organizaci\u00f3n y la copia autorizada de la escritura, acta o documento en que conste la personer\u00eda del representante legal de la organizaci\u00f3n. Este proceso se estar\u00e1 llevando a cabo hasta el mes de octubre del presente a\u00f1o\u201d.<\/p>\n\n\n\n<p>\u00abEn el Ministerio de Agricultura trabajamos de la mano con las dirigencias campesinas, porque estamos convencidos que son ellas quienes mejor comprenden las necesidades y desaf\u00edos del Mundo Rural. Por eso, el accionar del Consejo Asesor Regional (CAR) de INDAP es fundamental, ya que nos permite escuchar y atender los requerimientos de la Agricultura Familiar Campesina e Ind\u00edgena. De esta manera logramos mejorar nuestros servicios y apoyar el desarrollo integral de los usuario y usuarias de INDAP y sus familias\u00bb, dijo por su parte el Seremi de Agricultura, Christian \u00c1lvarez.<\/p>\n\n\n\n<p>Quien tambi\u00e9n se sum\u00f3 al llamado a inscribirse fue el Seremi de Desarrollo Social y Familia, Eduardo Alcayaga: \u201cDesde nuestro Ministerio trabajamos con las familias tal como nos ha instruido el Presidente Gabriel Boric. Por eso en el Mundo Rural, como integrante del CAR, es fundamental la labor junto a la Agricultura Familiar Campesina e Ind\u00edgena, definiendo lineamientos que deriven en una mejor calidad de vida para la ruralidad, por lo que invitamos a realizar el tr\u00e1mite de inscripci\u00f3n y as\u00ed participar de lo que ser\u00e1 posteriormente las elecciones de la directiva del CAR\u201d.<\/p>\n\n\n\n<p>Tal como se mencion\u00f3 los representantes de las organizaciones pueden concurrir a la agencia de \u00e1rea de INDAP correspondiente a su respectivo territorio, de lunes a viernes en horario de atenci\u00f3n de 9:00 y hasta las 13:30 horas: La Serena (Av. Juan Cisternas n\u00ba 1235), Ovalle (Miguel Aguirre Perry n\u00ba 335. Edificio P\u00fablico 2\u00ba piso, oficina 201), Combarbal\u00e1 (Maip\u00fa n\u00b096) o Illapel (Independencia n\u00ba 0279).<\/p>\n\n\n\n<p>En caso de dudas desde las organizaciones campesinas pueden enviar un correo electr\u00f3nico a abrito@indap.cl o llamar al tel\u00e9fono 51 267 3825.<\/p>\n","protected":false},"excerpt":{"rendered":"<p>Est\u00e1 dirigido a organizaciones productivas y de representaci\u00f3n de peque\u00f1as y peque\u00f1os productores agr\u00edcolas y campesinos, con personalidad jur\u00eddica. El Instituto de Desarrollo Agropecuario (INDAP) en cada regi\u00f3n del pa\u00eds tiene una instancia de participaci\u00f3n campesina que es fundamental para su funcionamiento: el Consejo Asesor Regional (CAR), mediante el cual se propicia un espacio de &#8230;<\/p>\n","protected":false},"author":2,"featured_media":11754,"comment_status":"open","ping_status":"open","sticky":false,"template":"","format":"standard","meta":{"footnotes":""},"categories":[6],"tags":[],"class_list":["post-11753","post","type-post","status-publish","format-standard","has-post-thumbnail","hentry","category-regionales"],"_links":{"self":[{"href":"https:\/\/www.radiolimari.cl\/index.php?rest_route=\/wp\/v2\/posts\/11753","targetHints":{"allow":["GET"]}}],"collection":[{"href":"https:\/\/www.radiolimari.cl\/index.php?rest_route=\/wp\/v2\/posts"}],"about":[{"href":"https:\/\/www.radiolimari.cl\/index.php?rest_route=\/wp\/v2\/types\/post"}],"author":[{"embeddable":true,"href":"https:\/\/www.radiolimari.cl\/index.php?rest_route=\/wp\/v2\/users\/2"}],"replies":[{"embeddable":true,"href":"https:\/\/www.radiolimari.cl\/index.php?rest_route=%2Fwp%2Fv2%2Fcomments&post=11753"}],"version-history":[{"count":1,"href":"https:\/\/www.radiolimari.cl\/index.php?rest_route=\/wp\/v2\/posts\/11753\/revisions"}],"predecessor-version":[{"id":11755,"href":"https:\/\/www.radiolimari.cl\/index.php?rest_route=\/wp\/v2\/posts\/11753\/revisions\/11755"}],"wp:featuredmedia":[{"embeddable":true,"href":"https:\/\/www.radiolimari.cl\/index.php?rest_route=\/wp\/v2\/media\/11754"}],"wp:attachment":[{"href":"https:\/\/www.radiolimari.cl\/index.php?rest_route=%2Fwp%2Fv2%2Fmedia&parent=11753"}],"wp:term":[{"taxonomy":"category","embeddable":true,"href":"https:\/\/www.radiolimari.cl\/index.php?rest_route=%2Fwp%2Fv2%2Fcategories&post=11753"},{"taxonomy":"post_tag","embeddable":true,"href":"https:\/\/www.radiolimari.cl\/index.php?rest_route=%2Fwp%2Fv2%2Ftags&post=11753"}],"curies":[{"name":"wp","href":"https:\/\/api.w.org\/{rel}","templated":true}]}}