{"id":11747,"date":"2024-08-19T22:31:44","date_gmt":"2024-08-19T22:31:44","guid":{"rendered":"https:\/\/www.radiolimari.cl\/?p=11747"},"modified":"2024-08-19T22:31:45","modified_gmt":"2024-08-19T22:31:45","slug":"en-la-region-de-coquimbo-el-fin-de-semana-largo-arrojo-mas-de-4-mil-controles-de-seguridad","status":"publish","type":"post","link":"https:\/\/www.radiolimari.cl\/?p=11747","title":{"rendered":"En la regi\u00f3n de Coquimbo el Fin de semana largo arroj\u00f3 m\u00e1s de 4 mil controles de seguridad."},"content":{"rendered":"\n<figure class=\"wp-block-image size-full\"><a href=\"https:\/\/www.radiolimari.cl\/wp-content\/uploads\/2024\/08\/IMG-20240819-WA0015.jpg\"><img fetchpriority=\"high\" decoding=\"async\" width=\"1024\" height=\"577\" src=\"https:\/\/www.radiolimari.cl\/wp-content\/uploads\/2024\/08\/IMG-20240819-WA0015.jpg\" alt=\"\" class=\"wp-image-11748\" srcset=\"https:\/\/www.radiolimari.cl\/wp-content\/uploads\/2024\/08\/IMG-20240819-WA0015.jpg 1024w, https:\/\/www.radiolimari.cl\/wp-content\/uploads\/2024\/08\/IMG-20240819-WA0015-300x169.jpg 300w, https:\/\/www.radiolimari.cl\/wp-content\/uploads\/2024\/08\/IMG-20240819-WA0015-768x433.jpg 768w\" sizes=\"(max-width: 1024px) 100vw, 1024px\" \/><\/a><\/figure>\n\n\n\n<p><strong><em>El trabajo de seguridad permiti\u00f3 tambi\u00e9n reducir en un 30% los accidentes de tr\u00e1nsito, respecto al a\u00f1o 2023.<\/em><\/strong><\/p>\n\n\n\n<p>En el marco de lo que fue el fin de semana largo, el Gobierno, junto a las instituciones de orden y seguridad delinearon distintas estrategias para fiscalizar e intervenir en materia de seguridad, acciones que fueron ejecutadas en carreteras y en los principales centros urbanos.<\/p>\n\n\n\n<p>A modo de balance, el Delegado Presidencial Regional, Galo Luna Penna, explic\u00f3 que <strong>\u201cse realizaron m\u00e1s de 4.000 controles, lo que nos permiti\u00f3 una serie de procedimientos, estuvimos monitoreando adem\u00e1s algunas actividades y eventos masivos en el marco del aniversario de la Municipalidad de La Serena. Y por segundo a\u00f1o consecutivo no tuvimos que lamentar fallecidos de ning\u00fan tipo, lo que nos invita a hacer un llamado a la ciudadan\u00eda a que en estas fechas mantengan una conducta adecuada, con precauci\u00f3n, sin exponerse a riesgos innecesarios\u201d<\/strong>.<\/p>\n\n\n\n<p>El trabajo de seguridad permiti\u00f3 tambi\u00e9n reducir en un 30% los accidentes de tr\u00e1nsito, respecto al a\u00f1o 2023, <strong>\u201cpor lo que son cifras para considerar el despliegue operativo que hace Carabineros, y esos 4.000 controles se manifiestan a trav\u00e9s de la presencia en terreno, de la detecci\u00f3n del veh\u00edculo, de la revisi\u00f3n de la documentaci\u00f3n, de la detecci\u00f3n de infracciones, o tambi\u00e9n de delitos asociados a la ley de tr\u00e1nsito, como es la conducci\u00f3n a estabilidad o bajo los efectos de las drogas o alcohol\u201d<\/strong>, agreg\u00f3 el General Juan Mu\u00f1oz, Jefe de la Zona de Carabineros Coquimbo.<\/p>\n\n\n\n<p>Asimismo el despliegue y presencia policial tambi\u00e9n permiti\u00f3 incautar 360 kilos de machas en un operativo en Caleta San Pedro que termin\u00f3 con siete detenidos.<\/p>\n\n\n\n<p><strong>\u201cTuvimos un despliegue a lo largo del borde costero, verificando que no hubieran mayores inconvenientes, abarcando ciertos delitos como el asociado a la extracci\u00f3n de machas desde \u00e1reas de manejo. Gracias a este esfuerzo se efectu\u00f3 este decomiso, que finalmente concret\u00f3 Carabineros, porque salieron del \u00e1rea jurisdiccional nuestra, pero que demuestra el trabajo que estamos haciendo en pos de prevenir este delito, que afecta principalmente a las comunidades pesqueras que ven afectada su fuente laboral\u201d<\/strong>, coment\u00f3 el Capit\u00e1n Ricardo Alca\u00edno, Gobernador Mar\u00edtimo de Coquimbo.<\/p>\n\n\n\n<p>Asimismo, se fortalecieron los procesos de fiscalizaci\u00f3n en materia de extranjer\u00eda, tanto en \u00e1reas urbanas como rurales, seg\u00fan indicaron desde la Polic\u00eda de Investigaciones.<\/p>\n","protected":false},"excerpt":{"rendered":"<p>El trabajo de seguridad permiti\u00f3 tambi\u00e9n reducir en un 30% los accidentes de tr\u00e1nsito, respecto al a\u00f1o 2023. En el marco de lo que fue el fin de semana largo, el Gobierno, junto a las instituciones de orden y seguridad delinearon distintas estrategias para fiscalizar e intervenir en materia de seguridad, acciones que fueron ejecutadas &#8230;<\/p>\n","protected":false},"author":2,"featured_media":11748,"comment_status":"open","ping_status":"open","sticky":false,"template":"","format":"standard","meta":{"footnotes":""},"categories":[6],"tags":[],"class_list":["post-11747","post","type-post","status-publish","format-standard","has-post-thumbnail","hentry","category-regionales"],"_links":{"self":[{"href":"https:\/\/www.radiolimari.cl\/index.php?rest_route=\/wp\/v2\/posts\/11747","targetHints":{"allow":["GET"]}}],"collection":[{"href":"https:\/\/www.radiolimari.cl\/index.php?rest_route=\/wp\/v2\/posts"}],"about":[{"href":"https:\/\/www.radiolimari.cl\/index.php?rest_route=\/wp\/v2\/types\/post"}],"author":[{"embeddable":true,"href":"https:\/\/www.radiolimari.cl\/index.php?rest_route=\/wp\/v2\/users\/2"}],"replies":[{"embeddable":true,"href":"https:\/\/www.radiolimari.cl\/index.php?rest_route=%2Fwp%2Fv2%2Fcomments&post=11747"}],"version-history":[{"count":1,"href":"https:\/\/www.radiolimari.cl\/index.php?rest_route=\/wp\/v2\/posts\/11747\/revisions"}],"predecessor-version":[{"id":11749,"href":"https:\/\/www.radiolimari.cl\/index.php?rest_route=\/wp\/v2\/posts\/11747\/revisions\/11749"}],"wp:featuredmedia":[{"embeddable":true,"href":"https:\/\/www.radiolimari.cl\/index.php?rest_route=\/wp\/v2\/media\/11748"}],"wp:attachment":[{"href":"https:\/\/www.radiolimari.cl\/index.php?rest_route=%2Fwp%2Fv2%2Fmedia&parent=11747"}],"wp:term":[{"taxonomy":"category","embeddable":true,"href":"https:\/\/www.radiolimari.cl\/index.php?rest_route=%2Fwp%2Fv2%2Fcategories&post=11747"},{"taxonomy":"post_tag","embeddable":true,"href":"https:\/\/www.radiolimari.cl\/index.php?rest_route=%2Fwp%2Fv2%2Ftags&post=11747"}],"curies":[{"name":"wp","href":"https:\/\/api.w.org\/{rel}","templated":true}]}}