{"id":11741,"date":"2024-08-16T20:02:17","date_gmt":"2024-08-16T20:02:17","guid":{"rendered":"https:\/\/www.radiolimari.cl\/?p=11741"},"modified":"2024-08-16T20:02:18","modified_gmt":"2024-08-16T20:02:18","slug":"intensifican-fiscalizaciones-de-seguridad-y-transportes-en-limari-por-fin-de-semana-largo","status":"publish","type":"post","link":"https:\/\/www.radiolimari.cl\/?p=11741","title":{"rendered":"Intensifican fiscalizaciones de seguridad y transportes en Limar\u00ed por fin de semana largo."},"content":{"rendered":"\n<figure class=\"wp-block-image size-large\"><a href=\"https:\/\/www.radiolimari.cl\/wp-content\/uploads\/2024\/08\/FISCALIZACION-TRANSPORTE-4-scaled.jpeg\"><img fetchpriority=\"high\" decoding=\"async\" width=\"1024\" height=\"576\" src=\"https:\/\/www.radiolimari.cl\/wp-content\/uploads\/2024\/08\/FISCALIZACION-TRANSPORTE-4-1024x576.jpeg\" alt=\"\" class=\"wp-image-11742\" srcset=\"https:\/\/www.radiolimari.cl\/wp-content\/uploads\/2024\/08\/FISCALIZACION-TRANSPORTE-4-1024x576.jpeg 1024w, https:\/\/www.radiolimari.cl\/wp-content\/uploads\/2024\/08\/FISCALIZACION-TRANSPORTE-4-300x169.jpeg 300w, https:\/\/www.radiolimari.cl\/wp-content\/uploads\/2024\/08\/FISCALIZACION-TRANSPORTE-4-768x432.jpeg 768w, https:\/\/www.radiolimari.cl\/wp-content\/uploads\/2024\/08\/FISCALIZACION-TRANSPORTE-4-1536x864.jpeg 1536w, https:\/\/www.radiolimari.cl\/wp-content\/uploads\/2024\/08\/FISCALIZACION-TRANSPORTE-4-2048x1152.jpeg 2048w\" sizes=\"(max-width: 1024px) 100vw, 1024px\" \/><\/a><\/figure>\n\n\n\n<p><strong><em>Durante este fin de semana se realizar\u00e1n controles preventivos para evitar accidentes en rutas, dada la gran afluencia de veh\u00edculos que se espera por fin de semana largo.<\/em><\/strong><\/p>\n\n\n\n<p>Fiscalizaciones por parte de la SEREMI de Transporte, as\u00ed como un despliegue reforzado de Carabineros en las principales ruitas de la provincia de Limar\u00ed, son parte del trabajo de reforzamiento de seguridad y prevenci\u00f3n que se realizar\u00e1 durante este fin de semana. Este trabajo coordinado que se suma al Plan Nacional de Fiscalizaci\u00f3n, y que se lleva a cabo entre la Delegaci\u00f3n Presidencial de Limar\u00ed, Carabineros y SEREMI de Transportes, busca evitar accidentes en este fin de semana, donde se estima, que muchas personas se trasladar\u00e1n por las carreteras de la provincia.<\/p>\n\n\n\n<p>\u201cEstamos tomando medidas junto a la SEREMI de Transportes y Carabineros para resguardar a nuestra ciudadan\u00eda en materia de traslados y cuidados que deben tener en las carreteras, con un aumento considerable de controles carreteros a veh\u00edculos particulares, as\u00ed como de transporte. Sin embargo, como Gobierno, seguimos sosteniendo que la seguridad p\u00fablica, as\u00ed como la seguridad vial es tarea de todos. Por eso, el llamado es a que tomemos los resguardos necesarios, manejemos a la defensiva y tomemos los tiempos correspondientes para evitar apuros y exceso de velocidad\u201d, se\u00f1al\u00f3 la Delegada Presidencial Provincial de Limar\u00ed&nbsp; Marily Escobar Oviedo.<\/p>\n\n\n\n<p>De este modo, se realiz\u00f3 un hito de lanzamiento de esta campa\u00f1a preventiva vial, para difundir estos cuidados, con una fiscalizaci\u00f3n exhaustiva en la ruta D-43&nbsp; la altura del cruce R\u00edo Hurtado.&nbsp; En el lugar, un bus de transporte con destino a Santiago fue sancionado ya que no se corroboraba el uso de cintur\u00f3n de seguridad de pasajeros, as\u00ed como una falta por no conectarse a la central de seguridad y no entregar informaci\u00f3n sobre la ruta y velocidad. Asimismo, carabineros curs\u00f3 infracciones a conductores que transitaban sin su licencia de conducir.<\/p>\n\n\n\n<p>El teniente de Carabineros de la 3ra Comisar\u00eda de Ovalle, Marcelo Gonzalez indic\u00f3 que \u201ceste fin de semana ser\u00e1 utilizado por muchas personas como como fin de semana largo. Por eso, estamos desplegados por toda la provincia de Limar\u00ed, controlando veh\u00edculos en rutas y carreteras para brindar tranquilidad y seguridad mientras nuestros ciudadanos viajan a diversos destinos, porque estamos comprometidos siempre por su seguridad\u201d.<\/p>\n\n\n\n<p>Las fiscalizaciones estar\u00e1n enfocadas en Controles a buses interurbanos y rurales en cuanto a uso cintur\u00f3n obligatorio en buses interurbanos, controles de velocidad y documentaci\u00f3n. Adem\u00e1s se les recuerda a la ciudadan\u00eda que la conducci\u00f3n imprudente o distracci\u00f3n al volante son la principal causa de siniestros y la velocidad excesiva y p\u00e9rdida de control del veh\u00edculo, son la principal causa de fallecidos.<\/p>\n\n\n\n<p>Por su parte, la Secretaria Regional Ministerial (S) de Transportes y Telecomunicaciones, Paulina Mora Lara, indic\u00f3 que \u201ca trav\u00e9s Plan Nacional de Fiscalizaci\u00f3n, hemos dispuesto la presencia de inspectores del Ministerio en toda la regi\u00f3n, reforzando controles en terminales de buses y carreteras. Junto a la Delegaci\u00f3n Presidencial Provincial de Limar\u00ed tenemos la oportunidad de continuar articulando pol\u00edticas y acciones que promuevan la seguridad vial de nuestros habitantes y de los turistas que puedan visitar la regi\u00f3n. Como Ministerio de Transportes y Telecomunicaciones estaremos preocupados de que el transporte p\u00fablico en buses interurbanos y rurales opere correctamente y sin poner en riesgo la vida de los pasajeros\u201d.<\/p>\n","protected":false},"excerpt":{"rendered":"<p>Durante este fin de semana se realizar\u00e1n controles preventivos para evitar accidentes en rutas, dada la gran afluencia de veh\u00edculos que se espera por fin de semana largo. Fiscalizaciones por parte de la SEREMI de Transporte, as\u00ed como un despliegue reforzado de Carabineros en las principales ruitas de la provincia de Limar\u00ed, son parte del &#8230;<\/p>\n","protected":false},"author":2,"featured_media":11742,"comment_status":"open","ping_status":"open","sticky":false,"template":"","format":"standard","meta":{"footnotes":""},"categories":[5],"tags":[],"class_list":["post-11741","post","type-post","status-publish","format-standard","has-post-thumbnail","hentry","category-actualidad-limarina"],"_links":{"self":[{"href":"https:\/\/www.radiolimari.cl\/index.php?rest_route=\/wp\/v2\/posts\/11741","targetHints":{"allow":["GET"]}}],"collection":[{"href":"https:\/\/www.radiolimari.cl\/index.php?rest_route=\/wp\/v2\/posts"}],"about":[{"href":"https:\/\/www.radiolimari.cl\/index.php?rest_route=\/wp\/v2\/types\/post"}],"author":[{"embeddable":true,"href":"https:\/\/www.radiolimari.cl\/index.php?rest_route=\/wp\/v2\/users\/2"}],"replies":[{"embeddable":true,"href":"https:\/\/www.radiolimari.cl\/index.php?rest_route=%2Fwp%2Fv2%2Fcomments&post=11741"}],"version-history":[{"count":1,"href":"https:\/\/www.radiolimari.cl\/index.php?rest_route=\/wp\/v2\/posts\/11741\/revisions"}],"predecessor-version":[{"id":11743,"href":"https:\/\/www.radiolimari.cl\/index.php?rest_route=\/wp\/v2\/posts\/11741\/revisions\/11743"}],"wp:featuredmedia":[{"embeddable":true,"href":"https:\/\/www.radiolimari.cl\/index.php?rest_route=\/wp\/v2\/media\/11742"}],"wp:attachment":[{"href":"https:\/\/www.radiolimari.cl\/index.php?rest_route=%2Fwp%2Fv2%2Fmedia&parent=11741"}],"wp:term":[{"taxonomy":"category","embeddable":true,"href":"https:\/\/www.radiolimari.cl\/index.php?rest_route=%2Fwp%2Fv2%2Fcategories&post=11741"},{"taxonomy":"post_tag","embeddable":true,"href":"https:\/\/www.radiolimari.cl\/index.php?rest_route=%2Fwp%2Fv2%2Ftags&post=11741"}],"curies":[{"name":"wp","href":"https:\/\/api.w.org\/{rel}","templated":true}]}}