{"id":11725,"date":"2024-08-12T13:33:58","date_gmt":"2024-08-12T13:33:58","guid":{"rendered":"https:\/\/www.radiolimari.cl\/?p=11725"},"modified":"2024-08-12T13:33:59","modified_gmt":"2024-08-12T13:33:59","slug":"en-ovalle-miles-de-personas-disfrutaron-de-la-fiesta-familiar-en-la-plaza-de-armas-en-el-dia-de-la-ninez","status":"publish","type":"post","link":"https:\/\/www.radiolimari.cl\/?p=11725","title":{"rendered":"En Ovalle miles de personas disfrutaron de la Fiesta Familiar en la plaza de armas en el D\u00eda de la Ni\u00f1ez."},"content":{"rendered":"\n<figure class=\"wp-block-image size-large\"><a href=\"https:\/\/www.radiolimari.cl\/wp-content\/uploads\/2024\/08\/Fiesta-Familiar-en-la-plaza-de-armas-de-Ovalle-2-scaled.jpg\"><img fetchpriority=\"high\" decoding=\"async\" width=\"1024\" height=\"768\" src=\"https:\/\/www.radiolimari.cl\/wp-content\/uploads\/2024\/08\/Fiesta-Familiar-en-la-plaza-de-armas-de-Ovalle-2-1024x768.jpg\" alt=\"\" class=\"wp-image-11726\" srcset=\"https:\/\/www.radiolimari.cl\/wp-content\/uploads\/2024\/08\/Fiesta-Familiar-en-la-plaza-de-armas-de-Ovalle-2-1024x768.jpg 1024w, https:\/\/www.radiolimari.cl\/wp-content\/uploads\/2024\/08\/Fiesta-Familiar-en-la-plaza-de-armas-de-Ovalle-2-300x225.jpg 300w, https:\/\/www.radiolimari.cl\/wp-content\/uploads\/2024\/08\/Fiesta-Familiar-en-la-plaza-de-armas-de-Ovalle-2-768x576.jpg 768w, https:\/\/www.radiolimari.cl\/wp-content\/uploads\/2024\/08\/Fiesta-Familiar-en-la-plaza-de-armas-de-Ovalle-2-1536x1152.jpg 1536w, https:\/\/www.radiolimari.cl\/wp-content\/uploads\/2024\/08\/Fiesta-Familiar-en-la-plaza-de-armas-de-Ovalle-2-2048x1536.jpg 2048w\" sizes=\"(max-width: 1024px) 100vw, 1024px\" \/><\/a><\/figure>\n\n\n\n<p><strong><em>El evento, organizado por el municipio de Ovalle en el marco del D\u00eda de la Ni\u00f1ez, convirti\u00f3 el principal paseo p\u00fablico de la ciudad en un verdadero parque de diversiones con diversos juegos gratuitos para los asistentes<\/em><\/strong><\/p>\n\n\n\n<p>Una entretenida jornada se vivi\u00f3 en la Fiesta Familiar, en el marco de la celebraci\u00f3n del D\u00eda de la Ni\u00f1ez, realizada en la plaza de armas de Ovalle. Las actividades, impulsadas por el municipio local, congregaron a una gran cantidad de familias, quienes compartieron de entretenidos juegos, din\u00e1micas y shows art\u00edsticos.<\/p>\n\n\n\n<p>En esta oportunidad, los miles de ni\u00f1os y ni\u00f1as que llegaron al principal paseo p\u00fablico de la ciudad disfrutaron gratuitamente de juegos mec\u00e1nicos y juegos inflables. Adem\u00e1s, de paseos, por las calles c\u00e9ntricas de Ovalle, en Autotren y en los carros bombas que puso a disposici\u00f3n el Cuerpo de Bomberos de Ovalle. A estas entretenciones, se sumaron \u00e1reas de pinta caritas y cl\u00ednicas deportivas de tenis de mesa, f\u00fatbol, tenis f\u00fatbol, b\u00e1squetbol y ajedrez. Asimismo, grupos de baile animaron la celebraci\u00f3n y se hicieron entretenidos concursos y se entregaron premios, a quienes participaron.<\/p>\n\n\n\n<p>El alcalde de Ovalle Jonathan Acu\u00f1a indic\u00f3 que \u201cfue una muy bonita actividad que congreg\u00f3 a muchas familias, en el marco de la celebraci\u00f3n del D\u00eda de la Ni\u00f1ez, quienes disfrutaron de los distintos puntos de entretenci\u00f3n que pusimos a disposici\u00f3n con mucho cari\u00f1o. Es muy gratificante ver la sonrisa de los ni\u00f1os y ni\u00f1as y como se divierten con juegos y actividades deportivas\u201d.<\/p>\n\n\n\n<p>Jorge Sep\u00falveda, de ocho a\u00f1os, se mostr\u00f3 feliz porque \u201cha sido todo muy entretenido, porque jugu\u00e9 b\u00e1squetbol, despu\u00e9s f\u00fatbol y tenis de mesa, lo he pasado muy bien\u201d. Asimismo, Camila Ojeda, de 11 a\u00f1os, se\u00f1al\u00f3 que \u201che disfrutado mucho con mi familia y mis dos hermanas, todo muy bueno\u201d. Sof\u00eda Llanos, de 7 a\u00f1os, indic\u00f3 que se entretuvo mucho, porque \u201cme sub\u00ed a todos los juegos mec\u00e1nicos y me divert\u00ed harto, hace tiempo que no la pasaba tan bien\u201d.<\/p>\n\n\n\n<p>Juan Carlos Guti\u00e9rrez, quien asisti\u00f3 con su hijo Mat\u00edas de cuatro a\u00f1os, agradeci\u00f3 esta instancia \u201cporque nos permite hacer algo distinto con nuestros hijos, \u00e9l ha disfrutado mucho, porque desde temprano pudo subirse a varios juegos\u201d. En tanto, Gloria Vergara, quien disfrut\u00f3 junto a su hija Valentina de seis a\u00f1os, afirm\u00f3 que \u201ctodo muy entretenido, que bueno que se hagan este tipo de actividades, porque los ni\u00f1os la pasan incre\u00edble\u201d.<\/p>\n\n\n\n<p>La autoridad comunal, junto a la delegada presidencial provincial, Marily Escobar e integrantes del Concejo Municipal hicieron un recorrido por la plaza de armas y entregaron bolsas de golosinas a los ni\u00f1os y ni\u00f1as asistentes, acompa\u00f1ados de m\u00fasica infantil interpretada por el Orfe\u00f3n Municipal.&nbsp;<\/p>\n","protected":false},"excerpt":{"rendered":"<p>El evento, organizado por el municipio de Ovalle en el marco del D\u00eda de la Ni\u00f1ez, convirti\u00f3 el principal paseo p\u00fablico de la ciudad en un verdadero parque de diversiones con diversos juegos gratuitos para los asistentes Una entretenida jornada se vivi\u00f3 en la Fiesta Familiar, en el marco de la celebraci\u00f3n del D\u00eda de &#8230;<\/p>\n","protected":false},"author":2,"featured_media":11726,"comment_status":"open","ping_status":"open","sticky":false,"template":"","format":"standard","meta":{"footnotes":""},"categories":[5],"tags":[],"class_list":["post-11725","post","type-post","status-publish","format-standard","has-post-thumbnail","hentry","category-actualidad-limarina"],"_links":{"self":[{"href":"https:\/\/www.radiolimari.cl\/index.php?rest_route=\/wp\/v2\/posts\/11725","targetHints":{"allow":["GET"]}}],"collection":[{"href":"https:\/\/www.radiolimari.cl\/index.php?rest_route=\/wp\/v2\/posts"}],"about":[{"href":"https:\/\/www.radiolimari.cl\/index.php?rest_route=\/wp\/v2\/types\/post"}],"author":[{"embeddable":true,"href":"https:\/\/www.radiolimari.cl\/index.php?rest_route=\/wp\/v2\/users\/2"}],"replies":[{"embeddable":true,"href":"https:\/\/www.radiolimari.cl\/index.php?rest_route=%2Fwp%2Fv2%2Fcomments&post=11725"}],"version-history":[{"count":1,"href":"https:\/\/www.radiolimari.cl\/index.php?rest_route=\/wp\/v2\/posts\/11725\/revisions"}],"predecessor-version":[{"id":11727,"href":"https:\/\/www.radiolimari.cl\/index.php?rest_route=\/wp\/v2\/posts\/11725\/revisions\/11727"}],"wp:featuredmedia":[{"embeddable":true,"href":"https:\/\/www.radiolimari.cl\/index.php?rest_route=\/wp\/v2\/media\/11726"}],"wp:attachment":[{"href":"https:\/\/www.radiolimari.cl\/index.php?rest_route=%2Fwp%2Fv2%2Fmedia&parent=11725"}],"wp:term":[{"taxonomy":"category","embeddable":true,"href":"https:\/\/www.radiolimari.cl\/index.php?rest_route=%2Fwp%2Fv2%2Fcategories&post=11725"},{"taxonomy":"post_tag","embeddable":true,"href":"https:\/\/www.radiolimari.cl\/index.php?rest_route=%2Fwp%2Fv2%2Ftags&post=11725"}],"curies":[{"name":"wp","href":"https:\/\/api.w.org\/{rel}","templated":true}]}}