{"id":11704,"date":"2024-08-08T15:59:44","date_gmt":"2024-08-08T15:59:44","guid":{"rendered":"https:\/\/www.radiolimari.cl\/?p=11704"},"modified":"2024-08-08T15:59:45","modified_gmt":"2024-08-08T15:59:45","slug":"en-los-vilos-dirigentes-y-dirigentas-sindicales-conocen-los-avances-de-la-agenda-legislativa-del-ministerio-del-trabajo","status":"publish","type":"post","link":"https:\/\/www.radiolimari.cl\/?p=11704","title":{"rendered":"En Los Vilos dirigentes y dirigentas sindicales conocen los avances de la agenda legislativa del Ministerio del Trabajo"},"content":{"rendered":"\n<figure class=\"wp-block-image size-large\"><a href=\"https:\/\/www.radiolimari.cl\/wp-content\/uploads\/2024\/08\/LV-MT-scaled.jpeg\"><img fetchpriority=\"high\" decoding=\"async\" width=\"1024\" height=\"576\" src=\"https:\/\/www.radiolimari.cl\/wp-content\/uploads\/2024\/08\/LV-MT-1024x576.jpeg\" alt=\"\" class=\"wp-image-11705\" srcset=\"https:\/\/www.radiolimari.cl\/wp-content\/uploads\/2024\/08\/LV-MT-1024x576.jpeg 1024w, https:\/\/www.radiolimari.cl\/wp-content\/uploads\/2024\/08\/LV-MT-300x169.jpeg 300w, https:\/\/www.radiolimari.cl\/wp-content\/uploads\/2024\/08\/LV-MT-768x432.jpeg 768w, https:\/\/www.radiolimari.cl\/wp-content\/uploads\/2024\/08\/LV-MT-1536x864.jpeg 1536w, https:\/\/www.radiolimari.cl\/wp-content\/uploads\/2024\/08\/LV-MT-2048x1152.jpeg 2048w\" sizes=\"(max-width: 1024px) 100vw, 1024px\" \/><\/a><\/figure>\n\n\n\n<p><strong>La jornada es parte del despliegue territorial del Gobierno para facilitar el acceso a la informaci\u00f3n y capacitaci\u00f3n de la ciudadan\u00eda en diferentes materias.<\/strong><\/p>\n\n\n\n<p>Ley Karin, Ley de Conciliaci\u00f3n de la Vida Personal, Familiar y Laboral y los avances de la tramitaci\u00f3n del proyecto de Reforma de Pensiones impulsado por el Gobierno fueron los temas abordados en el encuentro de dirigentes y representantes de trabajadores y trabajadoras en Los Vilos, actividad organizada por el equipo territorial de la Delegaci\u00f3n Provincial de Choapa, la Direcci\u00f3n del Trabajo y la Seremi del Trabajo de la regi\u00f3n de Coquimbo, adem\u00e1s de contar con la participaci\u00f3n activa de la Central Unitaria de Trabajadores (CUT) provincial Choapa.<\/p>\n\n\n\n<p>En la ocasi\u00f3n el Seremi del Trabajo, Francisco Brizuela, valor\u00f3 el encuentro con los dirigentes y dirigentas y dio a conocer los principales avances y cumplimiento de la agenda legislativa del Ministerio del Trabajo y manifest\u00f3 que \u201cson muy importantes este tipo de acercamientos con los trabajadores y trabajadoras de la regi\u00f3n para dar cuenta de los compromisos que el Gobierno ha cumplido con el objetivo de avanzar hacia el trabajo decente, que es uno de los principales ejes transversales del programa de gobierno del presidente Boric\u201d.<\/p>\n\n\n\n<p>En este sentido la autoridad laboral enfatiz\u00f3 en otras iniciativas implementadas por el Ministerio del Trabajo y Previsi\u00f3n Social como la Ley de reducci\u00f3n de la jornada laboral a 40 Horas, el aumento del Sueldo M\u00ednimo a $500 mil, la ampliaci\u00f3n de cobertura del Seguro para el Acompa\u00f1amiento de Ni\u00f1os y Ni\u00f1as (Ley Sanna) y el Fortalecimiento del Seguro de Cesant\u00eda.<\/p>\n\n\n\n<p>Por su parte la Delegada Presindencial Provincial de Choapa, Nataly Carvajal, coment\u00f3 que \u201cen el marco de las iniciativas de nuestro presidente Gabriel Boric de mejorar las condiciones de nuestros trabajadores y trabajadoras con esta tem\u00e1tica de trabajo decente, nos hemos coordinado con la Seremi del Trabajo y Previsi\u00f3n Social y con la Direcci\u00f3n Regional del Trabajo, para poder informarle a nuestros dirigentes aqu\u00ed en Los Vilos, buscando descentralizar tambi\u00e9n las acciones de gobierno, en una jornada bastante enriquecedora, con mucha participaci\u00f3n de nuestros dirigentes, con varias consultas, con varias dudas, y la idea es, por supuesto, ir resolviendo todas aquellas inquietudes, todas aquellas dudas, para que ellos puedan tener conciencia de c\u00f3mo estamos trabajando desde el gobierno del presidente para mejorar las condiciones de vida de nuestros trabajadores y trabajadoras\u201d.<\/p>\n\n\n\n<p>Mientras que Ema Valdivia Rojas, presidenta de la CUT de la Provincia de Choapa, expres\u00f3 que \u201cson temas que nosotros ven\u00edamos abordando y esperando como gremio poder actualizar nuestros conocimientos para poder hacer la bajada a nuestros trabajadores y trabajadoras de la provincia de Choapa. As\u00ed que estamos muy contentos de que se nos escuch\u00f3 y que se pudo concretar este encuentro de di\u00e1logo comunitario entre los trabajadores y los jefes directivos de la regi\u00f3n del Coquimbo\u201d.&nbsp;<\/p>\n\n\n\n<p>Respecto a la mirada que tienen los trabajadores a las iniciativas impulsadas por el Gobierno, como Ley Karin, Ema Valdivia dijo que \u201cla normativa viene a reforzar la prevenci\u00f3n que tiene que haber estado de muchos a\u00f1os en todo \u00e1mbito de trabajo. As\u00ed que estamos muy contentos de que se vino a implementar esta ley Karin y que empez\u00f3 ya desde el 1 de agosto para poder prevenir muchos acosos que hoy en d\u00eda se dan a todas las mujeres, principalmente\u201d.<\/p>\n\n\n\n<p>La jornada informativa es parte del despliegue del Ministerio del Trabajo y Previsi\u00f3n Social ha llevado adelante para facilitar el acceso a la informaci\u00f3n y capacitaci\u00f3n de los trabajadores y trabajadoras, acerca de las nuevas normativas implementadas en el mundo laboral, con principal \u00e9nfasis en la difusi\u00f3n de la denominada Ley Karin que entr\u00f3 en vigencia el 1 de agosto y que Modifica el C\u00f3digo del Trabajo y otros cuerpos legales, en materia de prevenci\u00f3n, investigaci\u00f3n y sanci\u00f3n del acoso laboral, sexual o de violencia en el trabajo.<\/p>\n","protected":false},"excerpt":{"rendered":"<p>La jornada es parte del despliegue territorial del Gobierno para facilitar el acceso a la informaci\u00f3n y capacitaci\u00f3n de la ciudadan\u00eda en diferentes materias. Ley Karin, Ley de Conciliaci\u00f3n de la Vida Personal, Familiar y Laboral y los avances de la tramitaci\u00f3n del proyecto de Reforma de Pensiones impulsado por el Gobierno fueron los temas &#8230;<\/p>\n","protected":false},"author":2,"featured_media":11705,"comment_status":"open","ping_status":"open","sticky":false,"template":"","format":"standard","meta":{"footnotes":""},"categories":[6],"tags":[],"class_list":["post-11704","post","type-post","status-publish","format-standard","has-post-thumbnail","hentry","category-regionales"],"_links":{"self":[{"href":"https:\/\/www.radiolimari.cl\/index.php?rest_route=\/wp\/v2\/posts\/11704","targetHints":{"allow":["GET"]}}],"collection":[{"href":"https:\/\/www.radiolimari.cl\/index.php?rest_route=\/wp\/v2\/posts"}],"about":[{"href":"https:\/\/www.radiolimari.cl\/index.php?rest_route=\/wp\/v2\/types\/post"}],"author":[{"embeddable":true,"href":"https:\/\/www.radiolimari.cl\/index.php?rest_route=\/wp\/v2\/users\/2"}],"replies":[{"embeddable":true,"href":"https:\/\/www.radiolimari.cl\/index.php?rest_route=%2Fwp%2Fv2%2Fcomments&post=11704"}],"version-history":[{"count":1,"href":"https:\/\/www.radiolimari.cl\/index.php?rest_route=\/wp\/v2\/posts\/11704\/revisions"}],"predecessor-version":[{"id":11706,"href":"https:\/\/www.radiolimari.cl\/index.php?rest_route=\/wp\/v2\/posts\/11704\/revisions\/11706"}],"wp:featuredmedia":[{"embeddable":true,"href":"https:\/\/www.radiolimari.cl\/index.php?rest_route=\/wp\/v2\/media\/11705"}],"wp:attachment":[{"href":"https:\/\/www.radiolimari.cl\/index.php?rest_route=%2Fwp%2Fv2%2Fmedia&parent=11704"}],"wp:term":[{"taxonomy":"category","embeddable":true,"href":"https:\/\/www.radiolimari.cl\/index.php?rest_route=%2Fwp%2Fv2%2Fcategories&post=11704"},{"taxonomy":"post_tag","embeddable":true,"href":"https:\/\/www.radiolimari.cl\/index.php?rest_route=%2Fwp%2Fv2%2Ftags&post=11704"}],"curies":[{"name":"wp","href":"https:\/\/api.w.org\/{rel}","templated":true}]}}