{"id":11701,"date":"2024-08-08T00:07:17","date_gmt":"2024-08-08T00:07:17","guid":{"rendered":"https:\/\/www.radiolimari.cl\/?p=11701"},"modified":"2024-08-08T00:07:18","modified_gmt":"2024-08-08T00:07:18","slug":"hogar-estudiantil-femenino-de-ovalle-tiene-nueva-identidad","status":"publish","type":"post","link":"https:\/\/www.radiolimari.cl\/?p=11701","title":{"rendered":"Hogar Estudiantil Femenino de Ovalle tiene nueva identidad."},"content":{"rendered":"\n<figure class=\"wp-block-image size-large\"><a href=\"https:\/\/www.radiolimari.cl\/wp-content\/uploads\/2024\/08\/20240801_163257-scaled.jpg\"><img fetchpriority=\"high\" decoding=\"async\" width=\"1024\" height=\"768\" src=\"https:\/\/www.radiolimari.cl\/wp-content\/uploads\/2024\/08\/20240801_163257-1024x768.jpg\" alt=\"\" class=\"wp-image-11702\" srcset=\"https:\/\/www.radiolimari.cl\/wp-content\/uploads\/2024\/08\/20240801_163257-1024x768.jpg 1024w, https:\/\/www.radiolimari.cl\/wp-content\/uploads\/2024\/08\/20240801_163257-300x225.jpg 300w, https:\/\/www.radiolimari.cl\/wp-content\/uploads\/2024\/08\/20240801_163257-768x576.jpg 768w, https:\/\/www.radiolimari.cl\/wp-content\/uploads\/2024\/08\/20240801_163257-1536x1152.jpg 1536w, https:\/\/www.radiolimari.cl\/wp-content\/uploads\/2024\/08\/20240801_163257-2048x1536.jpg 2048w\" sizes=\"(max-width: 1024px) 100vw, 1024px\" \/><\/a><\/figure>\n\n\n\n<p>Con la presencia de la Directora Nacional de Junaeb, Camila Rubio Araya y autoridades locales se realiz\u00f3 la actividad de descubrimiento de placa con el nuevo nombre del Hogar Femenino de la comuna limarina. Desde hoy denominado como \u201cHogar Femenino Doris Carvajal Molina\u201d, en honor a la primera directora del establecimiento el a\u00f1o de su fundaci\u00f3n en 1.973<\/p>\n\n\n\n<p>\u201cEsto es un reconocimiento que tambi\u00e9n forma parte de nuestra celebraci\u00f3n de 60 a\u00f1os de historia. Hoy cuando le colocamos un nuevo nombre a nuestro hogar le damos identidad, pero tambi\u00e9n le damos un nombre a nuestra historia. La se\u00f1ora Doris es un ejemplo de eso, de muchas mujeres que han trabajado en la instituci\u00f3n por disminuir las brechas y dar m\u00e1s oportunidades\u201d, coment\u00f3 la m\u00e1xima autoridad de Junaeb.<\/p>\n\n\n\n<p>Por su parte, el alcalde de la comuna, Jonathan Acu\u00f1a, destac\u00f3 que \u201cestamos felices y marcando un hito en nuestra comuna. Hoy entregamos una imagen, un s\u00edmbolo y una identidad a este recinto que ha albergado por m\u00e1s de 50 a\u00f1os a un grupo de ni\u00f1as que hoy ya son mujeres con un piso val\u00f3rico importante\u201d.<\/p>\n\n\n\n<p>En la misma l\u00ednea la delegada presidencial del Limar\u00ed, Marily Escobar, sostuvo que \u201cestamos muy contentos, porque desde hoy este hogar tendr\u00e1 un nombre tan importante, que ha marcado la historia de quien fue la primera directora\u201d.<\/p>\n\n\n\n<p>Doris Carvajal Molina, docente normalista, nacida en la localidad rural de Pe\u00f1ablanca, fue directora del hogar femenino desde sus inicios hasta el a\u00f1o 1989, destacando por su \u00edmpetu para que el establecimiento contara con una infraestructura propia y que diera confort y condiciones de habitabilidad a las estudiantes.<\/p>\n\n\n\n<p>\u201cEstoy muy contenta sobre todo por todas las generaciones que cumplieron sus sue\u00f1os y ahora laboran en distintas partes del pa\u00eds y que cada vez que pueden visitan este hogar y lo comparan con su realidad, que fue dif\u00edcil pero la juventud siempre da alegr\u00eda y felicidad\u201d, destac\u00f3 la homenajeada.<\/p>\n","protected":false},"excerpt":{"rendered":"<p>Con la presencia de la Directora Nacional de Junaeb, Camila Rubio Araya y autoridades locales se realiz\u00f3 la actividad de descubrimiento de placa con el nuevo nombre del Hogar Femenino de la comuna limarina. Desde hoy denominado como \u201cHogar Femenino Doris Carvajal Molina\u201d, en honor a la primera directora del establecimiento el a\u00f1o de su &#8230;<\/p>\n","protected":false},"author":2,"featured_media":11702,"comment_status":"open","ping_status":"open","sticky":false,"template":"","format":"standard","meta":{"footnotes":""},"categories":[6],"tags":[],"class_list":["post-11701","post","type-post","status-publish","format-standard","has-post-thumbnail","hentry","category-regionales"],"_links":{"self":[{"href":"https:\/\/www.radiolimari.cl\/index.php?rest_route=\/wp\/v2\/posts\/11701","targetHints":{"allow":["GET"]}}],"collection":[{"href":"https:\/\/www.radiolimari.cl\/index.php?rest_route=\/wp\/v2\/posts"}],"about":[{"href":"https:\/\/www.radiolimari.cl\/index.php?rest_route=\/wp\/v2\/types\/post"}],"author":[{"embeddable":true,"href":"https:\/\/www.radiolimari.cl\/index.php?rest_route=\/wp\/v2\/users\/2"}],"replies":[{"embeddable":true,"href":"https:\/\/www.radiolimari.cl\/index.php?rest_route=%2Fwp%2Fv2%2Fcomments&post=11701"}],"version-history":[{"count":1,"href":"https:\/\/www.radiolimari.cl\/index.php?rest_route=\/wp\/v2\/posts\/11701\/revisions"}],"predecessor-version":[{"id":11703,"href":"https:\/\/www.radiolimari.cl\/index.php?rest_route=\/wp\/v2\/posts\/11701\/revisions\/11703"}],"wp:featuredmedia":[{"embeddable":true,"href":"https:\/\/www.radiolimari.cl\/index.php?rest_route=\/wp\/v2\/media\/11702"}],"wp:attachment":[{"href":"https:\/\/www.radiolimari.cl\/index.php?rest_route=%2Fwp%2Fv2%2Fmedia&parent=11701"}],"wp:term":[{"taxonomy":"category","embeddable":true,"href":"https:\/\/www.radiolimari.cl\/index.php?rest_route=%2Fwp%2Fv2%2Fcategories&post=11701"},{"taxonomy":"post_tag","embeddable":true,"href":"https:\/\/www.radiolimari.cl\/index.php?rest_route=%2Fwp%2Fv2%2Ftags&post=11701"}],"curies":[{"name":"wp","href":"https:\/\/api.w.org\/{rel}","templated":true}]}}