{"id":11695,"date":"2024-08-07T23:05:41","date_gmt":"2024-08-07T23:05:41","guid":{"rendered":"https:\/\/www.radiolimari.cl\/?p=11695"},"modified":"2024-08-07T23:05:42","modified_gmt":"2024-08-07T23:05:42","slug":"lactancia-materna-un-compromiso-social-que-todos-debemos-asumir-y-respetar","status":"publish","type":"post","link":"https:\/\/www.radiolimari.cl\/?p=11695","title":{"rendered":"Lactancia materna: un compromiso social que todos debemos asumir y respetar."},"content":{"rendered":"\n<figure class=\"wp-block-image size-large\"><a href=\"https:\/\/www.radiolimari.cl\/wp-content\/uploads\/2024\/08\/Dra.-Matilde-Godoy-Pediatra-Hospital-de-Ovalle-scaled.jpg\"><img fetchpriority=\"high\" decoding=\"async\" width=\"1024\" height=\"768\" src=\"https:\/\/www.radiolimari.cl\/wp-content\/uploads\/2024\/08\/Dra.-Matilde-Godoy-Pediatra-Hospital-de-Ovalle-1024x768.jpg\" alt=\"\" class=\"wp-image-11696\" srcset=\"https:\/\/www.radiolimari.cl\/wp-content\/uploads\/2024\/08\/Dra.-Matilde-Godoy-Pediatra-Hospital-de-Ovalle-1024x768.jpg 1024w, https:\/\/www.radiolimari.cl\/wp-content\/uploads\/2024\/08\/Dra.-Matilde-Godoy-Pediatra-Hospital-de-Ovalle-300x225.jpg 300w, https:\/\/www.radiolimari.cl\/wp-content\/uploads\/2024\/08\/Dra.-Matilde-Godoy-Pediatra-Hospital-de-Ovalle-768x576.jpg 768w, https:\/\/www.radiolimari.cl\/wp-content\/uploads\/2024\/08\/Dra.-Matilde-Godoy-Pediatra-Hospital-de-Ovalle-1536x1152.jpg 1536w, https:\/\/www.radiolimari.cl\/wp-content\/uploads\/2024\/08\/Dra.-Matilde-Godoy-Pediatra-Hospital-de-Ovalle-2048x1536.jpg 2048w\" sizes=\"(max-width: 1024px) 100vw, 1024px\" \/><\/a><\/figure>\n\n\n\n<p><em>Por Dra. Matilde Godoy<\/em><\/p>\n\n\n\n<p><em>Pediatra, encargada en lactancia materna<\/em><\/p>\n\n\n\n<p><em>Hospital de Ovalle<\/em><\/p>\n\n\n\n<p>Esta pr\u00e1ctica alimentaria celebrada durante el mes de agosto, es crucial para recalcar la importancia de la leche materna. Este a\u00f1o la Organizaci\u00f3n Panamericana de la Salud, bajo el lema \u201cCerrar la brecha: apoyo a la lactancia materna en todas las situaciones\u201d, nos lleva a preguntarnos \u00bfQu\u00e9 podemos hacer como sociedad para que esta sea efectiva?<\/p>\n\n\n\n<p>El apoyo comunitario de la familia, los amigos y parejas es fundamental para que las mujeres puedan amamantar en cualquier momento y lugar, de este modo se normaliza esta acci\u00f3n y no se censura en la vida p\u00fablica y el trabajo. Es crucial, proteger la salud y los derechos de las mujeres y los beb\u00e9s.<\/p>\n\n\n\n<p>La lactancia materna, es por excelencia el mejor alimento para los primeros seis meses de vida. M\u00e1s all\u00e1 de ser una fuente esencial de nutrici\u00f3n, la leche materna fortalece el sistema inmunol\u00f3gico. Adem\u00e1s, los beneficios se extienden al desarrollo cognitivo, ya que estudios demuestran que los amino\u00e1cidos y \u00e1cidos grasos repercuten en el desarrollo cerebral, significando un mayor coeficiente intelectual y se fomenta un v\u00ednculo emocional profundo y saludable entre la madre y su hija o hijo.<\/p>\n\n\n\n<p>Es vital que se facilite la alimentaci\u00f3n del reci\u00e9n nacido directamente al pecho de su madre durante la primera hora de vida. En este primer contacto no s\u00f3lo se inicia el proceso de lactancia, sino que tambi\u00e9n activa una serie de est\u00edmulos hormonales tanto en el beb\u00e9 como en la madre. Estos est\u00edmulos est\u00e1n profundamente arraigados en los instintos y mecanismos de supervivencia desarrollados a lo largo de la evoluci\u00f3n de los mam\u00edferos.<\/p>\n\n\n\n<p>En la Semana de la Lactancia Materna, reafirmamos como Hospital de Ovalle el compromiso de promover y apoyar el amamantar, reconociendo su importancia para la salud y el bienestar de nuestras futuras generaciones.<\/p>\n","protected":false},"excerpt":{"rendered":"<p>Por Dra. Matilde Godoy Pediatra, encargada en lactancia materna Hospital de Ovalle Esta pr\u00e1ctica alimentaria celebrada durante el mes de agosto, es crucial para recalcar la importancia de la leche materna. Este a\u00f1o la Organizaci\u00f3n Panamericana de la Salud, bajo el lema \u201cCerrar la brecha: apoyo a la lactancia materna en todas las situaciones\u201d, nos &#8230;<\/p>\n","protected":false},"author":2,"featured_media":11696,"comment_status":"open","ping_status":"open","sticky":false,"template":"","format":"standard","meta":{"footnotes":""},"categories":[3],"tags":[],"class_list":["post-11695","post","type-post","status-publish","format-standard","has-post-thumbnail","hentry","category-actualidad"],"_links":{"self":[{"href":"https:\/\/www.radiolimari.cl\/index.php?rest_route=\/wp\/v2\/posts\/11695","targetHints":{"allow":["GET"]}}],"collection":[{"href":"https:\/\/www.radiolimari.cl\/index.php?rest_route=\/wp\/v2\/posts"}],"about":[{"href":"https:\/\/www.radiolimari.cl\/index.php?rest_route=\/wp\/v2\/types\/post"}],"author":[{"embeddable":true,"href":"https:\/\/www.radiolimari.cl\/index.php?rest_route=\/wp\/v2\/users\/2"}],"replies":[{"embeddable":true,"href":"https:\/\/www.radiolimari.cl\/index.php?rest_route=%2Fwp%2Fv2%2Fcomments&post=11695"}],"version-history":[{"count":1,"href":"https:\/\/www.radiolimari.cl\/index.php?rest_route=\/wp\/v2\/posts\/11695\/revisions"}],"predecessor-version":[{"id":11697,"href":"https:\/\/www.radiolimari.cl\/index.php?rest_route=\/wp\/v2\/posts\/11695\/revisions\/11697"}],"wp:featuredmedia":[{"embeddable":true,"href":"https:\/\/www.radiolimari.cl\/index.php?rest_route=\/wp\/v2\/media\/11696"}],"wp:attachment":[{"href":"https:\/\/www.radiolimari.cl\/index.php?rest_route=%2Fwp%2Fv2%2Fmedia&parent=11695"}],"wp:term":[{"taxonomy":"category","embeddable":true,"href":"https:\/\/www.radiolimari.cl\/index.php?rest_route=%2Fwp%2Fv2%2Fcategories&post=11695"},{"taxonomy":"post_tag","embeddable":true,"href":"https:\/\/www.radiolimari.cl\/index.php?rest_route=%2Fwp%2Fv2%2Ftags&post=11695"}],"curies":[{"name":"wp","href":"https:\/\/api.w.org\/{rel}","templated":true}]}}