{"id":11692,"date":"2024-08-07T22:42:54","date_gmt":"2024-08-07T22:42:54","guid":{"rendered":"https:\/\/www.radiolimari.cl\/?p=11692"},"modified":"2024-08-07T22:42:55","modified_gmt":"2024-08-07T22:42:55","slug":"sernameg-coquimbo-evalua-ejercer-recurso-de-nulidad-por-baja-condena-en-caso-de-karen-acevedo","status":"publish","type":"post","link":"https:\/\/www.radiolimari.cl\/?p=11692","title":{"rendered":"SernamEG Coquimbo eval\u00faa ejercer recurso de nulidad por baja condena en caso de Karen Acevedo."},"content":{"rendered":"\n<figure class=\"wp-block-image size-large\"><a href=\"https:\/\/www.radiolimari.cl\/wp-content\/uploads\/2024\/08\/IMG_9299-scaled.jpg\"><img fetchpriority=\"high\" decoding=\"async\" width=\"761\" height=\"1024\" src=\"https:\/\/www.radiolimari.cl\/wp-content\/uploads\/2024\/08\/IMG_9299-761x1024.jpg\" alt=\"\" class=\"wp-image-11693\" srcset=\"https:\/\/www.radiolimari.cl\/wp-content\/uploads\/2024\/08\/IMG_9299-761x1024.jpg 761w, https:\/\/www.radiolimari.cl\/wp-content\/uploads\/2024\/08\/IMG_9299-223x300.jpg 223w, https:\/\/www.radiolimari.cl\/wp-content\/uploads\/2024\/08\/IMG_9299-768x1033.jpg 768w, https:\/\/www.radiolimari.cl\/wp-content\/uploads\/2024\/08\/IMG_9299-1142x1536.jpg 1142w, https:\/\/www.radiolimari.cl\/wp-content\/uploads\/2024\/08\/IMG_9299-1522x2048.jpg 1522w, https:\/\/www.radiolimari.cl\/wp-content\/uploads\/2024\/08\/IMG_9299-scaled.jpg 1903w\" sizes=\"(max-width: 761px) 100vw, 761px\" \/><\/a><\/figure>\n\n\n\n<p><em>El Tribunal Oral en lo Penal de Ovalle conden\u00f3 a 14 a\u00f1os de presidio a autora del delito de parricidio en contexto de pareja l\u00e9sbica, ocurrido en el a\u00f1o 2022<\/em><\/p>\n\n\n\n<p>Como decepcionante calific\u00f3 la directora regional del Servicio Nacional de la Mujer y la Equidad de G\u00e9nero, <strong>Priscilla Olivares Verasay,<\/strong> la condena a 14 a\u00f1os de presidio decretada hoy, v\u00eda online, por el Tribunal de Juicio Oral en lo Penal de Ovalle contra C.P.D. por el parricidio en contexto de pareja l\u00e9sbica, cometido en octubre del 2022 contra Karen Acevedo Olivares.<\/p>\n\n\n\n<p>\u201cComo SernamEG hemos acompa\u00f1ado a la familia de Karen desde el primer momento en que ocurri\u00f3 este parricidio en la comuna de Ovalle. Lamentablemente, hoy conocimos la sentencia de este juicio, que nos deja una sensaci\u00f3n de disconformidad. Por ello, evaluaremos junto a la familia todas las acciones legales que se pueden ejercer, respetando su voluntad y acompa\u00f1\u00e1ndolos en su proceso reparatario en la b\u00fasqueda de justicia\u201d, coment\u00f3 la directora del SernamEG Coquimbo, Priscilla Olivares Verasay.<\/p>\n\n\n\n<p>La Direcci\u00f3n Regional del SernamEG Coquimbo entreg\u00f3 el apoyo jur\u00eddico, actuando como querellante en la causa, relevando en todo momento la importancia de incorporar la perspectiva de g\u00e9nero en el proceso judicial, no obstante, existe disconformidad con la pena decretada en relaci\u00f3n al delito cometido.<\/p>\n\n\n\n<p>\u201cValoramos el trabajo realizado por la Unidad de Violencia de G\u00e9nero del SernamEG, pues nuestro compromiso est\u00e1 con las v\u00edctimas de violencias, independiente de quien sea su agresor, no obstante, esper\u00e1bamos una condena m\u00e1s alta en el caso de Karen, pues 14 a\u00f1os no reflejan la gravedad ni la magnitud del crimen cometido, no cumpliendo con el objetivo de garantizar una justicia reparatoria\u201d, afirm\u00f3 la directora regional del Servicio.<\/p>\n\n\n\n<p>Olivares Verasay aprovech\u00f3 de reforzar la importancia que todas las instituciones del Estado \u201cactivemos las acciones de forma articulada, pues las violencias de g\u00e9nero constituyen un delito de seguridad p\u00fablica en donde todos los actores son indispensables para prevenirlas. Adem\u00e1s, coment\u00f3 que \u201ccontinuaremos trabajando en la prevenci\u00f3n con un enfoque comunitario, fortaleciendo la conciencia y educaci\u00f3n para seguir construyendo un Chile libre de violencias, donde las mujeres puedan vivir sin miedo y con dignidad\u201d.<\/p>\n\n\n\n<p><strong>Importante<\/strong><\/p>\n\n\n\n<p>Si vives violencias o conoces a una mujer en riesgo, puedes contactarte al fono orientaci\u00f3n de SernamEG 1455 o escribe al +569 97007000 para recibir apoyo. Para denuncias, cont\u00e1ctate al 133 de Carabineros o al 134 de la PDI.<\/p>\n","protected":false},"excerpt":{"rendered":"<p>El Tribunal Oral en lo Penal de Ovalle conden\u00f3 a 14 a\u00f1os de presidio a autora del delito de parricidio en contexto de pareja l\u00e9sbica, ocurrido en el a\u00f1o 2022 Como decepcionante calific\u00f3 la directora regional del Servicio Nacional de la Mujer y la Equidad de G\u00e9nero, Priscilla Olivares Verasay, la condena a 14 a\u00f1os &#8230;<\/p>\n","protected":false},"author":2,"featured_media":11693,"comment_status":"open","ping_status":"open","sticky":false,"template":"","format":"standard","meta":{"footnotes":""},"categories":[3],"tags":[],"class_list":["post-11692","post","type-post","status-publish","format-standard","has-post-thumbnail","hentry","category-actualidad"],"_links":{"self":[{"href":"https:\/\/www.radiolimari.cl\/index.php?rest_route=\/wp\/v2\/posts\/11692","targetHints":{"allow":["GET"]}}],"collection":[{"href":"https:\/\/www.radiolimari.cl\/index.php?rest_route=\/wp\/v2\/posts"}],"about":[{"href":"https:\/\/www.radiolimari.cl\/index.php?rest_route=\/wp\/v2\/types\/post"}],"author":[{"embeddable":true,"href":"https:\/\/www.radiolimari.cl\/index.php?rest_route=\/wp\/v2\/users\/2"}],"replies":[{"embeddable":true,"href":"https:\/\/www.radiolimari.cl\/index.php?rest_route=%2Fwp%2Fv2%2Fcomments&post=11692"}],"version-history":[{"count":1,"href":"https:\/\/www.radiolimari.cl\/index.php?rest_route=\/wp\/v2\/posts\/11692\/revisions"}],"predecessor-version":[{"id":11694,"href":"https:\/\/www.radiolimari.cl\/index.php?rest_route=\/wp\/v2\/posts\/11692\/revisions\/11694"}],"wp:featuredmedia":[{"embeddable":true,"href":"https:\/\/www.radiolimari.cl\/index.php?rest_route=\/wp\/v2\/media\/11693"}],"wp:attachment":[{"href":"https:\/\/www.radiolimari.cl\/index.php?rest_route=%2Fwp%2Fv2%2Fmedia&parent=11692"}],"wp:term":[{"taxonomy":"category","embeddable":true,"href":"https:\/\/www.radiolimari.cl\/index.php?rest_route=%2Fwp%2Fv2%2Fcategories&post=11692"},{"taxonomy":"post_tag","embeddable":true,"href":"https:\/\/www.radiolimari.cl\/index.php?rest_route=%2Fwp%2Fv2%2Ftags&post=11692"}],"curies":[{"name":"wp","href":"https:\/\/api.w.org\/{rel}","templated":true}]}}