{"id":11689,"date":"2024-08-07T18:17:44","date_gmt":"2024-08-07T18:17:44","guid":{"rendered":"https:\/\/www.radiolimari.cl\/?p=11689"},"modified":"2024-08-07T18:17:44","modified_gmt":"2024-08-07T18:17:44","slug":"impulsan-tenencia-responsable-de-mascotas-en-ovalle","status":"publish","type":"post","link":"https:\/\/www.radiolimari.cl\/?p=11689","title":{"rendered":"Impulsan tenencia responsable de mascotas en Ovalle"},"content":{"rendered":"\n<figure class=\"wp-block-image size-large\"><a href=\"https:\/\/www.radiolimari.cl\/wp-content\/uploads\/2024\/08\/Tenencia-responsable-de-mascotas-2-scaled.jpg\"><img fetchpriority=\"high\" decoding=\"async\" width=\"1024\" height=\"576\" src=\"https:\/\/www.radiolimari.cl\/wp-content\/uploads\/2024\/08\/Tenencia-responsable-de-mascotas-2-1024x576.jpg\" alt=\"\" class=\"wp-image-11690\" srcset=\"https:\/\/www.radiolimari.cl\/wp-content\/uploads\/2024\/08\/Tenencia-responsable-de-mascotas-2-1024x576.jpg 1024w, https:\/\/www.radiolimari.cl\/wp-content\/uploads\/2024\/08\/Tenencia-responsable-de-mascotas-2-300x169.jpg 300w, https:\/\/www.radiolimari.cl\/wp-content\/uploads\/2024\/08\/Tenencia-responsable-de-mascotas-2-768x432.jpg 768w, https:\/\/www.radiolimari.cl\/wp-content\/uploads\/2024\/08\/Tenencia-responsable-de-mascotas-2-1536x864.jpg 1536w, https:\/\/www.radiolimari.cl\/wp-content\/uploads\/2024\/08\/Tenencia-responsable-de-mascotas-2-2048x1152.jpg 2048w\" sizes=\"(max-width: 1024px) 100vw, 1024px\" \/><\/a><\/figure>\n\n\n\n<p><strong><em>Diversas instituciones se reunieron en el municipio de Ovalle, debido a la proliferaci\u00f3n de mascotas en situaci\u00f3n de calle, mayormente caninos, que recorren los espacios p\u00fablicos. Las autoridades indicaron que aumentar\u00e1n los procesos de fiscalizaci\u00f3n y realizar\u00e1n jornadas de atenci\u00f3n veterinaria y de educaci\u00f3n ambiental.<\/em><\/strong><\/p>\n\n\n\n<p>Es un problema a nivel nacional y que, lamentablemente, Ovalle no est\u00e1 ajeno. La proliferaci\u00f3n de perros y gatos en situaci\u00f3n de calle ha ido en aumento, en el \u00faltimo tiempo, debido al mal actuar de personas inescrupulosas que botan a la calle, tanto a felinos, como caninos y que no practican una tenencia responsable. Lamentablemente, debido a estas conductas algunas personas han sido v\u00edctimas de ataques de estos animales en espacios p\u00fablicos.&nbsp; &nbsp;<\/p>\n\n\n\n<p>Producto de esto, es que diversas instituciones se reunieron, con el fin de intensificar las gestiones de fiscalizaci\u00f3n y capacitaci\u00f3n en materia de educaci\u00f3n ambiental, para que este tipo de acciones no se sigan normalizando en nuestra comunidad. La mesa de trabajo, se realiz\u00f3 en el municipio de Ovalle y cont\u00f3 con la participaci\u00f3n del alcalde Jonathan Acu\u00f1a Rojas, el fiscal jefe de Ovalle, Rodrigo G\u00f3mez y representantes de Carabineros, PDI, Juzgado de Polic\u00eda Local, el Servicio de Salud Coquimbo, la Direcci\u00f3n de Seguridad P\u00fablica e integrantes de la Unidad de Tenencia Responsable de Mascotas del municipio local.&nbsp;&nbsp;<\/p>\n\n\n\n<p>De acuerdo de la Ley 21.020 o conocida como \u201cLey Cholito\u201d, las personas que se hacen cargo de una mascota tienen que garantizar su alimentaci\u00f3n, condiciones sanitarias, especialmente la recolecci\u00f3n y eliminaci\u00f3n de fecas en espacios p\u00fablicos y de las obligaciones y sus normas como registrarla e implantarle un dispositivo electr\u00f3nico o microchip, para su identificaci\u00f3n y responder civilmente si esta mascota genera alg\u00fan da\u00f1o en la v\u00eda p\u00fablica.<\/p>\n\n\n\n<p>\u201cHemos tenido una reuni\u00f3n muy fruct\u00edfera con diversas organizaciones e instituciones sociales en materia de tenencia responsable de mascotas, debido a que es una tem\u00e1tica que nos incluye a todos, la idea es sociabilizar la ley, porque hay personas que no tienen conocimientos y no saben cu\u00e1les son sus obligaciones al tener una mascota. Es as\u00ed, como asumimos compromisos en el corto plazo, que apuntan a una mejor y mayor fiscalizaci\u00f3n, operativos de atenci\u00f3n veterinaria, pero tambi\u00e9n en c\u00f3mo inculcamos la tenencia responsable, a trav\u00e9s de campa\u00f1as educativas\u201d sostuvo el alcalde de Ovalle, Jonathan Acu\u00f1a Rojas.<\/p>\n\n\n\n<p>En este sentido, el encargado de la Oficina de Medio Ambiente, Eduardo Fuentealba destac\u00f3 que es muy importante \u201ccontar las instituciones que tienen responsabilidad en el cumplimiento de la ley de tenencia responsable, porque hay personas inescrupulosas que no se preocupan de sus animales y se provocan temas de seguridad y de salud en los espacios p\u00fablicos\u201d.<\/p>\n","protected":false},"excerpt":{"rendered":"<p>Diversas instituciones se reunieron en el municipio de Ovalle, debido a la proliferaci\u00f3n de mascotas en situaci\u00f3n de calle, mayormente caninos, que recorren los espacios p\u00fablicos. Las autoridades indicaron que aumentar\u00e1n los procesos de fiscalizaci\u00f3n y realizar\u00e1n jornadas de atenci\u00f3n veterinaria y de educaci\u00f3n ambiental. Es un problema a nivel nacional y que, lamentablemente, Ovalle &#8230;<\/p>\n","protected":false},"author":2,"featured_media":11690,"comment_status":"open","ping_status":"open","sticky":false,"template":"","format":"standard","meta":{"footnotes":""},"categories":[5],"tags":[],"class_list":["post-11689","post","type-post","status-publish","format-standard","has-post-thumbnail","hentry","category-actualidad-limarina"],"_links":{"self":[{"href":"https:\/\/www.radiolimari.cl\/index.php?rest_route=\/wp\/v2\/posts\/11689","targetHints":{"allow":["GET"]}}],"collection":[{"href":"https:\/\/www.radiolimari.cl\/index.php?rest_route=\/wp\/v2\/posts"}],"about":[{"href":"https:\/\/www.radiolimari.cl\/index.php?rest_route=\/wp\/v2\/types\/post"}],"author":[{"embeddable":true,"href":"https:\/\/www.radiolimari.cl\/index.php?rest_route=\/wp\/v2\/users\/2"}],"replies":[{"embeddable":true,"href":"https:\/\/www.radiolimari.cl\/index.php?rest_route=%2Fwp%2Fv2%2Fcomments&post=11689"}],"version-history":[{"count":1,"href":"https:\/\/www.radiolimari.cl\/index.php?rest_route=\/wp\/v2\/posts\/11689\/revisions"}],"predecessor-version":[{"id":11691,"href":"https:\/\/www.radiolimari.cl\/index.php?rest_route=\/wp\/v2\/posts\/11689\/revisions\/11691"}],"wp:featuredmedia":[{"embeddable":true,"href":"https:\/\/www.radiolimari.cl\/index.php?rest_route=\/wp\/v2\/media\/11690"}],"wp:attachment":[{"href":"https:\/\/www.radiolimari.cl\/index.php?rest_route=%2Fwp%2Fv2%2Fmedia&parent=11689"}],"wp:term":[{"taxonomy":"category","embeddable":true,"href":"https:\/\/www.radiolimari.cl\/index.php?rest_route=%2Fwp%2Fv2%2Fcategories&post=11689"},{"taxonomy":"post_tag","embeddable":true,"href":"https:\/\/www.radiolimari.cl\/index.php?rest_route=%2Fwp%2Fv2%2Ftags&post=11689"}],"curies":[{"name":"wp","href":"https:\/\/api.w.org\/{rel}","templated":true}]}}