{"id":11686,"date":"2024-08-01T19:36:18","date_gmt":"2024-08-01T19:36:18","guid":{"rendered":"https:\/\/www.radiolimari.cl\/?p=11686"},"modified":"2024-08-01T19:36:19","modified_gmt":"2024-08-01T19:36:19","slug":"rodrigo-gonzalez-rebeco-es-nombrado-seremi-de-ciencia-tecnologia-conocimiento-e-innovacion-en-la-macrozona-centro","status":"publish","type":"post","link":"https:\/\/www.radiolimari.cl\/?p=11686","title":{"rendered":"Rodrigo Gonz\u00e1lez Rebeco es nombrado Seremi de Ciencia, Tecnolog\u00eda, Conocimiento e Innovaci\u00f3n en la Macrozona Centro"},"content":{"rendered":"\n<figure class=\"wp-block-image size-large\"><a href=\"https:\/\/www.radiolimari.cl\/wp-content\/uploads\/2024\/08\/IMG-20240801-WA0002-scaled.jpg\"><img fetchpriority=\"high\" decoding=\"async\" width=\"1024\" height=\"683\" src=\"https:\/\/www.radiolimari.cl\/wp-content\/uploads\/2024\/08\/IMG-20240801-WA0002-1024x683.jpg\" alt=\"\" class=\"wp-image-11687\" srcset=\"https:\/\/www.radiolimari.cl\/wp-content\/uploads\/2024\/08\/IMG-20240801-WA0002-1024x683.jpg 1024w, https:\/\/www.radiolimari.cl\/wp-content\/uploads\/2024\/08\/IMG-20240801-WA0002-300x200.jpg 300w, https:\/\/www.radiolimari.cl\/wp-content\/uploads\/2024\/08\/IMG-20240801-WA0002-768x512.jpg 768w, https:\/\/www.radiolimari.cl\/wp-content\/uploads\/2024\/08\/IMG-20240801-WA0002-1536x1024.jpg 1536w, https:\/\/www.radiolimari.cl\/wp-content\/uploads\/2024\/08\/IMG-20240801-WA0002-2048x1366.jpg 2048w\" sizes=\"(max-width: 1024px) 100vw, 1024px\" \/><\/a><\/figure>\n\n\n\n<p>Nuevo Seremi tendr\u00e1 a su cargo las regiones de Valpara\u00edso y Coquimbo.<\/p>\n\n\n\n<p>Hoy jueves 1 de agosto asumi\u00f3 como Seremi de Ciencia, Tecnolog\u00eda, Conocimiento e Innovaci\u00f3n de las regiones de Valpara\u00edso y Coquimbo, Rodrigo Gonz\u00e1lez Rebeco.<\/p>\n\n\n\n<p>El nuevo seremi de la Macrozona Centro es Bi\u00f3logo Marino titulado de la Universidad de Valpara\u00edso, con amplia experiencia en trabajo territorial con comunidades, planes de vigilancia ambiental y l\u00edneas base. Ha desarrollado su quehacer cient\u00edfico a lo largo de toda la costa del pa\u00eds, principalmente en monitoreo ambiental en empresas regionales y nacionales.<\/p>\n\n\n\n<p>Tambi\u00e9n ha complementado su desarrollo con labores de asesor\u00eda legislativa, ambiental y territorial en el Poder Legislativo. Posee amplia experiencia en trabajo territorial y vinculaci\u00f3n con actores regionales.<\/p>\n\n\n\n<p>Recientemente, se ha desempe\u00f1ado en el trabajo de campo y la toma de muestras como especialista en muestreo senior en todo Chile, caracterizando flora, fauna, instrumentaci\u00f3n cient\u00edfica, protocolos y procedimientos de toma de muestras.<\/p>\n","protected":false},"excerpt":{"rendered":"<p>Nuevo Seremi tendr\u00e1 a su cargo las regiones de Valpara\u00edso y Coquimbo. Hoy jueves 1 de agosto asumi\u00f3 como Seremi de Ciencia, Tecnolog\u00eda, Conocimiento e Innovaci\u00f3n de las regiones de Valpara\u00edso y Coquimbo, Rodrigo Gonz\u00e1lez Rebeco. El nuevo seremi de la Macrozona Centro es Bi\u00f3logo Marino titulado de la Universidad de Valpara\u00edso, con amplia experiencia &#8230;<\/p>\n","protected":false},"author":2,"featured_media":11687,"comment_status":"open","ping_status":"open","sticky":false,"template":"","format":"standard","meta":{"footnotes":""},"categories":[3],"tags":[],"class_list":["post-11686","post","type-post","status-publish","format-standard","has-post-thumbnail","hentry","category-actualidad"],"_links":{"self":[{"href":"https:\/\/www.radiolimari.cl\/index.php?rest_route=\/wp\/v2\/posts\/11686","targetHints":{"allow":["GET"]}}],"collection":[{"href":"https:\/\/www.radiolimari.cl\/index.php?rest_route=\/wp\/v2\/posts"}],"about":[{"href":"https:\/\/www.radiolimari.cl\/index.php?rest_route=\/wp\/v2\/types\/post"}],"author":[{"embeddable":true,"href":"https:\/\/www.radiolimari.cl\/index.php?rest_route=\/wp\/v2\/users\/2"}],"replies":[{"embeddable":true,"href":"https:\/\/www.radiolimari.cl\/index.php?rest_route=%2Fwp%2Fv2%2Fcomments&post=11686"}],"version-history":[{"count":1,"href":"https:\/\/www.radiolimari.cl\/index.php?rest_route=\/wp\/v2\/posts\/11686\/revisions"}],"predecessor-version":[{"id":11688,"href":"https:\/\/www.radiolimari.cl\/index.php?rest_route=\/wp\/v2\/posts\/11686\/revisions\/11688"}],"wp:featuredmedia":[{"embeddable":true,"href":"https:\/\/www.radiolimari.cl\/index.php?rest_route=\/wp\/v2\/media\/11687"}],"wp:attachment":[{"href":"https:\/\/www.radiolimari.cl\/index.php?rest_route=%2Fwp%2Fv2%2Fmedia&parent=11686"}],"wp:term":[{"taxonomy":"category","embeddable":true,"href":"https:\/\/www.radiolimari.cl\/index.php?rest_route=%2Fwp%2Fv2%2Fcategories&post=11686"},{"taxonomy":"post_tag","embeddable":true,"href":"https:\/\/www.radiolimari.cl\/index.php?rest_route=%2Fwp%2Fv2%2Ftags&post=11686"}],"curies":[{"name":"wp","href":"https:\/\/api.w.org\/{rel}","templated":true}]}}