{"id":11680,"date":"2024-07-31T21:00:29","date_gmt":"2024-07-31T21:00:29","guid":{"rendered":"https:\/\/www.radiolimari.cl\/?p=11680"},"modified":"2024-07-31T21:00:30","modified_gmt":"2024-07-31T21:00:30","slug":"se-actualiza-alerta-temprana-preventiva-para-la-region-de-coquimbo-por-evento-meteorologico","status":"publish","type":"post","link":"https:\/\/www.radiolimari.cl\/?p=11680","title":{"rendered":"Se actualiza Alerta Temprana Preventiva para la Regi\u00f3n de Coquimbo por evento meteorol\u00f3gico."},"content":{"rendered":"\n<figure class=\"wp-block-image size-large\"><a href=\"https:\/\/www.radiolimari.cl\/wp-content\/uploads\/2024\/07\/20240607_224556.jpg\"><img fetchpriority=\"high\" decoding=\"async\" width=\"1024\" height=\"576\" src=\"https:\/\/www.radiolimari.cl\/wp-content\/uploads\/2024\/07\/20240607_224556-1024x576.jpg\" alt=\"\" class=\"wp-image-11681\" srcset=\"https:\/\/www.radiolimari.cl\/wp-content\/uploads\/2024\/07\/20240607_224556-1024x576.jpg 1024w, https:\/\/www.radiolimari.cl\/wp-content\/uploads\/2024\/07\/20240607_224556-300x169.jpg 300w, https:\/\/www.radiolimari.cl\/wp-content\/uploads\/2024\/07\/20240607_224556-768x432.jpg 768w, https:\/\/www.radiolimari.cl\/wp-content\/uploads\/2024\/07\/20240607_224556-1536x864.jpg 1536w, https:\/\/www.radiolimari.cl\/wp-content\/uploads\/2024\/07\/20240607_224556-2048x1152.jpg 2048w\" sizes=\"(max-width: 1024px) 100vw, 1024px\" \/><\/a><\/figure>\n\n\n\n<p><strong>De acuerdo con la informaci\u00f3n proporcionada por la Direcci\u00f3n Meteorol\u00f3gica de Chile (DMC)<\/strong>&nbsp;se encuentran vigentes los siguientes&nbsp;<strong>alertamientos meteorol\u00f3gicos<\/strong>&nbsp;para la Regi\u00f3n de Coquimbo:<\/p>\n\n\n\n<figure class=\"wp-block-table\"><table class=\"has-fixed-layout\"><tbody><tr><td><strong>Alertamientos<\/strong><\/td><td><strong>Pron\u00f3stico<\/strong><\/td><td><strong>Inicio<\/strong><\/td><td><strong>Fin<\/strong><\/td><\/tr><tr><td>Alerta AA64<\/td><td>Viento moderado a fuerte en el sector cordillerano (entre 60 y 80 con rachas de 90 km\/h).<\/td><td>31-07<\/td><td>02-08<\/td><\/tr><tr><td>Aviso 284-1<\/td><td>Viento normal a moderado en litoral, cordillera de la costa y cordillera.<\/td><td>31-07<\/td><td>02-08<\/td><\/tr><tr><td>Aviso A287-1<\/td><td>Precipitaciones normales a moderadas en corto periodo de tiempo.<\/td><td>02-08<\/td><td>02-08<\/td><\/tr><\/tbody><\/table><\/figure>\n\n\n\n<p>Adicionalmente, seg\u00fan lo indicado en el&nbsp;<strong>Informe de Amenaza Meteorol\u00f3gica y Pron\u00f3stico Especial<\/strong>, emitidos durante la jornada de hoy, se esperan los siguientes montos de precipitaci\u00f3n (mm) y viento (km\/h) en la regi\u00f3n:<\/p>\n\n\n\n<figure class=\"wp-block-table\"><table class=\"has-fixed-layout\"><tbody><tr><td rowspan=\"2\"><strong>Zona<\/strong><\/td><td colspan=\"2\"><strong>Mi\u00e9rcoles 31<\/strong><\/td><td colspan=\"2\"><strong>Jueves 01<\/strong><\/td><td colspan=\"2\"><strong>Viernes 02<\/strong><\/td><\/tr><tr><td><strong>Precipitaciones<\/strong><\/td><td><strong>Viento<\/strong><\/td><td><strong>Precipitaciones<\/strong><\/td><td><strong>Viento<\/strong><\/td><td><strong>Precipitaciones<\/strong><\/td><td><strong>Viento<\/strong><\/td><\/tr><tr><td>Litoral (tramo norte)<\/td><td>&#8211;<\/td><td>10 \u2013 30<\/td><td>10 \u2013 15<\/td><td>40 \u2013 60(rachas 70)<\/td><td>15 \u2013 24<\/td><td>40 \u2013 60(rachas 70)<\/td><\/tr><tr><td>Litoral (tramo sur)<\/td><td>&#8211;<\/td><td>25 \u2013 40<\/td><td>10 \u2013 15<\/td><td>40 \u2013 60(rachas 70)<\/td><td>15 \u2013 24<\/td><td>40 \u2013 60(rachas 70)<\/td><\/tr><tr><td>Cordillera de la costa<\/td><td>&#8211;<\/td><td>&#8211;<\/td><td>10 \u2013 19<\/td><td>25 \u2013 40(rachas 50)<\/td><td>15 \u2013 29<\/td><td>25 \u2013 40(rachas 50)<\/td><\/tr><tr><td>Precordillera y valles Precordilleranos<\/td><td>&#8211;<\/td><td>&#8211;<\/td><td>10 \u2013 20<\/td><td>&#8211;<\/td><td>25 \u2013 34<\/td><td>&#8211;<\/td><\/tr><tr><td>Cordillera<\/td><td>&#8211;<\/td><td>60 \u2013 80(rachas 90)<\/td><td>10 \u2013 20 cm<\/td><td>60 \u2013 80(rachas 100)<\/td><td>30 \u2013 39 cm<\/td><td>60 \u2013 80(rachas 90)<\/td><\/tr><\/tbody><\/table><\/figure>\n\n\n\n<p><a>El inicio de las precipitaciones, se esperan a partir de la noche del jueves 01, finalizando entre la ma\u00f1ana y tarde del s\u00e1bado 03 de agosto. Del mismo modo, en relaci\u00f3n con los montos m\u00e1ximos de precipitaci\u00f3n esperados para los tramos al norte y sur de Combarbal\u00e1, se prev\u00e9 que ocurran en un corto periodo de tiempo (entre 6 y 12 horas), conforme al siguiente detalle:<\/a><\/p>\n\n\n\n<figure class=\"wp-block-table\"><table class=\"has-fixed-layout\"><tbody><tr><td><strong>Tramo<\/strong><\/td><td><strong>Precipitaciones (mm)<\/strong><\/td><td><strong>Ocurrencia<\/strong><\/td><\/tr><tr><td>Al sur de Combarbal\u00e1<\/td><td>30 \u2013 40<\/td><td>Entre la madrugada y ma\u00f1ana del viernes 02<\/td><\/tr><tr><td>Al norte de Combarbal\u00e1<\/td><td>25 \u2013 30<\/td><td>Entre la ma\u00f1ana y tarde del viernes 02<\/td><\/tr><\/tbody><\/table><\/figure>\n\n\n\n<p>Adicionalmente,&nbsp;el&nbsp;<strong>Servicio Nacional de Geolog\u00eda y Miner\u00eda&nbsp;<\/strong>(SERNAGEOMIN)&nbsp;a trav\u00e9s de su<strong>&nbsp;Minuta T\u00e9cnica por Peligro de Remociones en Masa<\/strong>, indica que la posibilidad de ocurrencia de remociones en masa es&nbsp;<strong>moderada&nbsp;<\/strong>en el litoral, cordillera de la costa y cordillera; y&nbsp;<strong>alta<\/strong>&nbsp;en valles precordilleranos y precordillera de la regi\u00f3n.<\/p>\n\n\n\n<p>Por otra parte,&nbsp;el&nbsp;<strong>Servicio Meteorol\u00f3gico de la Armada de Chile<\/strong>, mediante su Aviso N\u00b0 26\/2024 prev\u00e9 el desarrollo de&nbsp;<strong>marejadas anormales<\/strong>, entre el mi\u00e9rcoles 31 de julio hasta el viernes 02 de agosto en las costas de la Regi\u00f3n de Coquimbo.<\/p>\n\n\n\n<p>En consideraci\u00f3n a estos antecedentes t\u00e9cnicos y en coordinaci\u00f3n con la Delegaci\u00f3n Presidencial Regional de Coquimbo, la Direcci\u00f3n Regional del SENAPRED&nbsp;<strong>actualiza la Alerta Temprana Preventiva Regional por evento meteorol\u00f3gico<\/strong>, que se mantiene vigente desde el 29 de julio de 2024 y hasta que las condiciones meteorol\u00f3gicas as\u00ed lo ameriten.<\/p>\n\n\n\n<p>La actualizaci\u00f3n de esta alerta se constituye como un estado de reforzamiento de la vigilancia, mediante el monitoreo preciso y riguroso de las condiciones de riesgo y las respectivas vulnerabilidades asociadas a la amenaza, coordinando y activando al Sistema Nacional de Prevenci\u00f3n y Respuesta ante Desastres con el fin de actuar oportunamente frente a eventuales situaciones de emergencia.<\/p>\n","protected":false},"excerpt":{"rendered":"<p>De acuerdo con la informaci\u00f3n proporcionada por la Direcci\u00f3n Meteorol\u00f3gica de Chile (DMC)&nbsp;se encuentran vigentes los siguientes&nbsp;alertamientos meteorol\u00f3gicos&nbsp;para la Regi\u00f3n de Coquimbo: Alertamientos Pron\u00f3stico Inicio Fin Alerta AA64 Viento moderado a fuerte en el sector cordillerano (entre 60 y 80 con rachas de 90 km\/h). 31-07 02-08 Aviso 284-1 Viento normal a moderado en litoral, &#8230;<\/p>\n","protected":false},"author":2,"featured_media":11681,"comment_status":"open","ping_status":"open","sticky":false,"template":"","format":"standard","meta":{"footnotes":""},"categories":[3],"tags":[],"class_list":["post-11680","post","type-post","status-publish","format-standard","has-post-thumbnail","hentry","category-actualidad"],"_links":{"self":[{"href":"https:\/\/www.radiolimari.cl\/index.php?rest_route=\/wp\/v2\/posts\/11680","targetHints":{"allow":["GET"]}}],"collection":[{"href":"https:\/\/www.radiolimari.cl\/index.php?rest_route=\/wp\/v2\/posts"}],"about":[{"href":"https:\/\/www.radiolimari.cl\/index.php?rest_route=\/wp\/v2\/types\/post"}],"author":[{"embeddable":true,"href":"https:\/\/www.radiolimari.cl\/index.php?rest_route=\/wp\/v2\/users\/2"}],"replies":[{"embeddable":true,"href":"https:\/\/www.radiolimari.cl\/index.php?rest_route=%2Fwp%2Fv2%2Fcomments&post=11680"}],"version-history":[{"count":1,"href":"https:\/\/www.radiolimari.cl\/index.php?rest_route=\/wp\/v2\/posts\/11680\/revisions"}],"predecessor-version":[{"id":11682,"href":"https:\/\/www.radiolimari.cl\/index.php?rest_route=\/wp\/v2\/posts\/11680\/revisions\/11682"}],"wp:featuredmedia":[{"embeddable":true,"href":"https:\/\/www.radiolimari.cl\/index.php?rest_route=\/wp\/v2\/media\/11681"}],"wp:attachment":[{"href":"https:\/\/www.radiolimari.cl\/index.php?rest_route=%2Fwp%2Fv2%2Fmedia&parent=11680"}],"wp:term":[{"taxonomy":"category","embeddable":true,"href":"https:\/\/www.radiolimari.cl\/index.php?rest_route=%2Fwp%2Fv2%2Fcategories&post=11680"},{"taxonomy":"post_tag","embeddable":true,"href":"https:\/\/www.radiolimari.cl\/index.php?rest_route=%2Fwp%2Fv2%2Ftags&post=11680"}],"curies":[{"name":"wp","href":"https:\/\/api.w.org\/{rel}","templated":true}]}}