{"id":11671,"date":"2024-07-31T14:06:14","date_gmt":"2024-07-31T14:06:14","guid":{"rendered":"https:\/\/www.radiolimari.cl\/?p=11671"},"modified":"2024-07-31T14:06:15","modified_gmt":"2024-07-31T14:06:15","slug":"en-canela-provincia-de-choapa-se-realizo-positiva-feria-de-servicios-con-alta-cifra-de-atenciones","status":"publish","type":"post","link":"https:\/\/www.radiolimari.cl\/?p=11671","title":{"rendered":"En Canela, Provincia de Choapa, se realiz\u00f3 positiva Feria de servicios con alta cifra de atenciones."},"content":{"rendered":"\n<figure class=\"wp-block-image size-full\"><a href=\"https:\/\/www.radiolimari.cl\/wp-content\/uploads\/2024\/07\/20240730_113038.jpg\"><img fetchpriority=\"high\" decoding=\"async\" width=\"700\" height=\"525\" src=\"https:\/\/www.radiolimari.cl\/wp-content\/uploads\/2024\/07\/20240730_113038.jpg\" alt=\"\" class=\"wp-image-11672\" srcset=\"https:\/\/www.radiolimari.cl\/wp-content\/uploads\/2024\/07\/20240730_113038.jpg 700w, https:\/\/www.radiolimari.cl\/wp-content\/uploads\/2024\/07\/20240730_113038-300x225.jpg 300w\" sizes=\"(max-width: 700px) 100vw, 700px\" \/><\/a><\/figure>\n\n\n\n<p><strong><em>Al igual que la actividad efectuada en Salamanca, la comuna m\u00e1s al norte de Choapa visit\u00f3 la jornada efectuada a un costado de plaza de armas, totalizando m\u00e1s de doscientas treinta atenciones, entre el programa \u201cMovilizaDOS\u201d y Gobierno en Terreno<\/em><\/strong><strong><em><\/em><\/strong><\/p>\n\n\n\n<p>Con una cifra record de atenciones en lo que va de la temporada 2024, se despidi\u00f3 de la zona sur de la regi\u00f3n de Coquimbo, la Feria de los Servicios de la SEGPRESS, actividad enmarcada en el programa \u201cGobierno en Terreno\u201d de la Delegaci\u00f3n Presidencial Provincial de Choapa, en conjunto con la Secretar\u00eda General de la Presidencia, cuya finalidad fue ofrecer los servicios del programa \u201cMovilizaDOS\u201d m\u00e1s las atenciones que, generalmente, se realizan en las distintas plazas ciudadanas.<\/p>\n\n\n\n<p>El \u201cMovilizaDOS\u201d es parte de una de las ofertas program\u00e1ticas que desarrolla la Divisi\u00f3n de Organizaciones Sociales del Ministerio Secretar\u00eda General de Gobierno para acercar los servicios del Estado a las vecinos y vecinos de las distintas comunas del pa\u00eds. En esta oportunidad se est\u00e1 desarrollando la Gira por la regi\u00f3n de Coquimbo, marcando presencia en las comunas de Salamanca, Canela y posteriormente, se trasladar\u00e1 a Combarbal\u00e1.<\/p>\n\n\n\n<p>Luego de finalizada la actividad, Natalia Zambra, vecina del sector de Canela alta, visit\u00f3 la jornada, efectuando una positiva evaluaci\u00f3n <strong><em>\u201cS\u00faper genial, ya que al final anos ayuda a todos, nos acerca los servicios y no tenemos que ir a otros lados a realizar estos tr\u00e1mites, incluso, podemos ayudar a nuestros familiares para que ellos puedan realizar estos tr\u00e1mites,&nbsp; yo justo venia hacia el centro de la comuna y pude realizar y consultar distintas cosas ya aproveche de efectuar lo que necesitaba\u201d<\/em><\/strong><strong><em><\/em><\/strong><\/p>\n\n\n\n<p>En tanto el facultativo internista estudiante de la Universidad de Santiago, Jorge Toro, quien actualmente realiza su pr\u00e1ctica profesional en el CESFAM de Canela, explic\u00f3 sus alcances sobre esta jornada <strong><em>\u201cEs espectacular la medida del Gobierno en Terreno, principalmente las charlas sobre educaci\u00f3n de forma transversal, tanto de identidad de g\u00e9nero como de salud sexual y reproductiva, es genial que lleguen a zonas tan apartadas como lo es Canela, que si bien, est\u00e1 a tres horas de la Santiago, est\u00e1 bastante desconectada de la gran ciudad, por el tema de locomoci\u00f3n, y que incluso, en esta zona no tenga una farmacia, ya sea de cadena o de pueblo, donde por lo menos, ir a comprar un preservativo\u201d<\/em><\/strong><strong><em><\/em><\/strong><\/p>\n\n\n\n<p>Mientras que Am\u00e9rica L\u00f3pez, Funcionaria de la Secretar\u00eda General de Gobierno perteneciente a la divisi\u00f3n de organizaciones sociales, explic\u00f3 los alcances de esta jornada y su principal objetivo <strong><em>\u201cEntregar primero que todo, las pol\u00edticas p\u00fablicas hoy d\u00eda vigentes, como cuarenta horas laborales, ley parental, estado presente, quienes somos nosotros como divisi\u00f3n de organizaciones sociales, adem\u00e1s mostramos una campa\u00f1a que nos entrega el MINSAL, en que abordamos temas que tienen que ver con enfermedades de trasmisi\u00f3n sexual, con las ITS, autotests de VIH, condones de pene y condones vaginales, gel lubricante y esta campa\u00f1a est\u00e1 empe\u00f1ada en promover con m\u00e1s simpleza a la comunidad, con un lenguaje m\u00e1s directo, con la finalidad de que ellos que parte genital es tan importante como la cabeza y los pies\u201d<\/em><\/strong><strong><em><\/em><\/strong><\/p>\n\n\n\n<p>Por su parte, la Delegada Presidencial Provincial de Choapa, Nataly Carvajal se\u00f1al\u00f3 que la sensaci\u00f3n que queda despu\u00e9s de efectuada esta actividad es de satisfacci\u00f3n <strong><em>\u201cEfectivamente con ciento setenta y dos atenciones en Salamanca y un n\u00famero casi similar ac\u00e1 en Canela, sabemos que vamos por la senda que corresponde, estamos trabajando fortalecidamente para llegar a todos los rincones de nuestra provincia porque el estado debe estar al servicio de las personas y debemos llegar donde antes no se pudo, por lo tanto, estamos muy contentos con este balance y estos nos da la fuerza para seguir trabajando en Gobierno en Terreno, con plazas ciudadanas y tambi\u00e9n con di\u00e1logos ciudadanos\u201d<\/em><\/strong><strong><em><\/em><\/strong><\/p>\n\n\n\n<p>Paralelamente junto a Movilizados, se desarroll\u00f3 una Escuela de Formaci\u00f3n Social con dirigentes y dirigentas sociales de Canela, instancia en que se abordaron los m\u00f3dulos de: Planificaci\u00f3n Comunitaria y Herramientas de diagn\u00f3stico social y territorial. A trav\u00e9s de estos encuentros se busca que las dirigencias cuenten con las herramientas necesarias para su empoderamiento y contribuyan a seguir aportando al desarrollo del tejido social y al progreso de los territorios.<\/p>\n","protected":false},"excerpt":{"rendered":"<p>Al igual que la actividad efectuada en Salamanca, la comuna m\u00e1s al norte de Choapa visit\u00f3 la jornada efectuada a un costado de plaza de armas, totalizando m\u00e1s de doscientas treinta atenciones, entre el programa \u201cMovilizaDOS\u201d y Gobierno en Terreno Con una cifra record de atenciones en lo que va de la temporada 2024, se &#8230;<\/p>\n","protected":false},"author":2,"featured_media":11672,"comment_status":"open","ping_status":"open","sticky":false,"template":"","format":"standard","meta":{"footnotes":""},"categories":[6],"tags":[],"class_list":["post-11671","post","type-post","status-publish","format-standard","has-post-thumbnail","hentry","category-regionales"],"_links":{"self":[{"href":"https:\/\/www.radiolimari.cl\/index.php?rest_route=\/wp\/v2\/posts\/11671","targetHints":{"allow":["GET"]}}],"collection":[{"href":"https:\/\/www.radiolimari.cl\/index.php?rest_route=\/wp\/v2\/posts"}],"about":[{"href":"https:\/\/www.radiolimari.cl\/index.php?rest_route=\/wp\/v2\/types\/post"}],"author":[{"embeddable":true,"href":"https:\/\/www.radiolimari.cl\/index.php?rest_route=\/wp\/v2\/users\/2"}],"replies":[{"embeddable":true,"href":"https:\/\/www.radiolimari.cl\/index.php?rest_route=%2Fwp%2Fv2%2Fcomments&post=11671"}],"version-history":[{"count":1,"href":"https:\/\/www.radiolimari.cl\/index.php?rest_route=\/wp\/v2\/posts\/11671\/revisions"}],"predecessor-version":[{"id":11673,"href":"https:\/\/www.radiolimari.cl\/index.php?rest_route=\/wp\/v2\/posts\/11671\/revisions\/11673"}],"wp:featuredmedia":[{"embeddable":true,"href":"https:\/\/www.radiolimari.cl\/index.php?rest_route=\/wp\/v2\/media\/11672"}],"wp:attachment":[{"href":"https:\/\/www.radiolimari.cl\/index.php?rest_route=%2Fwp%2Fv2%2Fmedia&parent=11671"}],"wp:term":[{"taxonomy":"category","embeddable":true,"href":"https:\/\/www.radiolimari.cl\/index.php?rest_route=%2Fwp%2Fv2%2Fcategories&post=11671"},{"taxonomy":"post_tag","embeddable":true,"href":"https:\/\/www.radiolimari.cl\/index.php?rest_route=%2Fwp%2Fv2%2Ftags&post=11671"}],"curies":[{"name":"wp","href":"https:\/\/api.w.org\/{rel}","templated":true}]}}