{"id":11668,"date":"2024-07-31T13:29:18","date_gmt":"2024-07-31T13:29:18","guid":{"rendered":"https:\/\/www.radiolimari.cl\/?p=11668"},"modified":"2024-07-31T13:29:19","modified_gmt":"2024-07-31T13:29:19","slug":"en-salamanca-se-construira-un-centro-integral-para-adultos-mayores","status":"publish","type":"post","link":"https:\/\/www.radiolimari.cl\/?p=11668","title":{"rendered":"En Salamanca se construir\u00e1 un Centro Integral para Adultos Mayores."},"content":{"rendered":"\n<figure class=\"wp-block-image size-large\"><a href=\"https:\/\/www.radiolimari.cl\/wp-content\/uploads\/2024\/07\/Votacion-Centro-Integral-Adulto-Mayor-Salamanca-2-scaled.jpeg\"><img fetchpriority=\"high\" decoding=\"async\" width=\"1024\" height=\"768\" src=\"https:\/\/www.radiolimari.cl\/wp-content\/uploads\/2024\/07\/Votacion-Centro-Integral-Adulto-Mayor-Salamanca-2-1024x768.jpeg\" alt=\"\" class=\"wp-image-11669\" srcset=\"https:\/\/www.radiolimari.cl\/wp-content\/uploads\/2024\/07\/Votacion-Centro-Integral-Adulto-Mayor-Salamanca-2-1024x768.jpeg 1024w, https:\/\/www.radiolimari.cl\/wp-content\/uploads\/2024\/07\/Votacion-Centro-Integral-Adulto-Mayor-Salamanca-2-300x225.jpeg 300w, https:\/\/www.radiolimari.cl\/wp-content\/uploads\/2024\/07\/Votacion-Centro-Integral-Adulto-Mayor-Salamanca-2-768x576.jpeg 768w, https:\/\/www.radiolimari.cl\/wp-content\/uploads\/2024\/07\/Votacion-Centro-Integral-Adulto-Mayor-Salamanca-2-1536x1152.jpeg 1536w, https:\/\/www.radiolimari.cl\/wp-content\/uploads\/2024\/07\/Votacion-Centro-Integral-Adulto-Mayor-Salamanca-2-2048x1536.jpeg 2048w\" sizes=\"(max-width: 1024px) 100vw, 1024px\" \/><\/a><\/figure>\n\n\n\n<p>Grandes noticias para Salamanca. Este lunes 29 de julio, los integrantes del Consejo Regional (CORE) aprobaron una innovadora iniciativa presentada por la Municipalidad de Salamanca. Se trata de la aprobaci\u00f3n de recursos para la construcci\u00f3n de un Centro Integral para Adultos Mayores que espera beneficiar a m\u00e1s de 5.000 personas de la tercera edad.<\/p>\n\n\n\n<p>El Centro Integral para Adultos Mayores, uno de los primeros en la Regi\u00f3n de Coquimbo,&nbsp;ser\u00e1 una instalaci\u00f3n moderna y multifuncional destinada a proporcionar una amplia gama de servicios y actividades dise\u00f1adas para atender las necesidades espec\u00edficas de los adultos mayores de Salamanca, en donde servicios como piscina temperada, biblioteca, sala de talleres, cafeter\u00eda, gimnasio y otras instalaciones, estar\u00e1n a disposici\u00f3n de la poblaci\u00f3n adulto mayor de Salamanca; todo absolutamente gratis.<\/p>\n\n\n\n<p>El centro, ubicado pr\u00f3ximamente en calle Matilde Salamanca con Ram\u00f3n Freire, fue aprobado por el CORE con una inversi\u00f3n cercana a los $8.000 millones de pesos, esperando que su construcci\u00f3n comience en diciembre de este a\u00f1o.<\/p>\n\n\n\n<p>\u201cEl monto de la inversi\u00f3n refleja la importancia del proyecto. Estamos hablando de casi 8.000 millones de pesos que se van a la Provincia del Choapa y que va a significar literalmente un ante y un despu\u00e9s en la comuna de Salamanca respecto a los adultos mayores\u201d , manifest\u00f3 el Alcalde de Salamanca, Gerardo Rojas Escudero, agregando que este Centro entregar\u00e1 dignidad a los vecinos y vecinas de Salamanca, en donde adem\u00e1s la construcci\u00f3n significar\u00e1 un nuevo aire de seguridad para el sector en donde se emplazar\u00e1.<\/p>\n\n\n\n<p>Desde el Gobierno Regional, Wladimir Pleticosic, Gobernador (s), destac\u00f3 el la entrega de estos recursos son importantes para una comuna tan estrat\u00e9gica como lo es Salamanca, agregando que \u201ctenemos que dinamizar la econom\u00eda local de nuestras comunas y por supuesto esta inyecci\u00f3n importante de dinero tambi\u00e9n va en esa direcci\u00f3n.\u201d<\/p>\n\n\n\n<p>Javier Vega, Consejero Regional que vot\u00f3 a favor del proyecto, se\u00f1al\u00f3 que es muy necesario enfocarse en iniciativas para adultos mayores en donde necesitan tener respuestas de la pol\u00edtica p\u00fablica tal como lo ha realizado en esta ocasi\u00f3n la Municipalidad de Salamanca y el Consejo Regional.<\/p>\n\n\n\n<p>Para algunos adultos mayores de la comuna este proyecto significa \u201cuna alegr\u00eda tremenda porque ah\u00ed lograremos reunirlo cada vez que lo necesitemos.\u201d<\/p>\n\n\n\n<p>Seg\u00fan el Censo 2017, en Salamanca hay 5.167 personas de la tercera edad,&nbsp; 2.542 hombres y 2.625 mujeres. Una cifra que aument\u00f3 seg\u00fan las comparaciones que demuestra el Censo del a\u00f1o 2002, en donde se registraron en ese entonces en total 3.102 adultos mayores.<\/p>\n","protected":false},"excerpt":{"rendered":"<p>Grandes noticias para Salamanca. Este lunes 29 de julio, los integrantes del Consejo Regional (CORE) aprobaron una innovadora iniciativa presentada por la Municipalidad de Salamanca. Se trata de la aprobaci\u00f3n de recursos para la construcci\u00f3n de un Centro Integral para Adultos Mayores que espera beneficiar a m\u00e1s de 5.000 personas de la tercera edad. El &#8230;<\/p>\n","protected":false},"author":2,"featured_media":11669,"comment_status":"open","ping_status":"open","sticky":false,"template":"","format":"standard","meta":{"footnotes":""},"categories":[6],"tags":[],"class_list":["post-11668","post","type-post","status-publish","format-standard","has-post-thumbnail","hentry","category-regionales"],"_links":{"self":[{"href":"https:\/\/www.radiolimari.cl\/index.php?rest_route=\/wp\/v2\/posts\/11668","targetHints":{"allow":["GET"]}}],"collection":[{"href":"https:\/\/www.radiolimari.cl\/index.php?rest_route=\/wp\/v2\/posts"}],"about":[{"href":"https:\/\/www.radiolimari.cl\/index.php?rest_route=\/wp\/v2\/types\/post"}],"author":[{"embeddable":true,"href":"https:\/\/www.radiolimari.cl\/index.php?rest_route=\/wp\/v2\/users\/2"}],"replies":[{"embeddable":true,"href":"https:\/\/www.radiolimari.cl\/index.php?rest_route=%2Fwp%2Fv2%2Fcomments&post=11668"}],"version-history":[{"count":1,"href":"https:\/\/www.radiolimari.cl\/index.php?rest_route=\/wp\/v2\/posts\/11668\/revisions"}],"predecessor-version":[{"id":11670,"href":"https:\/\/www.radiolimari.cl\/index.php?rest_route=\/wp\/v2\/posts\/11668\/revisions\/11670"}],"wp:featuredmedia":[{"embeddable":true,"href":"https:\/\/www.radiolimari.cl\/index.php?rest_route=\/wp\/v2\/media\/11669"}],"wp:attachment":[{"href":"https:\/\/www.radiolimari.cl\/index.php?rest_route=%2Fwp%2Fv2%2Fmedia&parent=11668"}],"wp:term":[{"taxonomy":"category","embeddable":true,"href":"https:\/\/www.radiolimari.cl\/index.php?rest_route=%2Fwp%2Fv2%2Fcategories&post=11668"},{"taxonomy":"post_tag","embeddable":true,"href":"https:\/\/www.radiolimari.cl\/index.php?rest_route=%2Fwp%2Fv2%2Ftags&post=11668"}],"curies":[{"name":"wp","href":"https:\/\/api.w.org\/{rel}","templated":true}]}}