{"id":11642,"date":"2024-07-29T21:02:31","date_gmt":"2024-07-29T21:02:31","guid":{"rendered":"https:\/\/www.radiolimari.cl\/?p=11642"},"modified":"2024-07-29T21:02:32","modified_gmt":"2024-07-29T21:02:32","slug":"casi-media-tonelada-de-droga-fuera-de-circulacion-tras-exitoso-operativo-de-carabineros-en-la-region-de-coquimbo","status":"publish","type":"post","link":"https:\/\/www.radiolimari.cl\/?p=11642","title":{"rendered":"Casi media tonelada de droga fuera de circulaci\u00f3n tras exitoso operativo de Carabineros en la regi\u00f3n de Coquimbo."},"content":{"rendered":"\n<figure class=\"wp-block-image size-full\"><a href=\"https:\/\/www.radiolimari.cl\/wp-content\/uploads\/2024\/07\/DECOMISO-DROGAS-img_2907-1.jpg\"><img fetchpriority=\"high\" decoding=\"async\" width=\"1024\" height=\"683\" src=\"https:\/\/www.radiolimari.cl\/wp-content\/uploads\/2024\/07\/DECOMISO-DROGAS-img_2907-1.jpg\" alt=\"\" class=\"wp-image-11643\" srcset=\"https:\/\/www.radiolimari.cl\/wp-content\/uploads\/2024\/07\/DECOMISO-DROGAS-img_2907-1.jpg 1024w, https:\/\/www.radiolimari.cl\/wp-content\/uploads\/2024\/07\/DECOMISO-DROGAS-img_2907-1-300x200.jpg 300w, https:\/\/www.radiolimari.cl\/wp-content\/uploads\/2024\/07\/DECOMISO-DROGAS-img_2907-1-768x512.jpg 768w\" sizes=\"(max-width: 1024px) 100vw, 1024px\" \/><\/a><\/figure>\n\n\n\n<p><strong><em>Estrategia de fiscalizaci\u00f3n en terreno y despliegue de los carabineros especializados antidrogas fueron clave para el multimillonario decomiso que comenz\u00f3 en Los Vilos y concluy\u00f3 en Coquimbo.<\/em><\/strong><\/p>\n\n\n\n<p>Lo que comenz\u00f3 como una fiscalizaci\u00f3n rutinaria en terreno, termin\u00f3 convirti\u00e9ndose en el decomiso m\u00e1s alto de droga procesada en la historia de Carabineros en la regi\u00f3n de Coquimbo.<\/p>\n\n\n\n<p>El operativo, que estuvo a cargo del recientemente inaugurado OS7 Limar\u00ed de la polic\u00eda uniformada, se extendi\u00f3 por m\u00e1s de diez horas y consider\u00f3 un importante despliegue interprovincial, que se gener\u00f3 en Choapa pero concluy\u00f3 en Elqui, con una orden de entrada y registro emanada del Juzgado de Garant\u00eda de Los Vilos tras la solicitud del Ministerio P\u00fablico.<\/p>\n\n\n\n<p>Como resultado, un hombre detenido por tr\u00e1fico de drogas y orden vigente y casi media tonelada de droga fuera de circulaci\u00f3n, entre marihuana, coca\u00edna y pasta base.<\/p>\n\n\n\n<p><strong>\u00abA trav\u00e9s de un cuidado trabajo en terreno y un despliegue profesional y fortalecido a trav\u00e9s de distintos controles carreteros, estamos haciendo historia en el combate contra el narcotr\u00e1fico en la regi\u00f3n de Coquimbo. Estamos hablando de casi 30 kilos de coca\u00edna, m\u00e1s de 415 kilos de marihuana procesada y diez kilos de pasta base, cuya comercializaci\u00f3n fue intervenida por nuestros carabineros, entregando una se\u00f1al potente a la comunidad de nuestro compromiso diario por contribuir a la erradicaci\u00f3n de la droga en todo el pa\u00eds\u00bb<\/strong>, indic\u00f3 el Jefe de la Zona de Carabineros Coquimbo, General Juan Mu\u00f1oz.<\/p>\n\n\n\n<p>La droga, que fue detectada durante un control vehicular realizado por los carabineros de Los Vilos apoyados con Frengie, uno de los perros antidrogas del OS7, era transportada por FJCP en un veh\u00edculo que se trasladaba hacia la zona centro sur del pa\u00eds, y estaba distribuida en 23 sacos contenedores.<\/p>\n\n\n\n<p>M\u00e1s all\u00e1 del procedimiento, desde el gobierno destacaron la efectividad de la estrategia operativa de Carabineros, basada en el fortalecimiento de los controles carreteros que, solo durante la \u00faltima semana, han originado m\u00e1s de cinco importantes decomisos.<\/p>\n\n\n\n<p><strong>\u00abQuiero destacar el trabajo que realiza Carabineros de Chile, en conjunto con el Ministerio P\u00fablico, que nos ha permitido tener un decomiso de esta importancia. Para el Presidente Gabriel Boric es fundamental la seguridad, nos ha pedido que en las regiones sea nuestro principal motivo de trabajo y preocupaci\u00f3n y, adicionalmente, recalcar que esto es parte de una estrategia que estamos desarrollando en el Consejo contra el Crimen Organizado, donde hemos tomado distintas decisiones y definiciones que se est\u00e1n materializando en los resultados\u00bb<\/strong>, se\u00f1al\u00f3 el Delegado Presidencial Regional, Galo Luna Penna.<\/p>\n\n\n\n<p><strong>\u00abQuiero volver a insistir en que una de las principales decisiones que tomamos aqu\u00ed fue crear la oficina del OS7 para Limari y Choapa, que ha dado muchos resultados. Como en este procedimiento de control carretero, algo que planificamos de manera estrat\u00e9gica y que vemos que nos da un beneficio para la poblaci\u00f3n, primero, en que retiramos esta droga de circulaci\u00f3n con todo el da\u00f1o conexo que genera y segundo, porque estamos haciendo un da\u00f1o al patrimonio, esto est\u00e1 valorizado en casi 4.000 millones de pesos que impacta directamente en este tipo de organizaciones criminales\u00bb, <\/strong>agreg\u00f3 la autoridad.<\/p>\n\n\n\n<p>Por otra parte, este domingo se llev\u00f3 a cabo el control de detenci\u00f3n del individuo detenido durante el procedimiento, un chileno de 33 a\u00f1os, quien ya mantiene antecedentes por infracci\u00f3n a la Ley de Drogas y que adem\u00e1s ten\u00eda una orden de detenci\u00f3n vigente del Juzgado de Garant\u00eda de Vallenar por el delito de receptaci\u00f3n. Al respecto, el fiscal regional, Patricio Cooper, explic\u00f3 que <strong>\u00abfue formalizada la investigaci\u00f3n en el Juzgado de Garant\u00eda de los Vilos por autor de tr\u00e1fico de drogas, art\u00edculo 3, ley 20.000. Qued\u00f3 en prisi\u00f3n preventiva y se dieron 120 d\u00edas de plazo de investigaci\u00f3n. Se trata de un imputado chileno de 33 a\u00f1os con condenas previas por delitos de receptaci\u00f3n y robo con violencia e intimidaci\u00f3n y lesiones graves. Para eso tenemos los 120 d\u00edas de investigaci\u00f3n. Lo m\u00e1s importante, se incaut\u00f3 junto con $144.000 en dinero, m\u00e1s la droga, un tel\u00e9fono celular, el cual se va a periciar y nos va a dar m\u00e1s informaci\u00f3n sobre, quiz\u00e1s, qui\u00e9nes son los coautores y para d\u00f3nde iba esta droga\u00bb<\/strong>.<\/p>\n\n\n\n<p><strong>LAS CIFRAS DE LA INCAUTACI\u00d3N:<\/strong><\/p>\n\n\n\n<p>-21 sacos contenedores de 397 paquetes de marihuana elaborada, con un peso de 416 kilos 95 gramos.<\/p>\n\n\n\n<p>-1 saco contenedor de 25 paquetes rectangulares de clorhidrato de coca\u00edna, con un peso de 26 kilos 910 gramos.<\/p>\n\n\n\n<p>-1 saco contenedor 10 paquetes rectangulares de pasta base de coca\u00edna, con un peso de 10 kilos 300 gramos.<\/p>\n","protected":false},"excerpt":{"rendered":"<p>Estrategia de fiscalizaci\u00f3n en terreno y despliegue de los carabineros especializados antidrogas fueron clave para el multimillonario decomiso que comenz\u00f3 en Los Vilos y concluy\u00f3 en Coquimbo. Lo que comenz\u00f3 como una fiscalizaci\u00f3n rutinaria en terreno, termin\u00f3 convirti\u00e9ndose en el decomiso m\u00e1s alto de droga procesada en la historia de Carabineros en la regi\u00f3n de &#8230;<\/p>\n","protected":false},"author":2,"featured_media":11643,"comment_status":"open","ping_status":"open","sticky":false,"template":"","format":"standard","meta":{"footnotes":""},"categories":[6],"tags":[],"class_list":["post-11642","post","type-post","status-publish","format-standard","has-post-thumbnail","hentry","category-regionales"],"_links":{"self":[{"href":"https:\/\/www.radiolimari.cl\/index.php?rest_route=\/wp\/v2\/posts\/11642","targetHints":{"allow":["GET"]}}],"collection":[{"href":"https:\/\/www.radiolimari.cl\/index.php?rest_route=\/wp\/v2\/posts"}],"about":[{"href":"https:\/\/www.radiolimari.cl\/index.php?rest_route=\/wp\/v2\/types\/post"}],"author":[{"embeddable":true,"href":"https:\/\/www.radiolimari.cl\/index.php?rest_route=\/wp\/v2\/users\/2"}],"replies":[{"embeddable":true,"href":"https:\/\/www.radiolimari.cl\/index.php?rest_route=%2Fwp%2Fv2%2Fcomments&post=11642"}],"version-history":[{"count":1,"href":"https:\/\/www.radiolimari.cl\/index.php?rest_route=\/wp\/v2\/posts\/11642\/revisions"}],"predecessor-version":[{"id":11644,"href":"https:\/\/www.radiolimari.cl\/index.php?rest_route=\/wp\/v2\/posts\/11642\/revisions\/11644"}],"wp:featuredmedia":[{"embeddable":true,"href":"https:\/\/www.radiolimari.cl\/index.php?rest_route=\/wp\/v2\/media\/11643"}],"wp:attachment":[{"href":"https:\/\/www.radiolimari.cl\/index.php?rest_route=%2Fwp%2Fv2%2Fmedia&parent=11642"}],"wp:term":[{"taxonomy":"category","embeddable":true,"href":"https:\/\/www.radiolimari.cl\/index.php?rest_route=%2Fwp%2Fv2%2Fcategories&post=11642"},{"taxonomy":"post_tag","embeddable":true,"href":"https:\/\/www.radiolimari.cl\/index.php?rest_route=%2Fwp%2Fv2%2Ftags&post=11642"}],"curies":[{"name":"wp","href":"https:\/\/api.w.org\/{rel}","templated":true}]}}