{"id":11639,"date":"2024-07-27T23:28:35","date_gmt":"2024-07-27T23:28:35","guid":{"rendered":"https:\/\/www.radiolimari.cl\/?p=11639"},"modified":"2024-07-27T23:28:36","modified_gmt":"2024-07-27T23:28:36","slug":"en-la-comuna-de-monte-patria-vecinos-de-la-localidad-de-el-maqui-en-rio-mostazal-inauguran-historico-mejoramiento-en-su-estacion-medico-rural","status":"publish","type":"post","link":"https:\/\/www.radiolimari.cl\/?p=11639","title":{"rendered":"En la comuna de Monte Patria vecinos de la localidad de El Maqui en R\u00edo Mostazal inauguran hist\u00f3rico mejoramiento en su Estaci\u00f3n M\u00e9dico Rural."},"content":{"rendered":"\n<figure class=\"wp-block-image size-large\"><a href=\"https:\/\/www.radiolimari.cl\/wp-content\/uploads\/2024\/07\/6_INAUGURACION-ESTACION-MEDICO-RURAL-EL-MAQUI_11-scaled.jpg\"><img fetchpriority=\"high\" decoding=\"async\" width=\"1024\" height=\"683\" src=\"https:\/\/www.radiolimari.cl\/wp-content\/uploads\/2024\/07\/6_INAUGURACION-ESTACION-MEDICO-RURAL-EL-MAQUI_11-1024x683.jpg\" alt=\"\" class=\"wp-image-11640\" srcset=\"https:\/\/www.radiolimari.cl\/wp-content\/uploads\/2024\/07\/6_INAUGURACION-ESTACION-MEDICO-RURAL-EL-MAQUI_11-1024x683.jpg 1024w, https:\/\/www.radiolimari.cl\/wp-content\/uploads\/2024\/07\/6_INAUGURACION-ESTACION-MEDICO-RURAL-EL-MAQUI_11-300x200.jpg 300w, https:\/\/www.radiolimari.cl\/wp-content\/uploads\/2024\/07\/6_INAUGURACION-ESTACION-MEDICO-RURAL-EL-MAQUI_11-768x512.jpg 768w, https:\/\/www.radiolimari.cl\/wp-content\/uploads\/2024\/07\/6_INAUGURACION-ESTACION-MEDICO-RURAL-EL-MAQUI_11-1536x1024.jpg 1536w, https:\/\/www.radiolimari.cl\/wp-content\/uploads\/2024\/07\/6_INAUGURACION-ESTACION-MEDICO-RURAL-EL-MAQUI_11-2048x1365.jpg 2048w\" sizes=\"(max-width: 1024px) 100vw, 1024px\" \/><\/a><\/figure>\n\n\n\n<p><strong><em>El centro asistencial rural reabri\u00f3 sus puertas tras una significativa remodelaci\u00f3n, marcando un paso crucial en la mejora de la atenci\u00f3n de salud en el R\u00edo Mostazal.<\/em><\/strong><strong><em><\/em><\/strong><\/p>\n\n\n\n<p>Entre poes\u00eda y cueca se realiz\u00f3 la ceremonia de inauguraci\u00f3n del mejoramiento en la Estaci\u00f3n M\u00e9dico Rural El Maqui, un hito crucial para la atenci\u00f3n de salud del R\u00edo Mostazal el cual llega previo a la Inauguraci\u00f3n del esperado nuevo Centro de Salud Familiar del sector de Car\u00e9n, para as\u00ed apoyar el trabajo cl\u00ednico en terreno.<\/p>\n\n\n\n<p>Con un monto de $6.000.000, se realizaron trabajos de mantenci\u00f3n y remodelaci\u00f3n del centro asistencial rural, entregando as\u00ed a la comunidad y funcionarios de Cesfam Car\u00e9n una instalaci\u00f3n remodelada en mobiliario, pintura completa al interior y exterior del establecimiento, reparaci\u00f3n de los muros y cambio en el piso flotante, adem\u00e1s de la instalaci\u00f3n de canaletas de aguas lluvias, luminaria perimetral y limpieza de \u00e1rboles, desmalezado y todo su alrededor.<\/p>\n\n\n\n<p>Para el alcalde Cristian Herrera Pe\u00f1a estos trabajos significan avance en infraestructura y calidad de vida, adem\u00e1s de responder al compromiso previamente asumido con la comunidad de El Maqui y Pampa Grande <strong><em>\u201cQuer\u00edamos que los vecinos se hicieran parte y vieran como hab\u00edan quedado los mejoramientos en su estaci\u00f3n m\u00e9dico rural aqu\u00ed en El Maqui porque esto surge de ellos, una necesidad que plantearon en una reuni\u00f3n que mantuvimos con la comunidad, con el jefe de Cesfam, con el jefe del Departamento de Salud donde ellos planteaban que era necesario modernizar la posta que ten\u00edan para poder tambi\u00e9n adem\u00e1s toma de ex\u00e1menes en el sector y eso lo estamos haciendo. Y estamos contentos porque estamos llegando con soluciones a los distintos sectores, distintos puntos de nuestra comuna. Hoy la estaci\u00f3n m\u00e9dico rural cambi\u00f3 el piso, est\u00e1 con mobiliario nuevo, est\u00e1 pintada interna y externamente, la verdad es que es otra posta y que le entrega dignidad a la atenci\u00f3n de salud que se da aqu\u00ed en tambi\u00e9n en El Maqui\u201d<\/em><\/strong>, se\u00f1al\u00f3 el edil<strong><em>.<\/em><\/strong><\/p>\n\n\n\n<p>As\u00ed tambi\u00e9n, Jorge Mu\u00f1oz Campusano, presidente de la Junta de Vecinos de El Maqui y director del Consejo Consultivo de El Mait\u00e9n &#8211; El Maqui, se\u00f1al\u00f3 <strong><em>\u201cEstoy muy contento por la participaci\u00f3n igual de los vecinos que pudieron asistir a esta obra que fueron ellos mismos quienes en una reuni\u00f3n se lo presentaron al alcalde don Cristi\u00e1n, que se haya cumplido en muy poco tiempo y que hoy vemos realizada como qued\u00f3 nuestra Estaci\u00f3n M\u00e9dico Rural El Maqui de bonita\u201d.<\/em><\/strong><\/p>\n\n\n\n<p>En esta instancia ceremonial, dos personas mayores vecinas de El Maqui y Las Bandurrias deleitaron a los presentes con poes\u00eda. Una de ellas es Angelita Ramos, quien manifest\u00f3 <strong><em>\u201cEsto eran puros terrenos, piedras, todo fangoso, primero lleg\u00f3 la sede social, el colegio, la luz el\u00e9ctrica, el agua potable, despu\u00e9s tuvimos carretera porque era todo as\u00ed a lo bruto. Gracias a Dios y las autoridades que se han preocupado, a la Junta de Vecinos con Jorge, nuestro l\u00edder aqu\u00ed en El Maqui\u201d.<\/em><\/strong> Posteriormente, unas parejas de estudiantes de sexto b\u00e1sico de la Escuela Santa Bernardita de Pedregal hicieron disfrutar a los presentes de unos bellos pies de cueca antes del corte de cinta inaugural.<\/p>\n\n\n\n<p>Cabe destacar que los trabajos en la comuna no han finalizado, ya inaugurado el mejoramiento de EMR Huanilla y El Maqui, los maestros del Departamento de Salud Municipal trabajar\u00e1n en la Posta de Tulahu\u00e9n y posteriormente en la EMR El Tome Alto, compromiso asumido para que cada sector se beneficie en mejoras concretas y tangibles.<\/p>\n","protected":false},"excerpt":{"rendered":"<p>El centro asistencial rural reabri\u00f3 sus puertas tras una significativa remodelaci\u00f3n, marcando un paso crucial en la mejora de la atenci\u00f3n de salud en el R\u00edo Mostazal. Entre poes\u00eda y cueca se realiz\u00f3 la ceremonia de inauguraci\u00f3n del mejoramiento en la Estaci\u00f3n M\u00e9dico Rural El Maqui, un hito crucial para la atenci\u00f3n de salud del &#8230;<\/p>\n","protected":false},"author":2,"featured_media":11640,"comment_status":"open","ping_status":"open","sticky":false,"template":"","format":"standard","meta":{"footnotes":""},"categories":[3],"tags":[],"class_list":["post-11639","post","type-post","status-publish","format-standard","has-post-thumbnail","hentry","category-actualidad"],"_links":{"self":[{"href":"https:\/\/www.radiolimari.cl\/index.php?rest_route=\/wp\/v2\/posts\/11639","targetHints":{"allow":["GET"]}}],"collection":[{"href":"https:\/\/www.radiolimari.cl\/index.php?rest_route=\/wp\/v2\/posts"}],"about":[{"href":"https:\/\/www.radiolimari.cl\/index.php?rest_route=\/wp\/v2\/types\/post"}],"author":[{"embeddable":true,"href":"https:\/\/www.radiolimari.cl\/index.php?rest_route=\/wp\/v2\/users\/2"}],"replies":[{"embeddable":true,"href":"https:\/\/www.radiolimari.cl\/index.php?rest_route=%2Fwp%2Fv2%2Fcomments&post=11639"}],"version-history":[{"count":1,"href":"https:\/\/www.radiolimari.cl\/index.php?rest_route=\/wp\/v2\/posts\/11639\/revisions"}],"predecessor-version":[{"id":11641,"href":"https:\/\/www.radiolimari.cl\/index.php?rest_route=\/wp\/v2\/posts\/11639\/revisions\/11641"}],"wp:featuredmedia":[{"embeddable":true,"href":"https:\/\/www.radiolimari.cl\/index.php?rest_route=\/wp\/v2\/media\/11640"}],"wp:attachment":[{"href":"https:\/\/www.radiolimari.cl\/index.php?rest_route=%2Fwp%2Fv2%2Fmedia&parent=11639"}],"wp:term":[{"taxonomy":"category","embeddable":true,"href":"https:\/\/www.radiolimari.cl\/index.php?rest_route=%2Fwp%2Fv2%2Fcategories&post=11639"},{"taxonomy":"post_tag","embeddable":true,"href":"https:\/\/www.radiolimari.cl\/index.php?rest_route=%2Fwp%2Fv2%2Ftags&post=11639"}],"curies":[{"name":"wp","href":"https:\/\/api.w.org\/{rel}","templated":true}]}}