{"id":11636,"date":"2024-07-27T23:19:00","date_gmt":"2024-07-27T23:19:00","guid":{"rendered":"https:\/\/www.radiolimari.cl\/?p=11636"},"modified":"2024-07-27T23:19:02","modified_gmt":"2024-07-27T23:19:02","slug":"exitoso-seminario-sobre-medio-ambiente-resiliencia-y-cambio-climatico","status":"publish","type":"post","link":"https:\/\/www.radiolimari.cl\/?p=11636","title":{"rendered":"Exitoso seminario sobre medio ambiente, resiliencia y cambio clim\u00e1tico."},"content":{"rendered":"\n<figure class=\"wp-block-image size-large\"><a href=\"https:\/\/www.radiolimari.cl\/wp-content\/uploads\/2024\/07\/F3-Seminario-Habla-Educador-2024-scaled.jpg\"><img fetchpriority=\"high\" decoding=\"async\" width=\"1024\" height=\"768\" src=\"https:\/\/www.radiolimari.cl\/wp-content\/uploads\/2024\/07\/F3-Seminario-Habla-Educador-2024-1024x768.jpg\" alt=\"\" class=\"wp-image-11637\" srcset=\"https:\/\/www.radiolimari.cl\/wp-content\/uploads\/2024\/07\/F3-Seminario-Habla-Educador-2024-1024x768.jpg 1024w, https:\/\/www.radiolimari.cl\/wp-content\/uploads\/2024\/07\/F3-Seminario-Habla-Educador-2024-300x225.jpg 300w, https:\/\/www.radiolimari.cl\/wp-content\/uploads\/2024\/07\/F3-Seminario-Habla-Educador-2024-768x576.jpg 768w, https:\/\/www.radiolimari.cl\/wp-content\/uploads\/2024\/07\/F3-Seminario-Habla-Educador-2024-1536x1152.jpg 1536w, https:\/\/www.radiolimari.cl\/wp-content\/uploads\/2024\/07\/F3-Seminario-Habla-Educador-2024-2048x1536.jpg 2048w\" sizes=\"(max-width: 1024px) 100vw, 1024px\" \/><\/a><\/figure>\n\n\n\n<p>En el encuentro los asistentes pudieron establecer v\u00ednculos entre distintas instituciones buscando colaboraci\u00f3n y alianzas estrat\u00e9gicas que permitan abordar el desaf\u00edo regional de adaptaci\u00f3n y mitigaci\u00f3n del cambio clim\u00e1tico.<\/p>\n\n\n\n<p>M\u00e1s de un centenar de personas asistieron del \u00e1mbito educativo universitario, sector privado y ONGs participaron en la XVI versi\u00f3n del seminario Habla Educador de la Regi\u00f3n de Coquimbo organizado por la Mesa de Educaci\u00f3n para la Sustentabilidad (Mesa EDS) coordinado por la SEREMI del Medio Ambiente en la Biblioteca Regional Gabriela Mistral de La Serena.<\/p>\n\n\n\n<p>Durante la jornada de ayer (jueves) expusieron diversos especialistas que abordaron temas tan relevantes como: agua y resiliencia; acciones para la adaptaci\u00f3n y mitigaci\u00f3n ante el cambio clim\u00e1tico; experiencias de aprendizaje en Aula; Gesti\u00f3n institucional y la educaci\u00f3n ambiental; nueva norma lum\u00ednica; recursos h\u00eddricos no convencionales, entre otros temas.<\/p>\n\n\n\n<p>La mesa interdisciplinaria est\u00e1 formada por:&nbsp; SEREMI de Educaci\u00f3n, JUNJI, SEREMI del Medio Ambiente, CONAF, PAR Explora Coquimbo &#8211; CAZALAC, CEAZA, Museo del Limar\u00ed, Biblioteca Regional Gabriela Mistral, Fundaci\u00f3n para la Superaci\u00f3n de la Pobreza, AIEP de la Universidad de Andr\u00e9s Bello, Universidad de La Serena, Universidad Cat\u00f3lica del Norte, Universidad Central, NOIRLab y Observatorio AURA. Esta entidad regional ha sido y es un elemento facilitador para lograr los Objetivos de Desarrollo Sostenible (ODS) de la ONU.<\/p>\n\n\n\n<p>Al respecto, el Seremi del Medio Ambiente Leonardo Gros destac\u00f3 que \u201ceste encuentro entrega nuevas herramientas para que, quienes trabajan en educaci\u00f3n ambiental, puedan cumplir con los objetivos acad\u00e9micos y pedag\u00f3gicos que persiguen.\u201d Se\u00f1al\u00f3 adem\u00e1s que \u201cesta es una oportunidad para aprender y sensibilizar sobre la gran problem\u00e1tica del cambio clim\u00e1tico y ver c\u00f3mo, de manera colectiva, abordaremos estas tem\u00e1ticas.\u201d<\/p>\n\n\n\n<p><strong>Impacto clim\u00e1tico<\/strong><\/p>\n\n\n\n<p>La charla inaugural fue dictada por el Doctor en Ecoclimatolog\u00eda, \u00c1lvaro Salazar de la Vicerrector\u00eda de Investigaci\u00f3n y postgrado de la Universidad de La Serena, quien ha desarrollado importantes estudios sobre modelamiento clim\u00e1tico, l\u00ednea base de fauna, flora, vegetaci\u00f3n, paisaje y as\u00ed como los efectos de la deforestaci\u00f3n, entre otros. En este sentido, el cient\u00edfico explic\u00f3 que \u201cdimos a conocer a los asistentes los resultados de un estudio relacionado con modelamiento de alta resoluci\u00f3n del clima futuro de la regi\u00f3n de Coquimbo. Las principales conclusiones fueron que el modelo de alta resoluci\u00f3n permite evaluar con mayor detalle, los efectos y las diferencias de este impacto clim\u00e1tico sobre las distintas localidades y comunas dentro de la regi\u00f3n\u201d.<\/p>\n\n\n\n<p><strong>Jornada de trabajo<\/strong><\/p>\n\n\n\n<p>A partir de las 11 horas se realizaron 8 charlas, 7 talleres, un conversatorio sobre la problem\u00e1ticas ambientales en la regi\u00f3n, una feria sobre desarrollo y sustentabilidad y el relanzamiento del libro \u201cEl ratoncito topo y sus amigos juegan en el bosque\u201d.<\/p>\n\n\n\n<p>Los participantes manifestaron su complacencia por la calidad de los temas expuestos. Para Yolanda Rojas, profesora del colegio El Ingenio de Ovalle, especific\u00f3 \u201cfue un seminario muy completo, aprend\u00ed bastante, abord\u00f3 temas atingentes y necesarios especialmente la situaci\u00f3n de escasez y de los riesgos a que estamos expuestos y se mostr\u00f3 la importancia de la educaci\u00f3n ambiental. Lo que m\u00e1s me llam\u00f3 la atenci\u00f3n -continu\u00f3- fue la diversidad de miradas cient\u00edficas, pol\u00edticas, educativas, que est\u00e1n encaminadas hacia el bien com\u00fan de enfrentar los desaf\u00edos del cambio clim\u00e1tico. Esto viene para el futuro donde ya estamos viviendo las consecuencias\u201d.<\/p>\n\n\n\n<p>Asimismo, Johana Tamayo Educadora de Lenguas Ind\u00edgenas del \u201cJard\u00edn Tesoros del Bosque\u201d de Coquimbo manifest\u00f3 \u201ceste es mi segundo a\u00f1o de participaci\u00f3n que nos enriquece, porque nos muestra lo que va a ocurrir en el futuro en materia clim\u00e1tica. Por lo tanto, como educadores que trabajamos con la primera infancia nos sirve mucho esta informaci\u00f3n y experiencia para entreg\u00e1rsela a los ni\u00f1os, porque ellos son el futuro.\u201d<\/p>\n\n\n\n<p>Finalmente, Marcela Past\u00e9n del \u00e1rea vinculaci\u00f3n con el medio de la Userena inform\u00f3 que su asistencia forma partedel compromiso con el desarrollo sustentable del Consorcio de Universidades del Estado de Chile (CUECH), declarando que \u201cnosotros nos unimos a la Mesa de Educaci\u00f3n para la Sustentabilidad, para entregar conocimientos pedag\u00f3gicos, ense\u00f1ar c\u00f3mo funciona el medio ambiente con la naturaleza, entregando herramientas necesarias para que los profesores y profesoras puedan actualizar sus conocimientos y aplicarlos en sus aulas.\u00bb<\/p>\n","protected":false},"excerpt":{"rendered":"<p>En el encuentro los asistentes pudieron establecer v\u00ednculos entre distintas instituciones buscando colaboraci\u00f3n y alianzas estrat\u00e9gicas que permitan abordar el desaf\u00edo regional de adaptaci\u00f3n y mitigaci\u00f3n del cambio clim\u00e1tico. M\u00e1s de un centenar de personas asistieron del \u00e1mbito educativo universitario, sector privado y ONGs participaron en la XVI versi\u00f3n del seminario Habla Educador de la &#8230;<\/p>\n","protected":false},"author":2,"featured_media":11637,"comment_status":"open","ping_status":"open","sticky":false,"template":"","format":"standard","meta":{"footnotes":""},"categories":[6],"tags":[],"class_list":["post-11636","post","type-post","status-publish","format-standard","has-post-thumbnail","hentry","category-regionales"],"_links":{"self":[{"href":"https:\/\/www.radiolimari.cl\/index.php?rest_route=\/wp\/v2\/posts\/11636","targetHints":{"allow":["GET"]}}],"collection":[{"href":"https:\/\/www.radiolimari.cl\/index.php?rest_route=\/wp\/v2\/posts"}],"about":[{"href":"https:\/\/www.radiolimari.cl\/index.php?rest_route=\/wp\/v2\/types\/post"}],"author":[{"embeddable":true,"href":"https:\/\/www.radiolimari.cl\/index.php?rest_route=\/wp\/v2\/users\/2"}],"replies":[{"embeddable":true,"href":"https:\/\/www.radiolimari.cl\/index.php?rest_route=%2Fwp%2Fv2%2Fcomments&post=11636"}],"version-history":[{"count":1,"href":"https:\/\/www.radiolimari.cl\/index.php?rest_route=\/wp\/v2\/posts\/11636\/revisions"}],"predecessor-version":[{"id":11638,"href":"https:\/\/www.radiolimari.cl\/index.php?rest_route=\/wp\/v2\/posts\/11636\/revisions\/11638"}],"wp:featuredmedia":[{"embeddable":true,"href":"https:\/\/www.radiolimari.cl\/index.php?rest_route=\/wp\/v2\/media\/11637"}],"wp:attachment":[{"href":"https:\/\/www.radiolimari.cl\/index.php?rest_route=%2Fwp%2Fv2%2Fmedia&parent=11636"}],"wp:term":[{"taxonomy":"category","embeddable":true,"href":"https:\/\/www.radiolimari.cl\/index.php?rest_route=%2Fwp%2Fv2%2Fcategories&post=11636"},{"taxonomy":"post_tag","embeddable":true,"href":"https:\/\/www.radiolimari.cl\/index.php?rest_route=%2Fwp%2Fv2%2Ftags&post=11636"}],"curies":[{"name":"wp","href":"https:\/\/api.w.org\/{rel}","templated":true}]}}