{"id":11626,"date":"2024-07-26T14:46:18","date_gmt":"2024-07-26T14:46:18","guid":{"rendered":"https:\/\/www.radiolimari.cl\/?p=11626"},"modified":"2024-07-26T14:46:19","modified_gmt":"2024-07-26T14:46:19","slug":"en-el-hospital-provincial-antonio-tirado-lanas-de-ovalle-se-inauguran-modulos-de-voluntariados-de-las-damas-de-rosado-y-blanco","status":"publish","type":"post","link":"https:\/\/www.radiolimari.cl\/?p=11626","title":{"rendered":"En el Hospital Provincial \u00abAntonio Tirado Lanas\u00bb de Ovalle se inauguran m\u00f3dulos de voluntariados de las Damas de Rosado y Blanco."},"content":{"rendered":"\n<figure class=\"wp-block-image size-large\"><a href=\"https:\/\/www.radiolimari.cl\/wp-content\/uploads\/2024\/07\/Inaguracio\u0301n-mo\u0301dulos-voluntariado-Hospital-de-Ovalle-2-scaled.jpg\"><img fetchpriority=\"high\" decoding=\"async\" width=\"1024\" height=\"768\" src=\"https:\/\/www.radiolimari.cl\/wp-content\/uploads\/2024\/07\/Inaguracio\u0301n-mo\u0301dulos-voluntariado-Hospital-de-Ovalle-2-1024x768.jpg\" alt=\"\" class=\"wp-image-11627\" srcset=\"https:\/\/www.radiolimari.cl\/wp-content\/uploads\/2024\/07\/Inaguracio\u0301n-mo\u0301dulos-voluntariado-Hospital-de-Ovalle-2-1024x768.jpg 1024w, https:\/\/www.radiolimari.cl\/wp-content\/uploads\/2024\/07\/Inaguracio\u0301n-mo\u0301dulos-voluntariado-Hospital-de-Ovalle-2-300x225.jpg 300w, https:\/\/www.radiolimari.cl\/wp-content\/uploads\/2024\/07\/Inaguracio\u0301n-mo\u0301dulos-voluntariado-Hospital-de-Ovalle-2-768x576.jpg 768w, https:\/\/www.radiolimari.cl\/wp-content\/uploads\/2024\/07\/Inaguracio\u0301n-mo\u0301dulos-voluntariado-Hospital-de-Ovalle-2-1536x1152.jpg 1536w, https:\/\/www.radiolimari.cl\/wp-content\/uploads\/2024\/07\/Inaguracio\u0301n-mo\u0301dulos-voluntariado-Hospital-de-Ovalle-2-2048x1536.jpg 2048w\" sizes=\"(max-width: 1024px) 100vw, 1024px\" \/><\/a><\/figure>\n\n\n\n<p>Con un emotivo acto, se realiz\u00f3 un tradicional corte de cinta de los nuevos espacios de las agrupaciones de acompa\u00f1amiento espiritual. Este proyecto, era una deuda pendiente desde el traslado del antiguo hospital a las nuevas dependencias, sin embargo, en marzo de 2023 se dio el primer paso con la apertura del m\u00f3dulo de atenci\u00f3n de las Damas de Rojo.<\/p>\n\n\n\n<p>En la ocasi\u00f3n, el director del nosocomio ovallino, Leopoldo Oyaneder, destac\u00f3 que \u00abestos nuevos espacios no s\u00f3lo representan una mejora en la infraestructura, sino tambi\u00e9n un fortalecimiento del apoyo emocional y espiritual que ofrecemos a nuestra comunidad\u00bb.<\/p>\n\n\n\n<p>Al respecto, la representante del directorio nacional de las Damas de Blanco, Ada L\u00f3pez, se\u00f1al\u00f3 que \u201ces un logro, es una respuesta a nuestras oraciones, estamos muy contentas y por sobre todas las cosas agradecidas de Dios\u201d.<\/p>\n\n\n\n<p>En la misma l\u00ednea, la relacionadora p\u00fablica del voluntariado Damas de Rosado, Sandra Vega, coment\u00f3 que \u201cpara nosotras es una fecha que va a quedar grabada a fuego en nuestro coraz\u00f3n, porque es una promesa que se nos hizo en reiteradas oportunidades con distintas direcciones\u201d.<\/p>\n\n\n\n<p><strong>Labor social altruista<\/strong><\/p>\n\n\n\n<p>Las Damas de Rosado, comenzaron su labor en 1990 como parte de la obra de servicio de la Iglesia Adventista del S\u00e9ptimo D\u00eda, han sido pioneras en brindar apoyo hospitalario. Con un equipo de 15 voluntarias rotativas, ofrecen asistencia alimentaria y apoyo espiritual a los pacientes, llevando palabras de esperanza y aliento en momentos dif\u00edciles.<\/p>\n\n\n\n<p>Por su parte, Las Damas de Blanco, con 22 a\u00f1os de presencia en Ovalle y pertenecientes a la Iglesia Evang\u00e9lica, realizan visitas a los enfermos hospitalizados, proporcionando consuelo y \u00e1nimo.<\/p>\n\n\n\n<p>Ambas organizaciones no solo apoyan a los pacientes, sino tambi\u00e9n a sus familias, entreg\u00e1ndoles \u00fatiles de aseo personal y son una gu\u00eda espiritual.<\/p>\n\n\n\n<p>Con esta iniciativa, el Hospital ratifica su misi\u00f3n de proporcionar un entorno de cuidado integral, donde el apoyo espiritual y emocional es fundamental en la atenci\u00f3n y recuperaci\u00f3n m\u00e9dica. &nbsp;<br><\/p>\n","protected":false},"excerpt":{"rendered":"<p>Con un emotivo acto, se realiz\u00f3 un tradicional corte de cinta de los nuevos espacios de las agrupaciones de acompa\u00f1amiento espiritual. Este proyecto, era una deuda pendiente desde el traslado del antiguo hospital a las nuevas dependencias, sin embargo, en marzo de 2023 se dio el primer paso con la apertura del m\u00f3dulo de atenci\u00f3n &#8230;<\/p>\n","protected":false},"author":2,"featured_media":11627,"comment_status":"open","ping_status":"open","sticky":false,"template":"","format":"standard","meta":{"footnotes":""},"categories":[5],"tags":[],"class_list":["post-11626","post","type-post","status-publish","format-standard","has-post-thumbnail","hentry","category-actualidad-limarina"],"_links":{"self":[{"href":"https:\/\/www.radiolimari.cl\/index.php?rest_route=\/wp\/v2\/posts\/11626","targetHints":{"allow":["GET"]}}],"collection":[{"href":"https:\/\/www.radiolimari.cl\/index.php?rest_route=\/wp\/v2\/posts"}],"about":[{"href":"https:\/\/www.radiolimari.cl\/index.php?rest_route=\/wp\/v2\/types\/post"}],"author":[{"embeddable":true,"href":"https:\/\/www.radiolimari.cl\/index.php?rest_route=\/wp\/v2\/users\/2"}],"replies":[{"embeddable":true,"href":"https:\/\/www.radiolimari.cl\/index.php?rest_route=%2Fwp%2Fv2%2Fcomments&post=11626"}],"version-history":[{"count":1,"href":"https:\/\/www.radiolimari.cl\/index.php?rest_route=\/wp\/v2\/posts\/11626\/revisions"}],"predecessor-version":[{"id":11628,"href":"https:\/\/www.radiolimari.cl\/index.php?rest_route=\/wp\/v2\/posts\/11626\/revisions\/11628"}],"wp:featuredmedia":[{"embeddable":true,"href":"https:\/\/www.radiolimari.cl\/index.php?rest_route=\/wp\/v2\/media\/11627"}],"wp:attachment":[{"href":"https:\/\/www.radiolimari.cl\/index.php?rest_route=%2Fwp%2Fv2%2Fmedia&parent=11626"}],"wp:term":[{"taxonomy":"category","embeddable":true,"href":"https:\/\/www.radiolimari.cl\/index.php?rest_route=%2Fwp%2Fv2%2Fcategories&post=11626"},{"taxonomy":"post_tag","embeddable":true,"href":"https:\/\/www.radiolimari.cl\/index.php?rest_route=%2Fwp%2Fv2%2Ftags&post=11626"}],"curies":[{"name":"wp","href":"https:\/\/api.w.org\/{rel}","templated":true}]}}